{"id":2753,"date":"2026-09-06T03:25:07","date_gmt":"2026-09-06T03:25:07","guid":{"rendered":"https:\/\/contabilidadfamiliar.com\/index.php\/2026\/09\/06\/el-historico-castillo-cordobes-que-hospedo-presidentes-y-que-se-vende-por-us31-millones\/"},"modified":"2026-09-06T03:25:07","modified_gmt":"2026-09-06T03:25:07","slug":"el-historico-castillo-cordobes-que-hospedo-presidentes-y-que-se-vende-por-us31-millones","status":"publish","type":"post","link":"https:\/\/contabilidadfamiliar.com\/index.php\/2026\/09\/06\/el-historico-castillo-cordobes-que-hospedo-presidentes-y-que-se-vende-por-us31-millones\/","title":{"rendered":"El hist\u00f3rico castillo cordob\u00e9s que hosped\u00f3 presidentes y que se vende por u$s3,1 millones"},"content":{"rendered":" \n                                        <p><div class=\"extracted-content\"><div id=\"readability-page-1\" class=\"page\"><article data-td-script-src=\"https:\/\/www.ambito.com\/td\/modulos\/encuestas\/js\/function-embeds-min-version-1788494872.js\"> <p id=\"p-1788649003963-62337\" data-start=\"409\" data-end=\"674\">El <strong data-start=\"412\" data-end=\"430\">Castillo Mandl<\/strong>, una de las construcciones m\u00e1s singulares de las sierras de <strong><a href=\"https:\/\/www.ambito.com\/ambito-nacional\/marcos-juarez-el-kilometro-cero-cambiemos-vota-el-domingo-sellos-nacionales-competencia-n6318780\" target=\"_blank\" rel=\"follow\">C\u00f3rdoba<\/a><\/strong>, volvi\u00f3 al mercado inmobiliario. La propiedad se ofrece por <strong data-start=\"559\" data-end=\"578\"> u$s3,1 millones<\/strong>, unos u$s700.000 menos que el valor solicitado cuando hab\u00eda sido publicada a comienzos de 2023.<\/article><article> <p id=\"p-1788649003963-45821\" data-start=\"676\" data-end=\"936\">La residencia est\u00e1 ubicada en <strong data-start=\"706\" data-end=\"719\">La Cumbre<\/strong>, sobre un cerro situado a unos 1.200 metros de altura. El complejo se extiende sobre casi diez hect\u00e1reas y re\u00fane aproximadamente <strong data-start=\"849\" data-end=\"887\">2.250 metros cuadrados construidos<\/strong>, entre el edificio principal y sus dependencias.<\/article><article><p id=\"p-1788649003963-36219\" data-start=\"938\" data-end=\"1212\"> Adem\u00e1s de sus dimensiones y su arquitectura, el inmueble se distingue por una historia atravesada por la aristocracia europea, la pol\u00edtica argentina y los servicios de inteligencia. Entre sus visitantes estuvieron los expresidentes <strong data-start=\"1170\" data-end=\"1186\">Carlos Menem<\/strong> y <strong data-start=\"1189\" data-end=\"1211\">Fernando de la R\u00faa<\/strong>.<\/article><article> <h2 id=\"p-1788649003963-78375\" data-section-id=\"1t1jyo\" data-start=\"1214\" data-end=\"1245\">El origen del Castillo Mandl<\/h2> <p id=\"p-1788649003963-29780\" data-start=\"1247\" data-end=\"1518\">La construcci\u00f3n comenz\u00f3 hacia finales de la d\u00e9cada de 1920 por iniciativa de <strong data-start=\"1324\" data-end=\"1345\">Bartolom\u00e9 Vasallo<\/strong>, un cirujano rosarino que buscaba una residencia de verano para su familia. El proyecto fue realizado por los arquitectos <strong data-start=\"1468\" data-end=\"1517\">Emilio Maisonnave y Ernesto Mansella y Durand<\/strong>.<\/article><article> <p id=\"p-1788649003963-41304\" data-start=\"1520\" data-end=\"1835\">El edificio ten\u00eda originalmente torres, almenas y otros elementos inspirados en las fortalezas medievales, por lo que fue bautizado como <strong data-start=\"1657\" data-end=\"1675\">\u201cLa Fortaleza\u201d<\/strong>. En 1943, Vasallo intent\u00f3 donarlo a la Municipalidad de La Cumbre y al Gobierno de C\u00f3rdoba, pero la operaci\u00f3n fue rechazada y el inmueble termin\u00f3 en un remate.<\/article><article> <div contenteditable=\"false\" id=\"8274481-Libre-1868259558_wrap\">  <div id=\"p-1788649373973-12060\"><p id=\"p-1788649435784-76193\">La propiedad ocupa casi diez hect\u00e1reas distribuidas en cinco lotes e incluye jardines, piscina, caballerizas y viviendas auxiliares. <\/div> <\/div> <p id=\"p-1788649003963-94990\" data-start=\"1837\" data-end=\"2130\">All\u00ed apareci\u00f3 <strong data-start=\"1851\" data-end=\"1866\">Fritz Mandl<\/strong>, un empresario austr\u00edaco que hab\u00eda construido su fortuna en la industria armament\u00edstica. Tras escapar de una Europa dominada por el nazismo, se instal\u00f3 en la Argentina, donde desarroll\u00f3 nuevos negocios y estableci\u00f3 una relaci\u00f3n cercana con <strong data-start=\"2107\" data-end=\"2129\">Juan Domingo Per\u00f3n<\/strong>. <p id=\"p-1788649003963-64403\" data-start=\"2132\" data-end=\"2308\">Mandl tambi\u00e9n hab\u00eda estado casado con <strong data-start=\"2170\" data-end=\"2185\">Hedy Lamarr<\/strong>, quien posteriormente alcanz\u00f3 la fama como actriz de Hollywood y fue reconocida por sus aportes al desarrollo tecnol\u00f3gico. <h2 id=\"p-1788649003963-32706\" data-section-id=\"1yv1f9q\" data-start=\"2310\" data-end=\"2356\">La transformaci\u00f3n de una fortaleza medieval<\/h2> <p id=\"p-1788649003963-73320\" data-start=\"2358\" data-end=\"2578\">Despu\u00e9s de adquirir la propiedad, Mandl encarg\u00f3 una remodelaci\u00f3n integral al arquitecto h\u00fangaro <strong data-start=\"2454\" data-end=\"2470\">Jorge Kalnay<\/strong>. Las obras se extendieron durante aproximadamente dos a\u00f1os y eliminaron gran parte de la est\u00e9tica medieval. <p id=\"p-1788649003963-70187\" data-start=\"2580\" data-end=\"2848\">El resultado fue una residencia de estilo chalet europeo, con una propuesta moderna para la \u00e9poca. Los interiores incorporaron influencias del dise\u00f1ador franc\u00e9s <strong data-start=\"2741\" data-end=\"2762\">Jean-Michel Frank<\/strong>, piezas asociadas con <strong data-start=\"2785\" data-end=\"2805\">Diego Giacometti<\/strong> y mobiliario elaborado por <strong data-start=\"2833\" data-end=\"2847\">Casa Comte<\/strong>. <p id=\"p-1788649003963-16868\" data-start=\"2850\" data-end=\"3108\">Desde entonces, el castillo recibi\u00f3 a empresarios, pol\u00edticos, militares y miembros de familias aristocr\u00e1ticas europeas. Mandl llev\u00f3 all\u00ed una vida reservada hasta que regres\u00f3 a Europa. Muri\u00f3 en Viena en 1977 y sus herederos dejaron de frecuentar la propiedad. <div contenteditable=\"false\" id=\"8274482-Libre-707800279_wrap\">  <div id=\"p-1788649387196-47066\"><p id=\"p-1788649445125-99716\" data-start=\"282\" data-end=\"431\" data-is-last-node=\"\" data-is-only-node=\"\">La residencia posee 16 dormitorios, amplios salones, comedor para 22 personas y ambientes con pisos y detalles originales. <\/div> <\/div> <h2 id=\"p-1788649003963-92400\" data-section-id=\"w0qb4i\" data-start=\"3110\" data-end=\"3151\">El paso de la SIDE y los expresidentes<\/h2> <p id=\"p-1788649003963-68499\" data-start=\"3153\" data-end=\"3416\">D\u00e9cadas m\u00e1s tarde, uno de los hijos de Mandl lleg\u00f3 a un acuerdo con <strong data-start=\"3221\" data-end=\"3240\">Hugo Anzorreguy<\/strong>, entonces titular de la Secretar\u00eda de Inteligencia del Estado. La SIDE obtuvo el uso del inmueble a cambio de hacerse cargo de su mantenimiento, los impuestos y los servicios. <p id=\"p-1788649003963-42709\" data-start=\"3418\" data-end=\"3613\">Durante esa etapa, el castillo fue utilizado para alojar a dirigentes y funcionarios. Menem pas\u00f3 varias veces por la residencia, mientras que De la R\u00faa tambi\u00e9n permaneci\u00f3 all\u00ed en una oportunidad. <p id=\"p-1788649003963-26160\" data-start=\"3615\" data-end=\"3879\">Otro episodio destacado ocurri\u00f3 en 1990, cuando fueron robadas <strong data-start=\"3678\" data-end=\"3707\">42 obras de arte colonial<\/strong> de los siglos XVI, XVII y XVIII. Trece a\u00f1os despu\u00e9s, Interpol encontr\u00f3 en Espa\u00f1a 13 de esas pinturas en poder de una organizaci\u00f3n dedicada al tr\u00e1fico de bienes culturales. <p id=\"p-1788649003963-65933\" data-start=\"3881\" data-end=\"3993\">En 2006, la familia Mandl concesion\u00f3 la propiedad, que fue restaurada y comenz\u00f3 a funcionar como hotel boutique. <h2 id=\"p-1788649003963-31849\" data-section-id=\"1obbucf\" data-start=\"3995\" data-end=\"4047\">C\u00f3mo es la propiedad ofrecida por u$s3,1 millones<\/h2> <p id=\"p-1788649003963-24378\" data-start=\"4049\" data-end=\"4298\">El complejo est\u00e1 distribuido en cinco lotes que suman cerca de <strong data-start=\"4112\" data-end=\"4140\">100.000 metros cuadrados<\/strong>. Dos se encuentran en la parte superior del camino, donde est\u00e1 emplazado el castillo, mientras que los otros tres se extienden hacia la zona de San Jer\u00f3nimo. <p id=\"p-1788649003963-10530\" data-start=\"4300\" data-end=\"4546\">La casa principal posee tres plantas y <strong data-start=\"4339\" data-end=\"4357\">16 dormitorios<\/strong>: cuatro en la planta baja, nueve en el primer piso y tres en el segundo. Casi todos cuentan con ba\u00f1o privado, adem\u00e1s de ventanales orientados hacia diferentes sectores del paisaje serrano. <p id=\"p-1788649003963-99745\" data-start=\"4548\" data-end=\"4783\">En el nivel principal se encuentran el hall, el bar, dos grandes salones y el comedor. Varios ambientes conservan pisos de m\u00e1rmol o madera, chimeneas en funcionamiento y elementos pertenecientes a las distintas etapas de la residencia. Adem\u00e1s, el comedor posee una mesa realizada a medida con capacidad para 22 personas, ubicada debajo de un candelabro de hierro y la cocina se encuentra dividida en tres sectores, con una bodega en el subsuelo. <p id=\"p-1788649003963-92772\" data-start=\"4984\" data-end=\"5249\">La propiedad tambi\u00e9n incluye una casa de hu\u00e9spedes de aproximadamente <strong data-start=\"5054\" data-end=\"5078\">250 metros cuadrados<\/strong>, dos viviendas para cuidadores, establos para cuatro caballos y un garaje cubierto con capacidad para dos veh\u00edculos. En los terrenos hay adem\u00e1s olivos y \u00e1rboles frutales. <p id=\"p-1788649003963-67143\" data-start=\"5251\" data-end=\"5443\">La piscina fue construida en una zona elevada y separada del edificio principal. Se puede acceder mediante un puente de piedra conectado con el primer piso o a trav\u00e9s de un sendero del jard\u00edn.<\/article><\/div><\/div><\/p>\n                                        \n                                        \n                                        <p>Fuente: <a href=\"https:\/\/www.ambito.com\/negocios\/el-historico-castillo-cordobes-que-hospedo-presidentes-y-que-se-vende-us31-millones-n6318999\">Enlace original<\/a><\/p>\n                                        ","protected":false},"excerpt":{"rendered":"<p>El Castillo Mandl, una de las construcciones m\u00e1s singulares de las sierras de C\u00f3rdoba, volvi\u00f3 al mercado inmobiliario. La propiedad se ofrece por u$s3,1 millones, unos u$s700.000 menos que el valor solicitado cuando hab\u00eda sido publicada a comienzos de 2023. La residencia est\u00e1 ubicada en La Cumbre, sobre un cerro situado a unos 1.200 metros [&hellip;]<\/p>\n","protected":false},"author":1,"featured_media":2752,"comment_status":"open","ping_status":"","sticky":false,"template":"template-ancho-completo.php","format":"standard","meta":{"content-type":"","footnotes":"","jetpack_publicize_message":"","jetpack_publicize_feature_enabled":true,"jetpack_social_post_already_shared":true,"jetpack_social_options":{"image_generator_settings":{"template":"highway","default_image_id":0,"font":"","enabled":false},"version":2}},"categories":[57],"tags":[],"class_list":["post-2753","post","type-post","status-publish","format-standard","has-post-thumbnail","hentry","category-ambitofinanciero"],"aioseo_notices":[],"jetpack_publicize_connections":[],"_links":{"self":[{"href":"https:\/\/contabilidadfamiliar.com\/index.php\/wp-json\/wp\/v2\/posts\/2753","targetHints":{"allow":["GET"]}}],"collection":[{"href":"https:\/\/contabilidadfamiliar.com\/index.php\/wp-json\/wp\/v2\/posts"}],"about":[{"href":"https:\/\/contabilidadfamiliar.com\/index.php\/wp-json\/wp\/v2\/types\/post"}],"author":[{"embeddable":true,"href":"https:\/\/contabilidadfamiliar.com\/index.php\/wp-json\/wp\/v2\/users\/1"}],"replies":[{"embeddable":true,"href":"https:\/\/contabilidadfamiliar.com\/index.php\/wp-json\/wp\/v2\/comments?post=2753"}],"version-history":[{"count":0,"href":"https:\/\/contabilidadfamiliar.com\/index.php\/wp-json\/wp\/v2\/posts\/2753\/revisions"}],"wp:featuredmedia":[{"embeddable":true,"href":"https:\/\/contabilidadfamiliar.com\/index.php\/wp-json\/wp\/v2\/media\/2752"}],"wp:attachment":[{"href":"https:\/\/contabilidadfamiliar.com\/index.php\/wp-json\/wp\/v2\/media?parent=2753"}],"wp:term":[{"taxonomy":"category","embeddable":true,"href":"https:\/\/contabilidadfamiliar.com\/index.php\/wp-json\/wp\/v2\/categories?post=2753"},{"taxonomy":"post_tag","embeddable":true,"href":"https:\/\/contabilidadfamiliar.com\/index.php\/wp-json\/wp\/v2\/tags?post=2753"}],"curies":[{"name":"wp","href":"https:\/\/api.w.org\/{rel}","templated":true}]}}