{"id":2731,"date":"2026-08-30T03:18:02","date_gmt":"2026-08-30T03:18:02","guid":{"rendered":"https:\/\/contabilidadfamiliar.com\/index.php\/2026\/08\/30\/se-demora-la-recuperacion-apuntan-a-una-caida-de-la-actividad-pese-al-motor-energetico\/"},"modified":"2026-08-30T03:18:02","modified_gmt":"2026-08-30T03:18:02","slug":"se-demora-la-recuperacion-apuntan-a-una-caida-de-la-actividad-pese-al-motor-energetico","status":"publish","type":"post","link":"https:\/\/contabilidadfamiliar.com\/index.php\/2026\/08\/30\/se-demora-la-recuperacion-apuntan-a-una-caida-de-la-actividad-pese-al-motor-energetico\/","title":{"rendered":"&#8220;Se demora la recuperaci\u00f3n&#8221;: apuntan a una ca\u00edda de la actividad, pese al motor energ\u00e9tico"},"content":{"rendered":" \n                                        <p><div class=\"extracted-content\"><div id=\"readability-page-1\" class=\"page\"><article data-td-script-src=\"https:\/\/www.ambito.com\/td\/modulos\/encuestas\/js\/function-embeds-min-version-1787976513.js\"> <p id=\"p-1788038056758-76360\" data-start=\"503\" data-end=\"770\">La <strong><a href=\"https:\/\/www.ambito.com\/economia\/la-imagen-javier-milei-y-la-real-dos-luces-amarillas-clave-que-mira-el-mercado-n6315892\" target=\"_blank\" rel=\"follow\">econom\u00eda<\/a><\/strong> volvi\u00f3 a retroceder durante julio y dej\u00f3 atr\u00e1s los avances registrados en los dos meses anteriores. El <strong data-start=\"618\" data-end=\"655\">\u00cdndice General de Actividad (IGA)<\/strong> elaborado por <strong data-start=\"670\" data-end=\"705\">Orlando J. Ferreres &amp; Asociados<\/strong> calcul\u00f3 una contracci\u00f3n mensual desestacionalizada del <strong data-start=\"761\" data-end=\"769\">0,9%<\/strong>.<\/article><article> <p id=\"p-1788038056758-45157\" data-start=\"772\" data-end=\"1031\">En la comparaci\u00f3n interanual, el indicador mostr\u00f3 una suba de apenas <strong data-start=\"841\" data-end=\"849\">0,3%<\/strong>, el mismo porcentaje acumulado durante los primeros siete meses de 2026. El resultado volvi\u00f3 a poner en duda la posibilidad de una mejora sostenida durante la segunda mitad del a\u00f1o.<\/article><article><p id=\"p-1788038056758-37292\" data-start=\"1033\" data-end=\"1254\"> \u201c<strong data-start=\"1034\" data-end=\"1063\">Se demora la recuperaci\u00f3n<\/strong>\u201d, advirti\u00f3 la consultora en el informe, al se\u00f1alar que la econom\u00eda contin\u00faa mostrando \u201cvaivenes\u201d y que el desempe\u00f1o de los sectores m\u00e1s relacionados con la demanda interna todav\u00eda es fr\u00e1gil.<\/article><article> <p id=\"p-1788038056758-44861\" data-start=\"1256\" data-end=\"1514\">Pese al traspi\u00e9 general, ocho de las once ramas relevadas terminaron julio con variaciones interanuales positivas. Los mayores incrementos correspondieron a <strong data-start=\"1413\" data-end=\"1513\">Intermediaci\u00f3n financiera, con un 6,2%; Minas y canteras, con un 5,1%; y Construcci\u00f3n, con un 4%<\/strong>.<\/article><article> <p id=\"p-1788038056758-44140\" data-start=\"1516\" data-end=\"1691\">En el otro extremo se ubicaron el sector agropecuario, que cay\u00f3 <strong data-start=\"1580\" data-end=\"1588\">4,8%<\/strong>, y el Comercio mayorista y minorista, con una baja del <strong data-start=\"1644\" data-end=\"1652\">1,2%<\/strong> respecto del mismo mes del a\u00f1o pasado.<\/article><article> <h2 id=\"p-1788038056758-24974\" data-section-id=\"zugjw7\" data-start=\"1693\" data-end=\"1739\">Vaca Muerta sostuvo el avance de la miner\u00eda<\/h2> <p id=\"p-1788038056758-82975\" data-start=\"1741\" data-end=\"2034\">El principal impulso volvi\u00f3 a provenir de <strong data-start=\"1783\" data-end=\"1803\">Minas y canteras<\/strong>, favorecido por la producci\u00f3n de hidrocarburos de Vaca Muerta. El rubro creci\u00f3 <strong data-start=\"1883\" data-end=\"1911\">5,1% interanual en julio<\/strong> y acumul\u00f3 una expansi\u00f3n del <strong data-start=\"1940\" data-end=\"1949\">11,2%<\/strong> en los primeros siete meses, la mayor entre todas las ramas analizadas por Ferreres. <p id=\"p-1788038056758-96702\" data-start=\"2036\" data-end=\"2219\">Los servicios de <strong data-start=\"2053\" data-end=\"2081\">Electricidad, gas y agua<\/strong> tambi\u00e9n mantuvieron una trayectoria positiva: avanzaron un <strong data-start=\"2141\" data-end=\"2160\">3,6% interanual<\/strong> y acumularon una mejora del <strong data-start=\"2189\" data-end=\"2197\">3,5%<\/strong> en lo que va de 2026. <div contenteditable=\"false\" id=\"7355536-Libre-1020745137_wrap\">  <div id=\"p-1788040096512-11333\"><p id=\"p-1788040892779-61574\">Minas y canteras fue uno de los sectores m\u00e1s din\u00e1micos, impulsado por la producci\u00f3n de Vaca Muerta. El Nuequino<\/div> <\/div> <p id=\"p-1788038056758-21739\" data-start=\"2221\" data-end=\"2593\">La industria manufacturera, en cambio, present\u00f3 se\u00f1ales mixtas. La medici\u00f3n desestacionalizada del IPI-OJF cay\u00f3 <strong data-start=\"2333\" data-end=\"2349\">0,4% mensual<\/strong>, luego del retroceso del 0,2% registrado en junio. Frente a julio del a\u00f1o pasado creci\u00f3 un 0,7%, impulsada por las refiner\u00edas, las industrias met\u00e1licas b\u00e1sicas, la qu\u00edmica y los alimentos, aunque acumula una contracci\u00f3n del <strong data-start=\"2574\" data-end=\"2592\">2,1% en el a\u00f1o<\/strong>. <p id=\"p-1788038056758-17421\" data-start=\"2595\" data-end=\"2891\">El agro tambi\u00e9n interrumpi\u00f3 su desempe\u00f1o favorable. La actividad registr\u00f3 una ca\u00edda interanual del 4,8%, explicada por la menor incidencia de la agricultura durante el tercer trimestre y el mayor peso de la contracci\u00f3n ganadera. Sin embargo, todav\u00eda conserva una expansi\u00f3n acumulada del <strong data-start=\"2882\" data-end=\"2890\">7,1%<\/strong>. <h2 id=\"p-1788038056758-32495\" data-section-id=\"16g7o0z\" data-start=\"2893\" data-end=\"2942\">Otras mediciones reflejaron el freno econ\u00f3mico<\/h2> <p id=\"p-1788038056758-58712\" data-start=\"2944\" data-end=\"3220\">El diagn\u00f3stico de Ferreres coincide con otros relevamientos privados. Un anticipo de <strong data-start=\"3029\" data-end=\"3042\">Equilibra<\/strong> estim\u00f3 para julio una baja mensual desestacionalizada del <strong data-start=\"3101\" data-end=\"3109\">0,5%<\/strong>, que interrumpi\u00f3 el repunte del 0,8% observado en junio. En t\u00e9rminos interanuales calcul\u00f3 una mejora del 0,5%. <p id=\"p-1788038056758-60233\" data-start=\"3222\" data-end=\"3466\">De acuerdo con esa medici\u00f3n, el crecimiento acumulado durante los primeros siete meses estuvo impulsado casi completamente por el <strong data-start=\"3352\" data-end=\"3395\">agro, la miner\u00eda, la energ\u00eda y la pesca<\/strong>, mientras el resto de los sectores permaneci\u00f3 pr\u00e1cticamente estancado. <p id=\"p-1788038056758-8013\" data-start=\"3468\" data-end=\"3748\">La industria tambi\u00e9n ofreci\u00f3 se\u00f1ales de cautela. El \u00edndice elaborado por <strong data-start=\"3541\" data-end=\"3549\">FIEL<\/strong> registr\u00f3 en julio una disminuci\u00f3n interanual del <strong data-start=\"3599\" data-end=\"3607\">1,1%<\/strong> y una baja mensual desestacionalizada del <strong data-start=\"3650\" data-end=\"3658\">1,4%<\/strong>. En los primeros siete meses del a\u00f1o, la producci\u00f3n fabril acumul\u00f3 un retroceso del 0,6%. <p id=\"p-1788038056758-9616\" data-start=\"3750\" data-end=\"4023\">Dentro del sector se profundizaron las diferencias: mientras la actividad automotriz se contrajo un <strong data-start=\"3850\" data-end=\"3859\">18,3%<\/strong> en el acumulado anual, la refinaci\u00f3n de petr\u00f3leo creci\u00f3 un <strong data-start=\"3919\" data-end=\"3927\">9,4%<\/strong>, seguida por las industrias met\u00e1licas b\u00e1sicas, con un 6,4%, y alimentos y bebidas, con un 3,2%. <p id=\"p-1788038056758-18538\" data-start=\"4025\" data-end=\"4245\">El \u00faltimo dato oficial del <strong data-start=\"4052\" data-end=\"4061\">INDEC<\/strong>, correspondiente a junio, hab\u00eda reflejado una mejora del 2,7% interanual y del 0,8% mensual desestacionalizado. La informaci\u00f3n de julio ser\u00e1 publicada el pr\u00f3ximo <strong data-start=\"4224\" data-end=\"4244\">24 de septiembre<\/strong>. <p id=\"p-1788038056758-7703\" data-start=\"4247\" data-end=\"4538\">De cara a los pr\u00f3ximos meses, Ferreres mantuvo su expectativa de una recuperaci\u00f3n gradual, aunque advirti\u00f3 que podr\u00eda tardar m\u00e1s de lo previsto. Por su parte, <strong data-start=\"4406\" data-end=\"4413\">LCG<\/strong> describi\u00f3 una din\u00e1mica de \u201cserrucho\u201d y se\u00f1al\u00f3 que todav\u00eda no aparece un impulso definido para la econom\u00eda en el corto plazo.<\/article><\/div><\/div><\/p>\n                                        \n                                        \n                                        <p>Fuente: <a href=\"https:\/\/www.ambito.com\/economia\/se-demora-la-recuperacion-apuntan-una-caida-la-actividad-pese-al-motor-energetico-n6316280\">Enlace original<\/a><\/p>\n                                        ","protected":false},"excerpt":{"rendered":"<p>La econom\u00eda volvi\u00f3 a retroceder durante julio y dej\u00f3 atr\u00e1s los avances registrados en los dos meses anteriores. El \u00cdndice General de Actividad (IGA) elaborado por Orlando J. Ferreres &amp; Asociados calcul\u00f3 una contracci\u00f3n mensual desestacionalizada del 0,9%. En la comparaci\u00f3n interanual, el indicador mostr\u00f3 una suba de apenas 0,3%, el mismo porcentaje acumulado durante [&hellip;]<\/p>\n","protected":false},"author":1,"featured_media":2730,"comment_status":"open","ping_status":"","sticky":false,"template":"template-ancho-completo.php","format":"standard","meta":{"content-type":"","footnotes":"","jetpack_publicize_message":"","jetpack_publicize_feature_enabled":true,"jetpack_social_post_already_shared":true,"jetpack_social_options":{"image_generator_settings":{"template":"highway","default_image_id":0,"font":"","enabled":false},"version":2}},"categories":[57],"tags":[],"class_list":["post-2731","post","type-post","status-publish","format-standard","has-post-thumbnail","hentry","category-ambitofinanciero"],"aioseo_notices":[],"jetpack_publicize_connections":[],"_links":{"self":[{"href":"https:\/\/contabilidadfamiliar.com\/index.php\/wp-json\/wp\/v2\/posts\/2731","targetHints":{"allow":["GET"]}}],"collection":[{"href":"https:\/\/contabilidadfamiliar.com\/index.php\/wp-json\/wp\/v2\/posts"}],"about":[{"href":"https:\/\/contabilidadfamiliar.com\/index.php\/wp-json\/wp\/v2\/types\/post"}],"author":[{"embeddable":true,"href":"https:\/\/contabilidadfamiliar.com\/index.php\/wp-json\/wp\/v2\/users\/1"}],"replies":[{"embeddable":true,"href":"https:\/\/contabilidadfamiliar.com\/index.php\/wp-json\/wp\/v2\/comments?post=2731"}],"version-history":[{"count":0,"href":"https:\/\/contabilidadfamiliar.com\/index.php\/wp-json\/wp\/v2\/posts\/2731\/revisions"}],"wp:featuredmedia":[{"embeddable":true,"href":"https:\/\/contabilidadfamiliar.com\/index.php\/wp-json\/wp\/v2\/media\/2730"}],"wp:attachment":[{"href":"https:\/\/contabilidadfamiliar.com\/index.php\/wp-json\/wp\/v2\/media?parent=2731"}],"wp:term":[{"taxonomy":"category","embeddable":true,"href":"https:\/\/contabilidadfamiliar.com\/index.php\/wp-json\/wp\/v2\/categories?post=2731"},{"taxonomy":"post_tag","embeddable":true,"href":"https:\/\/contabilidadfamiliar.com\/index.php\/wp-json\/wp\/v2\/tags?post=2731"}],"curies":[{"name":"wp","href":"https:\/\/api.w.org\/{rel}","templated":true}]}}