{"id":2691,"date":"2026-08-20T03:01:41","date_gmt":"2026-08-20T03:01:41","guid":{"rendered":"https:\/\/contabilidadfamiliar.com\/index.php\/2026\/08\/20\/exportaciones-brotan-los-primeros-efectos-de-los-acuerdos-con-eeuu-y-la-ue-con-la-carne-como-producto-estrella\/"},"modified":"2026-08-20T03:01:41","modified_gmt":"2026-08-20T03:01:41","slug":"exportaciones-brotan-los-primeros-efectos-de-los-acuerdos-con-eeuu-y-la-ue-con-la-carne-como-producto-estrella","status":"publish","type":"post","link":"https:\/\/contabilidadfamiliar.com\/index.php\/2026\/08\/20\/exportaciones-brotan-los-primeros-efectos-de-los-acuerdos-con-eeuu-y-la-ue-con-la-carne-como-producto-estrella\/","title":{"rendered":"Exportaciones: brotan los primeros efectos de los acuerdos con EEUU y la UE, con la carne como producto estrella"},"content":{"rendered":" \n                                        <p><div class=\"extracted-content\"><div id=\"readability-page-1\" class=\"page\"><article> <p id=\"p-1787177830343-99306\"><strong>En el segundo trimestre de 2026, las exportaciones argentinas crecieron un 30% respecto del mismo per\u00edodo del a\u00f1o pasado. <\/strong>Para <strong>Gerardo Alonso Schwarz<\/strong>, Economista Jefe del <strong>IERAL<\/strong> NEA, esto fue consecuencia de un combo que incluy\u00f3 factores sectoriales, factores internacionales y medidas generales de simplificaci\u00f3n del comercio exterior, que &#8220;contribuyeron a reducir los costos de transacci\u00f3n, los tiempos de abastecimiento de insumos clave para la producci\u00f3n y los costos log\u00edsticos y administrativos mientras increment\u00f3 los m\u00e1rgenes de rentabilidad a las producciones del interior&#8221;.<\/article><article><p id=\"p-1787177974549-27166\"> Sin embargo, tambi\u00e9n percibi\u00f3 algunos efectos de los recientes acuerdos comerciales firmados por el Gobierno. En cuanto al<strong> trato con EEUU<\/strong>, el especialista explic\u00f3 que, si bien todav\u00eda no entr\u00f3 en vigencia, en el mismo se &#8220;<strong>incluy\u00f3 un incremento de cuota de importaciones norteamericanas de carne bovina<\/strong> argentina que se formaliz\u00f3 a trav\u00e9s de otro instrumento (una proclama ejecutiva del presidente de Estados Unidos) <strong>de aplicaci\u00f3n inmediata<\/strong>&#8220;.<\/article><article> <h2 id=\"p-1787182456906-79449\">El boom de las exportaciones de carne hacia EEUU<\/h2> <p id=\"p-1787178149510-26288\">En ese sentido, detall\u00f3 que, durante los primeros seis meses de 2026, las ventas argentinas a Estados Unidos de \u201cCarne Bovina Congelada\u201d se incrementaron un 175% (<strong>+u$s193 millones<\/strong>) y las de \u201cCarne Bovina Refrigerada\u201d registraron un incremento de 122% <strong>(+u$s48 millones<\/strong>).<\/article><article> <p id=\"p-1787178477295-23522\">En la misma l\u00ednea, <strong>Federico Bernini<\/strong>, economista del Instituto Interdisciplinario de Econom\u00eda Pol\u00edtica (IIEP) de la <strong>UBA<\/strong>, destac\u00f3 en conversaciones con <strong>\u00c1mbito<\/strong> que, del acuerdo con EEUU, se<strong> destaca la performance de la carne vacuna &#8220;que est\u00e1 volando&#8221;. <\/strong> <\/article><article><p id=\"p-1787178964398-51101\"> Un informe reciente del IIEP se\u00f1al\u00f3 que las <strong>exportaciones de bienes diferenciados<\/strong> (por caracter\u00edsticas f\u00edsicas, dise\u00f1o, marca o confiabilidad), que son aquellos que reflejan &#8220;una estructura exportadora m\u00e1s sofisticada, con mayores posibilidades de generar derrames de conocimiento y mayores perspectivas de crecimiento futuro&#8221;, <strong>treparon un 18% interanual (+u$s847 millones) en el segundo trimestre<\/strong>. <strong>Un tercio de ese incremento (+u$s278 millones) fue generado por los env\u00edos de carne y pesca.<\/strong> <div contenteditable=\"false\" id=\"8267068-Libre-145786324_wrap\"> <\/div> <p id=\"p-1787179133253-18608\">Si bien una parte de ese ascenso fue causado por los mayores precios internacionales de la carne, el trabajo puso el<strong> foco tambi\u00e9n en el crecimiento de las ventas de carne vacuna hacia Estados Unidos<\/strong>, impulsado por la ampliaci\u00f3n temporaria de la cuota arancelaria. &#8220;Desde febrero de 2026, Estados Unidos habilit\u00f3 para Argentina un cupo adicional de 80.000 toneladas, distribuido en cuatro tramos trimestrales de 20.000 toneladas, que se sum\u00f3 a la cuota preexistente de 20.000 toneladas&#8221;, profundiz\u00f3. <h2 id=\"p-1787182483217-45934\">Las exportaciones hacia la UE que m\u00e1s subieron desde la entrada en vigencia del acuerdo<\/h2> <p id=\"p-1787179235390-72898\">Por otra parte, desde el IERAL analizaron el <strong>comportamiento de las exportaciones hacia la Uni\u00f3n Europea desde el 1\u00b0 de mayo<\/strong>, cuando comenz\u00f3 la aplicaci\u00f3n provisional del acuerdo comercial entre el Mercosur y la Uni\u00f3n Europea. <p id=\"p-1787185162908-20358\">En concreto, los mayores aumentos durante esos dos meses, versus el mismo bimestre de 2025, se verificaron en<strong> \u201cSemillas de Girasol\u201d (+u$s160 millones), \u201cCarne Bovina Refrigerada\u201d (+u$s27 millones), \u201cC\u00edtricos Agrios\u201d (+u$s22 millones), \u201cAceite de Girasol\u201d (+u$s20 millones) y \u201cMoluscos\u201d (+u$s17 millones)<\/strong>. <div contenteditable=\"false\" id=\"8267067-Libre-315669619_wrap\">  <\/div> <p id=\"p-1787179920496-91625\">Alonso Schwarz aclar\u00f3 que &#8220;los resultados deben interpretarse como se\u00f1ales preliminares y no como una estimaci\u00f3n definitiva de su impacto&#8221; y que parte de las subas est\u00e1n influenciadas por &#8220;la facilitaci\u00f3n del comercio exterior y la coyuntura internacional (especialmente en el caso de las \u201cSemillas de Girasol\u201d)&#8221;. Aun as\u00ed, asegur\u00f3 que &#8220;<strong>varios productos muestran aumentos muy superiores al crecimiento del conjunto de las exportaciones argentinas<\/strong>&#8221; y que los datos &#8220;comienzan a mostrar el <strong>potencial dinamizador de la mayor inserci\u00f3n internacional<\/strong>, <strong>con efectos en todas las regiones<\/strong> debido a la distribuci\u00f3n geogr\u00e1fica de los sectores productivos&#8221;. <p id=\"p-1787180069536-7323\">Por su parte, Bernini no se anim\u00f3 a asegurar que el crecimiento de las ventas de carne al &#8220;Viejo Continente&#8221; responde al acuerdo y &#8220;s\u00ed lo es, el impacto es chico&#8221;, aunque si identific\u00f3 <strong>efectos positivos en otros productos como la miel<\/strong>, clasificado como un bien &#8220;no diferenciado&#8221; por el IIEP. Vale agregar que, adem\u00e1s del mencionado aporte de la carne, las exportaciones de bienes con mayor valor agregado fueron tambi\u00e9n impulsadas por los env\u00edos de pick-ups a pa\u00edses de la regi\u00f3n, as\u00ed como por las subas en vinos y quesos. <h2 id=\"p-1787182520331-74721\">Las exportaciones se encaminan a superar los u$s100.000 millones en 2026: un combo de causas y un desaf\u00edo central<\/h2> <p id=\"p-1787181055564-17774\">Al igual que el IERAL, el IIEP enfatiz\u00f3 que los acuerdos deben ser acompa\u00f1ados por una pol\u00edtica de facilitaci\u00f3n del intercambio comercial. Concretamente, <strong>el instituto celebr\u00f3 la reducci\u00f3n de las retenciones<\/strong>, al sostener que &#8220;los derechos de exportaci\u00f3n funcionan como un sustituto imperfecto del impuesto inmobiliario rural que, a diferencia de aquel, reducen el precio recibido por la producci\u00f3n exportada, alteran la elecci\u00f3n entre el mercado externo y el interno y no distinguen entre la renta de la tierra y la rentabilidad normal de la actividad&#8221;. <p id=\"p-1787185248157-12433\">&#8220;Por este motivo, distorsionan los incentivos a producir y exportar, especialmente en zonas marginales donde la menor productividad de la tierra hace que algunos establecimientos dejen de ser viables con mayor facilidad&#8221;, cuestion\u00f3. <p id=\"p-1787181225016-62900\">Para el IIEP<strong>, las exportaciones de bienes diferenciados &#8220;compiten con pa\u00edses que, en general, no gravan sus exportaciones y que muchas veces las apoyan mediante otros instrumentos&#8221;<\/strong> y que &#8220;es esperable un impacto mayor del impuesto en la producci\u00f3n de este tipo de bienes&#8221; que en el caso de los commodities. <p id=\"p-1787181563927-18918\">La informaci\u00f3n desarrollada se da en un <strong>contexto general de exportaciones r\u00e9cord, que se encaminan a superar los u$s100.000 millones<\/strong> en 2026, de acuerdo con una estimaci\u00f3n de la consultora <strong>LCG<\/strong>. M\u00e1s all\u00e1 del aporte que pueden estar teniendo las medidas de liberalizaci\u00f3n y los acuerdos entre pa\u00edses, la entidad marc\u00f3 la incidencia de las cosechas r\u00e9cord de ma\u00edz y trigo, el aumento en el precio del aceite de soja y el boom en las ventas de petr\u00f3leo, tanto por el pujante nivel de producci\u00f3n de Vaca Muerta como por el salto de precios derivado de la guerra en Medio Oriente. <p id=\"p-1787182029540-93060\">Como desaf\u00edo hacia adelante, LCG expres\u00f3 la <strong>necesidad de &#8220;ampliar todav\u00eda m\u00e1s la base de productos exportados<\/strong>, en bienes diferenciados y, presumiblemente, de mayor valor agregado local, de modo que sean m\u00e1s las empresas que colocan productos valorados por consumidores e inversores externos, y que haya m\u00e1s cantidad de trabajadores (calificados y no calificados) involucrados en el comercio exterior&#8221;. <\/article><\/div><\/div><\/p>\n                                        \n                                        \n                                        <p>Fuente: <a href=\"https:\/\/www.ambito.com\/economia\/exportaciones-brotan-los-primeros-efectos-los-acuerdos-eeuu-y-la-ue-la-carne-como-producto-estrella-n6312644\">Enlace original<\/a><\/p>\n                                        ","protected":false},"excerpt":{"rendered":"<p>En el segundo trimestre de 2026, las exportaciones argentinas crecieron un 30% respecto del mismo per\u00edodo del a\u00f1o pasado. Para Gerardo Alonso Schwarz, Economista Jefe del IERAL NEA, esto fue consecuencia de un combo que incluy\u00f3 factores sectoriales, factores internacionales y medidas generales de simplificaci\u00f3n del comercio exterior, que &#8220;contribuyeron a reducir los costos de [&hellip;]<\/p>\n","protected":false},"author":1,"featured_media":2690,"comment_status":"open","ping_status":"","sticky":false,"template":"template-ancho-completo.php","format":"standard","meta":{"content-type":"","footnotes":"","jetpack_publicize_message":"","jetpack_publicize_feature_enabled":true,"jetpack_social_post_already_shared":true,"jetpack_social_options":{"image_generator_settings":{"template":"highway","default_image_id":0,"font":"","enabled":false},"version":2}},"categories":[57],"tags":[],"class_list":["post-2691","post","type-post","status-publish","format-standard","has-post-thumbnail","hentry","category-ambitofinanciero"],"aioseo_notices":[],"jetpack_publicize_connections":[],"_links":{"self":[{"href":"https:\/\/contabilidadfamiliar.com\/index.php\/wp-json\/wp\/v2\/posts\/2691","targetHints":{"allow":["GET"]}}],"collection":[{"href":"https:\/\/contabilidadfamiliar.com\/index.php\/wp-json\/wp\/v2\/posts"}],"about":[{"href":"https:\/\/contabilidadfamiliar.com\/index.php\/wp-json\/wp\/v2\/types\/post"}],"author":[{"embeddable":true,"href":"https:\/\/contabilidadfamiliar.com\/index.php\/wp-json\/wp\/v2\/users\/1"}],"replies":[{"embeddable":true,"href":"https:\/\/contabilidadfamiliar.com\/index.php\/wp-json\/wp\/v2\/comments?post=2691"}],"version-history":[{"count":0,"href":"https:\/\/contabilidadfamiliar.com\/index.php\/wp-json\/wp\/v2\/posts\/2691\/revisions"}],"wp:featuredmedia":[{"embeddable":true,"href":"https:\/\/contabilidadfamiliar.com\/index.php\/wp-json\/wp\/v2\/media\/2690"}],"wp:attachment":[{"href":"https:\/\/contabilidadfamiliar.com\/index.php\/wp-json\/wp\/v2\/media?parent=2691"}],"wp:term":[{"taxonomy":"category","embeddable":true,"href":"https:\/\/contabilidadfamiliar.com\/index.php\/wp-json\/wp\/v2\/categories?post=2691"},{"taxonomy":"post_tag","embeddable":true,"href":"https:\/\/contabilidadfamiliar.com\/index.php\/wp-json\/wp\/v2\/tags?post=2691"}],"curies":[{"name":"wp","href":"https:\/\/api.w.org\/{rel}","templated":true}]}}