{"id":2689,"date":"2026-08-18T15:27:26","date_gmt":"2026-08-18T15:27:26","guid":{"rendered":"https:\/\/contabilidadfamiliar.com\/index.php\/2026\/08\/18\/la-vicepresidenta-argentina-dice-estar-sumamente-preocupada-por-los-que-no-llegan-a-fin-de-mes\/"},"modified":"2026-08-18T15:27:26","modified_gmt":"2026-08-18T15:27:26","slug":"la-vicepresidenta-argentina-dice-estar-sumamente-preocupada-por-los-que-no-llegan-a-fin-de-mes","status":"publish","type":"post","link":"https:\/\/contabilidadfamiliar.com\/index.php\/2026\/08\/18\/la-vicepresidenta-argentina-dice-estar-sumamente-preocupada-por-los-que-no-llegan-a-fin-de-mes\/","title":{"rendered":"La vicepresidenta argentina dice estar &#8220;sumamente preocupada&#8221; por los que no llegan a fin de mes"},"content":{"rendered":" \n                                        <p><div class=\"extracted-content\"><div id=\"readability-page-1\" class=\"page\"><div> <div> <span>Martes, <a title=\"Ver los art\u00edculos del 18 de Agosto de 2026\" href=\"\/2026\/08\/18\">18<\/a> de <a title=\"Ver los art\u00edculos de Agosto de 2026\" href=\"\/2026\/08\">agosto<\/a> de <a title=\"Ver los art\u00edculos del 2026\" href=\"\/2026\">2026<\/a> &#8211; 06:50 UTC<\/span> <\/div> La vicepresidenta de Argentina, Victoria Villarruel, volvi\u00f3 a marcar distancia del Gobierno de Javier Milei al expresar su inquietud por la falta de empleo y las dificultades econ\u00f3micas de los hogares. \u201cEstoy sumamente preocupada por los argentinos que hoy no tienen trabajo o que no pueden llegar a fin de mes\u201d, declar\u00f3 durante la apertura de la Expo Venado 2026, una feria agropecuaria en Venado Tuerto, provincia de Santa Fe. \u201cLa clase pol\u00edtica tiene que empezar a pensar en esos temas, casi con exclusi\u00f3n de todo el resto\u201d, a\u00f1adi\u00f3 ante productores y periodistas. Sostuvo que sin trabajo no hay familia y sin producci\u00f3n no hay trabajo, y que el pa\u00eds \u201cdebiera\u201d tener un futuro exitoso dado su potencial, aunque hoy \u201ctiene muchas complejidades\u201d. Las declaraciones contrastan con la posici\u00f3n del Ejecutivo sobre el endeudamiento de los hogares. La morosidad de las personas f\u00edsicas alcanz\u00f3 en junio el 17,5 % del cr\u00e9dito otorgado, seg\u00fan un estudio de la Universidad Austral y la consultora Eco Go, y tanto Milei como su ministro de Econom\u00eda, Luis Caputo, han descrito la situaci\u00f3n como un problema entre privados que debe resolver el mercado. Villarruel reclam\u00f3 adem\u00e1s la eliminaci\u00f3n de los derechos de exportaci\u00f3n, conocidos en Argentina como retenciones, un gravamen aplicado desde hace d\u00e9cadas a las ventas externas de granos y otros productos. Afirm\u00f3 que la actividad del campo y de la industria debe desarrollarse sin esos tributos y sostuvo que \u201cel futuro de la Argentina es agropecuario e industrial\u201d. Reclam\u00f3 una pol\u00edtica de apoyo a la industria nacional. La vicepresidenta realiz\u00f3 el corte de cinta junto a Leonel Chiarella, intendente de Venado Tuerto y presidente del comit\u00e9 nacional de la Uni\u00f3n C\u00edvica Radical, un partido ajeno a la coalici\u00f3n gobernante. Consultada sobre el escenario electoral de 2027, dijo que es \u201cfundamental pensar en una uni\u00f3n nacional\u201d sin que el debate quede absorbido por el an\u00e1lisis de \u201ccandidaturas ni partidos pol\u00edticos\u201d. Villarruel fue compa\u00f1era de f\u00f3rmula de Milei en las elecciones de 2023 y preside el Senado, pero mantiene desde hace meses una relaci\u00f3n distante con la Casa Rosada. Dirigentes pr\u00f3ximos al presidente han pedido p\u00fablicamente su renuncia. Esa distancia volvi\u00f3 a hacerse visible el lunes, cuando no fue invitada al acto oficial que encabez\u00f3 Milei en conmemoraci\u00f3n del aniversario de la muerte de Jos\u00e9 de San Mart\u00edn, el militar que condujo las campa\u00f1as de independencia de Argentina, Chile y Per\u00fa y principal figura del pante\u00f3n nacional argentino. La vicepresidenta lo record\u00f3 en su cuenta de X, donde escribi\u00f3 que \u201csu ejemplo es el norte de los argentinos que no se arrodillan y que defienden la soberan\u00eda nacional todos los d\u00edas\u201d. <\/div><\/div><\/div><\/p>\n                                        \n                                        \n                                        <p>Fuente: <a href=\"https:\/\/es.mercopress.com\/2026\/08\/18\/la-vicepresidenta-argentina-dice-estar-sumamente-preocupada-por-los-que-no-llegan-a-fin-de-mes?utm_source=feed&#038;utm_medium=rss&#038;utm_content=economia&#038;utm_campaign=rss\">Enlace original<\/a><\/p>\n                                        ","protected":false},"excerpt":{"rendered":"<p>Martes, 18 de agosto de 2026 &#8211; 06:50 UTC La vicepresidenta de Argentina, Victoria Villarruel, volvi\u00f3 a marcar distancia del Gobierno de Javier Milei al expresar su inquietud por la falta de empleo y las dificultades econ\u00f3micas de los hogares. \u201cEstoy sumamente preocupada por los argentinos que hoy no tienen trabajo o que no pueden [&hellip;]<\/p>\n","protected":false},"author":1,"featured_media":2688,"comment_status":"open","ping_status":"","sticky":false,"template":"template-ancho-completo.php","format":"standard","meta":{"content-type":"","footnotes":"","jetpack_publicize_message":"","jetpack_publicize_feature_enabled":true,"jetpack_social_post_already_shared":true,"jetpack_social_options":{"image_generator_settings":{"template":"highway","default_image_id":0,"font":"","enabled":false},"version":2}},"categories":[127],"tags":[],"class_list":["post-2689","post","type-post","status-publish","format-standard","has-post-thumbnail","hentry","category-mercopress"],"aioseo_notices":[],"jetpack_publicize_connections":[],"_links":{"self":[{"href":"https:\/\/contabilidadfamiliar.com\/index.php\/wp-json\/wp\/v2\/posts\/2689","targetHints":{"allow":["GET"]}}],"collection":[{"href":"https:\/\/contabilidadfamiliar.com\/index.php\/wp-json\/wp\/v2\/posts"}],"about":[{"href":"https:\/\/contabilidadfamiliar.com\/index.php\/wp-json\/wp\/v2\/types\/post"}],"author":[{"embeddable":true,"href":"https:\/\/contabilidadfamiliar.com\/index.php\/wp-json\/wp\/v2\/users\/1"}],"replies":[{"embeddable":true,"href":"https:\/\/contabilidadfamiliar.com\/index.php\/wp-json\/wp\/v2\/comments?post=2689"}],"version-history":[{"count":0,"href":"https:\/\/contabilidadfamiliar.com\/index.php\/wp-json\/wp\/v2\/posts\/2689\/revisions"}],"wp:featuredmedia":[{"embeddable":true,"href":"https:\/\/contabilidadfamiliar.com\/index.php\/wp-json\/wp\/v2\/media\/2688"}],"wp:attachment":[{"href":"https:\/\/contabilidadfamiliar.com\/index.php\/wp-json\/wp\/v2\/media?parent=2689"}],"wp:term":[{"taxonomy":"category","embeddable":true,"href":"https:\/\/contabilidadfamiliar.com\/index.php\/wp-json\/wp\/v2\/categories?post=2689"},{"taxonomy":"post_tag","embeddable":true,"href":"https:\/\/contabilidadfamiliar.com\/index.php\/wp-json\/wp\/v2\/tags?post=2689"}],"curies":[{"name":"wp","href":"https:\/\/api.w.org\/{rel}","templated":true}]}}