{"id":2683,"date":"2026-08-18T15:13:31","date_gmt":"2026-08-18T15:13:31","guid":{"rendered":"https:\/\/contabilidadfamiliar.com\/index.php\/2026\/08\/18\/luis-caputo-destaco-haber-cerrado-julio-con-superavit-primario-aun-con-fuerte-concentracion-de-pagos-de-deuda\/"},"modified":"2026-08-18T15:13:31","modified_gmt":"2026-08-18T15:13:31","slug":"luis-caputo-destaco-haber-cerrado-julio-con-superavit-primario-aun-con-fuerte-concentracion-de-pagos-de-deuda","status":"publish","type":"post","link":"https:\/\/contabilidadfamiliar.com\/index.php\/2026\/08\/18\/luis-caputo-destaco-haber-cerrado-julio-con-superavit-primario-aun-con-fuerte-concentracion-de-pagos-de-deuda\/","title":{"rendered":"Luis Caputo destac\u00f3 haber cerrado julio con super\u00e1vit primario, a\u00fan con fuerte concentraci\u00f3n de pagos de deuda"},"content":{"rendered":" \n                                        <p><div class=\"extracted-content\"><div id=\"readability-page-1\" class=\"page\"><div id=\"article-content\"> El <strong>Gobierno <\/strong>volvi\u00f3 a cerrar las<a target=\"_blank\" href=\"https:\/\/www.perfil.com\/noticias\/columnistas\/privatizaciones-el-as-en-la-manga-fiscal-de-javier-milei-y-luis-caputo.phtml\"> cuentas p\u00fablicas con n\u00fameros positivos en julio <\/a>tras un fuerte control de gastos, tal como inform\u00f3 este martes 18 de agosto el ministro de Econom\u00eda, <a target=\"_blank\" href=\"https:\/\/www.perfil.com\/noticias\/politica\/hoy-el-gobierno-celebrara-una-reunion-clave-con-que-4-importantes-figuras-politicas-se-reunira-y-cual-es-el-objetivo-del-encuentro.phtml\"><strong>Luis Caputo<\/strong><\/a>, en sus redes sociales. En el posteo, el titular de Hacienda asegura que e<strong>l Sector P\u00fablico Nacional (SPN) re<\/strong>gistr\u00f3 un <strong>super\u00e1vit primario de $2.960.333 millones<\/strong> y aprovech\u00f3 para destacar que<strong> ese resultado se logr\u00f3 -incluso. tras el pago de abultados intereses de la deud<\/strong>a. El resultado final fue de un <strong>super\u00e1vit financiero de $244.897 millones<\/strong>. <a target=\"_blank\" href=\"https:\/\/www.perfil.com\/noticias\/masperfil\/expertos-afirmaron-que-baja-impuestos-con-Milei-direccion-es-correcta-velocidad-no-es-suficiente.phtml\">Expertos afirmaron que la baja de impuestos con Milei: \u201cLa direcci\u00f3n es correcta, la velocidad no es suficiente\u201d<\/a> Tal como reza el posteo del ministro que se adjunta, el resultado cobra relevancia porque logr\u00f3 sostenerse pese a la<a target=\"_blank\" href=\"https:\/\/www.perfil.com\/noticias\/bloomberg\/bc-argentina-evita-una-emision-mas-cara-y-consigue-dolares-a-menos-del-7.phtml\"> concentraci\u00f3n de compromisos de deuda que enfrent\u00f3 el Tesoro<\/a> durante el mes. De acuerdo con los datos difundidos por Caputo, el pago de intereses netos de las tenencias dentro del propio sector p\u00fablico alcanz\u00f3 los <strong>$2.715.436 millones<\/strong>, principalmente por los cupones correspondientes a los bonos Globales y Bonares. <picture><source media=\"(max-width: 440px)\" srcset=\"https:\/\/fotos.perfil.com\/\/2026\/08\/18\/440\/0\/posteo-luis-caputo-2306404.jpg?webp\"><source media=\"(max-width: 1019px)\" srcset=\"https:\/\/fotos.perfil.com\/\/2026\/08\/18\/712\/0\/posteo-luis-caputo-2306404.jpg?webp\"><\/picture> De esta manera, aun despu\u00e9s de afrontar esos vencimientos, las cuentas del Estado nacional terminaron julio con saldo financiero positivo, un dato que el equipo econ\u00f3mico volvi\u00f3 a presentar como parte central de su estrategia para sostener la estabilidad macroecon\u00f3mica. <h2><strong>El super\u00e1vit acumulado en 2026<\/strong><\/h2> En los primeros siete meses del a\u00f1o, el Sector P\u00fablico Nacional acumul\u00f3 un <strong>super\u00e1vit primario equivalente a aproximadamente 0,9% del PBI<\/strong>, mientras que el resultado financiero positivo alcanz\u00f3 cerca del <strong>0,1% del Producto<\/strong>. La diferencia entre ambos indicadores est\u00e1 determinada principalmente por el peso de los intereses de la deuda: el resultado primario contabiliza los ingresos y gastos del Estado antes de esos pagos, mientras que el financiero los incorpora. <section> <a target=\"_blank\" href=\"https:\/\/www.perfil.com\/noticias\/economia\/luis-caputo-anuncia-creditos-dolares-empresas-a40.phtml\">Luis Caputo anunci\u00f3 la apertura de cr\u00e9ditos en d\u00f3lares para empresas<\/a> <\/section> El dato de julio muestra precisamente esa distancia. Antes de intereses, el excedente fue cercano a los $3 billones, pero una vez descontados los $2,7 billones destinados a atender compromisos de deuda, el saldo se redujo a poco menos de $245.000 millones. Para el Gobierno, mantener el resultado financiero en terreno positivo constituye uno de los pilares de su programa econ\u00f3mico, ya que implica que los ingresos alcanzan para cubrir tanto el gasto primario como los intereses de la deuda sin generar d\u00e9ficit fiscal. <h2><strong>El gasto primario cay\u00f3 7% real en julio<\/strong><\/h2> El resultado fiscal estuvo acompa\u00f1ado por una nueva contracci\u00f3n del gasto. Seg\u00fan los n\u00fameros difundidos por Econom\u00eda, <strong>el gasto primario cay\u00f3 7% interanual en t\u00e9rminos reales durante julio<\/strong>, es decir, una vez descontado el efecto de la inflaci\u00f3n. <picture><source media=\"(max-width: 440px)\" srcset=\"https:\/\/fotos.perfil.com\/\/2026\/07\/28\/440\/0\/ministerio-de-economia-2292519.jpg?webp\"><source media=\"(max-width: 1019px)\" srcset=\"https:\/\/fotos.perfil.com\/\/2026\/07\/28\/712\/0\/ministerio-de-economia-2292519.jpg?webp\"><\/picture> Dentro de esa din\u00e1mica, sin embargo, algunas partidas mostraron aumentos. Los gastos correspondientes a la <strong>Asignaci\u00f3n Universal por Hijo (AUH) crecieron 3,8% real interanual<\/strong>. <a target=\"_blank\" href=\"https:\/\/www.perfil.com\/noticias\/economia\/la-actividad-fria-empieza-a-complicar-el-superavit-primario-advierten-que-queda-menos-margen-para-seguir-ajustando-el-gasto.phtml\">La actividad fr\u00eda empieza a complicar el super\u00e1vit primario: advierten que queda menos margen para seguir ajustando el gasto<\/a> La evoluci\u00f3n del gasto vuelve a colocar el foco sobre el ajuste de las erogaciones como una de las herramientas utilizadas por el Gobierno para preservar el super\u00e1vit, especialmente en un escenario en el que la recaudaci\u00f3n viene mostrando se\u00f1ales heterog\u00e9neas por el menor nivel de actividad. <h2><strong>Caputo destac\u00f3 la baja de impuestos<\/strong><\/h2> El ministro tambi\u00e9n busc\u00f3 poner el resultado fiscal en perspectiva con la pol\u00edtica tributaria del Gobierno. Seg\u00fan afirm\u00f3, el super\u00e1vit se alcanz\u00f3 mientras la administraci\u00f3n nacional acumul\u00f3 una <strong>reducci\u00f3n de impuestos cercana a 3 puntos del PBI desde el inicio de la gesti\u00f3n<\/strong>. La c<strong>ombinaci\u00f3n entre equilibrio fiscal y reducci\u00f3n de impuestos es uno de los argumentos que Econom\u00eda utiliza para d<a target=\"_blank\" href=\"https:\/\/www.perfil.com\/noticias\/opinion\/el-triste-y-rudimentario-sentido-comun-detras-del-deficit-cero.phtml\">efender el programa oficia<\/a><\/strong>l: la intenci\u00f3n es sostener las cuentas p\u00fablicas principalmente mediante el control del gasto y no a trav\u00e9s de una mayor presi\u00f3n tributaria. Sin embargo, el margen hacia adelante estar\u00e1 condicionado por la evoluci\u00f3n de los ingresos. Con una parte importante del gasto p\u00fablico ligada a mecanismos de actualizaci\u00f3n autom\u00e1tica y con diferentes sectores de la actividad todav\u00eda mostrando debilidad, la capacidad de sostener el super\u00e1vit sin profundizar los recortes aparece como uno de los desaf\u00edos para lo que resta del a\u00f1o. Por ahora, <strong>julio volvi\u00f3 a dejar resultado positivo incluso despu\u00e9s del pago de intereses<\/strong>, y permiti\u00f3 que el Gobierno mantuviera super\u00e1vit tanto primario como financiero en el acumulado de los primeros siete meses de 2026. <em>lr<\/em> <\/div><\/div><\/div><\/p>\n                                        \n                                        \n                                        <p>Fuente: <a href=\"https:\/\/www.perfil.com\/noticias\/economia\/luis-caputo-destaco-haber-cerrado-julio-con-superavit-primario-aun-con-fuerte-concentracion-de-pagos-de-deuda.phtml\">Enlace original<\/a><\/p>\n                                        ","protected":false},"excerpt":{"rendered":"<p>El Gobierno volvi\u00f3 a cerrar las cuentas p\u00fablicas con n\u00fameros positivos en julio tras un fuerte control de gastos, tal como inform\u00f3 este martes 18 de agosto el ministro de Econom\u00eda, Luis Caputo, en sus redes sociales. En el posteo, el titular de Hacienda asegura que el Sector P\u00fablico Nacional (SPN) registr\u00f3 un super\u00e1vit primario [&hellip;]<\/p>\n","protected":false},"author":1,"featured_media":2682,"comment_status":"open","ping_status":"","sticky":false,"template":"template-ancho-completo.php","format":"standard","meta":{"content-type":"","footnotes":"","jetpack_publicize_message":"","jetpack_publicize_feature_enabled":true,"jetpack_social_post_already_shared":true,"jetpack_social_options":{"image_generator_settings":{"template":"highway","default_image_id":0,"font":"","enabled":false},"version":2}},"categories":[126],"tags":[],"class_list":["post-2683","post","type-post","status-publish","format-standard","has-post-thumbnail","hentry","category-perfil"],"aioseo_notices":[],"jetpack_publicize_connections":[],"_links":{"self":[{"href":"https:\/\/contabilidadfamiliar.com\/index.php\/wp-json\/wp\/v2\/posts\/2683","targetHints":{"allow":["GET"]}}],"collection":[{"href":"https:\/\/contabilidadfamiliar.com\/index.php\/wp-json\/wp\/v2\/posts"}],"about":[{"href":"https:\/\/contabilidadfamiliar.com\/index.php\/wp-json\/wp\/v2\/types\/post"}],"author":[{"embeddable":true,"href":"https:\/\/contabilidadfamiliar.com\/index.php\/wp-json\/wp\/v2\/users\/1"}],"replies":[{"embeddable":true,"href":"https:\/\/contabilidadfamiliar.com\/index.php\/wp-json\/wp\/v2\/comments?post=2683"}],"version-history":[{"count":0,"href":"https:\/\/contabilidadfamiliar.com\/index.php\/wp-json\/wp\/v2\/posts\/2683\/revisions"}],"wp:featuredmedia":[{"embeddable":true,"href":"https:\/\/contabilidadfamiliar.com\/index.php\/wp-json\/wp\/v2\/media\/2682"}],"wp:attachment":[{"href":"https:\/\/contabilidadfamiliar.com\/index.php\/wp-json\/wp\/v2\/media?parent=2683"}],"wp:term":[{"taxonomy":"category","embeddable":true,"href":"https:\/\/contabilidadfamiliar.com\/index.php\/wp-json\/wp\/v2\/categories?post=2683"},{"taxonomy":"post_tag","embeddable":true,"href":"https:\/\/contabilidadfamiliar.com\/index.php\/wp-json\/wp\/v2\/tags?post=2683"}],"curies":[{"name":"wp","href":"https:\/\/api.w.org\/{rel}","templated":true}]}}