{"id":2671,"date":"2026-08-18T14:52:33","date_gmt":"2026-08-18T14:52:33","guid":{"rendered":"https:\/\/contabilidadfamiliar.com\/index.php\/2026\/08\/18\/el-duro-mensaje-del-ex-dt-de-los-pumas-tras-cerrar-su-fabrica-y-anunciar-120-despidos-ahora-no-hay-laburo-nos-hundieron\/"},"modified":"2026-08-18T14:52:33","modified_gmt":"2026-08-18T14:52:33","slug":"el-duro-mensaje-del-ex-dt-de-los-pumas-tras-cerrar-su-fabrica-y-anunciar-120-despidos-ahora-no-hay-laburo-nos-hundieron","status":"publish","type":"post","link":"https:\/\/contabilidadfamiliar.com\/index.php\/2026\/08\/18\/el-duro-mensaje-del-ex-dt-de-los-pumas-tras-cerrar-su-fabrica-y-anunciar-120-despidos-ahora-no-hay-laburo-nos-hundieron\/","title":{"rendered":"El duro mensaje del ex DT de Los Pumas tras cerrar su f\u00e1brica y anunciar 120 despidos: &#8220;Ahora no hay laburo. Nos hundieron&#8221;"},"content":{"rendered":" \n                                        <p><div class=\"extracted-content\"><div id=\"readability-page-1\" class=\"page\"><article> <!-- \/21709548400\/Eleconomista\/nota_Video_Oustream --> La crisis de la <strong>industria textil<\/strong> sum\u00f3 un nuevo golpe con el cierre de las dos plantas bonaerenses de <strong>Will Der SA<\/strong>, fabricante de indumentaria deportiva para marcas internacionales como Adidas, Puma, Lacoste, Fila, Salomon, New Balance y Macron. La compa\u00f1\u00eda baj\u00f3 las persianas en <strong>General Pacheco y Las Flores<\/strong> y despidi\u00f3 a <strong>120 trabajadores<\/strong>, tras una fuerte ca\u00edda de los pedidos y crecientes problemas financieros. <h2><strong>&#8220;Ahora no hay laburo&#8221;: el dram\u00e1tico mensaje a los empleados<\/strong><\/h2>Uno de los socios y presidente de la firma es <strong>Santiago &#8220;Tati&#8221; Phelan<\/strong>, ex entrenador de Los Pumas, quien comunic\u00f3 personalmente la decisi\u00f3n a los empleados. En audios que trascendieron, relat\u00f3 los intentos por conseguir nuevos clientes ante el derrumbe de la actividad: <strong>&#8220;Los planes de trabajo desaparecieron, fui a buscar empresas de miner\u00eda, de otros rubros para hacer mamelucos, aunque sea, tapando agujeros que mostraban el poco trabajo que hay&#8221;<\/strong>. Y agreg\u00f3: &#8220;Empieza a haber pedidos pero para el a\u00f1o que viene enero, febrero y marzo; <strong>estamos en agosto y ahora no hay laburo<\/strong>&#8220;. La situaci\u00f3n tambi\u00e9n genera incertidumbre sobre las indemnizaciones. &#8220;Lo que est\u00e1 pasando es una locura, nos queremos morir todos. No les voy a prometer nada, <strong>se va a pagar lo que se puede pagar, puede ser todo o puede ser nada<\/strong>&#8220;, sostuvo Phelan ante los trabajadores, mientras de fondo se escuchaban llantos. Adem\u00e1s, rechaz\u00f3 que los propietarios hubieran vaciado la compa\u00f1\u00eda: <strong>&#8220;No vaciamos la empresa, somos laburantes&#8221;<\/strong>. <h2><strong>&#8220;La pol\u00edtica nos hundi\u00f3&#8221;: el desahogo del due\u00f1o de la empresa<\/strong><\/h2><strong>Armando Anasal<\/strong>, otro de los socios y con casi cinco d\u00e9cadas de trayectoria en la industria textil, tambi\u00e9n habl\u00f3 ante los empleados y se quebr\u00f3 al explicar el cierre. &#8220;Toda mi vida pens\u00e9 en ser industrial, pero la pol\u00edtica tiene que ver, levanta y hace caer a la gente&#8221;, expres\u00f3 entre sollozos. &#8220;Yo nunca me met\u00ed en pol\u00edtica; en diciembre cumplo 50 a\u00f1os en este rubro, jam\u00e1s me met\u00ed porque yo siempre cre\u00ed que trabajando pod\u00eda llegar a adelante. La pol\u00edtica digita nuestras vidas, digita el futuro de todos y nada depende de nosotros. Son 50 a\u00f1os tirados a la basura porque no puedo llegar a nada. Ustedes creen que soy una mierda, pero cr\u00e9anme, <strong>la pol\u00edtica nos hundi\u00f3<\/strong>&#8220;, afirm\u00f3. Luego cuestion\u00f3 directamente al Gobierno: <strong>&#8220;Piensen ustedes, los que pudieron votar a este gobierno, piensen a d\u00f3nde los llev\u00f3. Con otros gobiernos todos sufrimos, pero ten\u00edamos plata en el bolsillo y ten\u00edamos para gastar. Solo les pido que piensen la pr\u00f3xima vez que voten porque la vida es pol\u00edtica.&#8221;<\/strong> <div> <a href=\"https:\/\/eleconomista.com.ar\/politica\/la-paz-cementerio-n97461\" title=\"La paz del cementerio\"><\/a>  <\/div> <h2><strong>Cheques rechazados, deudas y una fuerte reducci\u00f3n del personal<\/strong><\/h2>La crisis tambi\u00e9n aparece reflejada en los registros financieros de la compa\u00f1\u00eda. Seg\u00fan la Central de Deudores del <a href=\"https:\/\/eleconomista.com.ar\/tags\/bcra-t1187\" target=\"_blank\"><strong>BCRA<\/strong><\/a>, Will Der SA acumula <strong>11 cheques rechazados por falta de fondos por $24.692.653,44<\/strong>, sin que ninguno haya sido regularizado. La empresa hab\u00eda llegado a emplear a m\u00e1s de 280 personas en sus dos plantas bonaerenses, adem\u00e1s de contar con instalaciones en Catamarca y Malvinas Argentinas dedicadas a la fabricaci\u00f3n de medias. En abril, otro de sus socios, Marcelo L\u00f3pez Imizcoz, aseguraba que la compa\u00f1\u00eda ten\u00eda 70 empleados en Catamarca y 300 en Buenos Aires; despu\u00e9s de los \u00faltimos cierres, conserva apenas alrededor de un tercio de esa dotaci\u00f3n. <h2><strong>La crisis que golpea a la industria textil en Argentina<\/strong><\/h2>El cierre se produce en medio de un fuerte retroceso del sector. De acuerdo con el \u00faltimo informe de la <strong>Federaci\u00f3n de Industrias Textiles Argentinas (FITA)<\/strong>, la producci\u00f3n textil cay\u00f3 <strong>25,6% interanual en mayo<\/strong>, diez veces m\u00e1s que la contracci\u00f3n del 2,5% del conjunto de la industria manufacturera. Entre enero y mayo, el desplome acumulado lleg\u00f3 al <strong>26,5%<\/strong>, mientras las plantas operaron con apenas el <strong>42,2% de su capacidad instalada<\/strong>, 16 puntos por debajo del promedio industrial. El deterioro tambi\u00e9n golpe\u00f3 al empleo y al entramado empresarial: <strong>desde diciembre de 2023 cerraron 383 establecimientos textiles y se perdieron m\u00e1s de 25.600 puestos de trabajo formales<\/strong>, a un ritmo promedio de 1.200 empleos mensuales. En ese contexto, el cierre de Will Der SA expone el impacto de la ca\u00edda de la actividad sobre una compa\u00f1\u00eda que lleg\u00f3 a fabricar para algunas de las principales marcas deportivas internacionales. <div> <a href=\"https:\/\/eleconomista.com.ar\/economia\/dolar-hoy-cuanto-cotiza-martes-18-agosto-n97462\" title=\"D\u00f3lar hoy: a cu\u00e1nto cotiza este martes 18 de agosto\"><\/a>  <\/div> <div> <a href=\"https:\/\/eleconomista.com.ar\/economia\/la-cafeteria-portena-llego-tener-39-locales-sonaba-llegar-madrid-ahora-entro-concurso-debe-1500-millones-n97460\" title=\"La cafeter\u00eda porte\u00f1a que lleg\u00f3 a tener 39 locales y so\u00f1aba con llegar a Madrid: ahora entr\u00f3 en concurso y debe $1.500 millones\"><\/a>  <\/div> <a href=\"https:\/\/www.google.com\/preferences\/source?q=eleconomista.com.ar\" target=\"_blank\" rel=\"noopener nofollow\">   <span>Segu\u00ed a El Economista en Google<\/span> <span>Agreganos a tus medios preferidos.<\/span>  + Agregar <\/a> <\/article><\/div><\/div><\/p>\n                                        \n                                        \n                                        <p>Fuente: <a href=\"https:\/\/eleconomista.com.ar\/economia\/el-duro-mensaje-ex-dt-pumas-tras-cerrar-su-fabrica-anunciar-120-despidos-ahora-hay-laburo-nos-hundieron-n97463\">Enlace original<\/a><\/p>\n                                        ","protected":false},"excerpt":{"rendered":"<p>La crisis de la industria textil sum\u00f3 un nuevo golpe con el cierre de las dos plantas bonaerenses de Will Der SA, fabricante de indumentaria deportiva para marcas internacionales como Adidas, Puma, Lacoste, Fila, Salomon, New Balance y Macron. La compa\u00f1\u00eda baj\u00f3 las persianas en General Pacheco y Las Flores y despidi\u00f3 a 120 trabajadores, [&hellip;]<\/p>\n","protected":false},"author":1,"featured_media":2670,"comment_status":"open","ping_status":"","sticky":false,"template":"template-ancho-completo.php","format":"standard","meta":{"content-type":"","footnotes":"","jetpack_publicize_message":"","jetpack_publicize_feature_enabled":true,"jetpack_social_post_already_shared":true,"jetpack_social_options":{"image_generator_settings":{"template":"highway","default_image_id":0,"font":"","enabled":false},"version":2}},"categories":[59],"tags":[],"class_list":["post-2671","post","type-post","status-publish","format-standard","has-post-thumbnail","hentry","category-eleconomista"],"aioseo_notices":[],"jetpack_publicize_connections":[],"_links":{"self":[{"href":"https:\/\/contabilidadfamiliar.com\/index.php\/wp-json\/wp\/v2\/posts\/2671","targetHints":{"allow":["GET"]}}],"collection":[{"href":"https:\/\/contabilidadfamiliar.com\/index.php\/wp-json\/wp\/v2\/posts"}],"about":[{"href":"https:\/\/contabilidadfamiliar.com\/index.php\/wp-json\/wp\/v2\/types\/post"}],"author":[{"embeddable":true,"href":"https:\/\/contabilidadfamiliar.com\/index.php\/wp-json\/wp\/v2\/users\/1"}],"replies":[{"embeddable":true,"href":"https:\/\/contabilidadfamiliar.com\/index.php\/wp-json\/wp\/v2\/comments?post=2671"}],"version-history":[{"count":0,"href":"https:\/\/contabilidadfamiliar.com\/index.php\/wp-json\/wp\/v2\/posts\/2671\/revisions"}],"wp:featuredmedia":[{"embeddable":true,"href":"https:\/\/contabilidadfamiliar.com\/index.php\/wp-json\/wp\/v2\/media\/2670"}],"wp:attachment":[{"href":"https:\/\/contabilidadfamiliar.com\/index.php\/wp-json\/wp\/v2\/media?parent=2671"}],"wp:term":[{"taxonomy":"category","embeddable":true,"href":"https:\/\/contabilidadfamiliar.com\/index.php\/wp-json\/wp\/v2\/categories?post=2671"},{"taxonomy":"post_tag","embeddable":true,"href":"https:\/\/contabilidadfamiliar.com\/index.php\/wp-json\/wp\/v2\/tags?post=2671"}],"curies":[{"name":"wp","href":"https:\/\/api.w.org\/{rel}","templated":true}]}}