{"id":2659,"date":"2026-08-18T13:59:05","date_gmt":"2026-08-18T13:59:05","guid":{"rendered":"https:\/\/contabilidadfamiliar.com\/index.php\/2026\/08\/18\/petroleros-anunciaron-la-paralizacion-de-yacimientos-mendocinos-por-despidos\/"},"modified":"2026-08-18T13:59:05","modified_gmt":"2026-08-18T13:59:05","slug":"petroleros-anunciaron-la-paralizacion-de-yacimientos-mendocinos-por-despidos","status":"publish","type":"post","link":"https:\/\/contabilidadfamiliar.com\/index.php\/2026\/08\/18\/petroleros-anunciaron-la-paralizacion-de-yacimientos-mendocinos-por-despidos\/","title":{"rendered":"Petroleros anunciaron la paralizaci\u00f3n de yacimientos mendocinos por despidos"},"content":{"rendered":" \n                                        <p><div class=\"extracted-content\"><div id=\"readability-page-1\" class=\"page\"><div>  El sindicato aplicar\u00e1 protestas contra Petr\u00f3leos Sudamericanos SA. Denuncian adem\u00e1s precarizaci\u00f3n laboral. Reclamos al ministerio de Trabajo provincial.  <strong>18\/08\/2026<\/strong> &#8211; 09:22hs <div> <picture> <source type=\"image\/webp\" media=\"(max-width: 642px)\" srcset=\"https:\/\/resizer.iproimg.com\/unsafe\/384x\/filters:format(webp):quality(75):max_bytes(102400)\/https:\/\/assets.iprofesional.com\/assets\/jpg\/2023\/11\/563183.jpg 384w, https:\/\/resizer.iproimg.com\/unsafe\/512x\/filters:format(webp):quality(75):max_bytes(102400)\/https:\/\/assets.iprofesional.com\/assets\/jpg\/2023\/11\/563183.jpg 512w, https:\/\/resizer.iproimg.com\/unsafe\/640x\/filters:format(webp):quality(75):max_bytes(102400)\/https:\/\/assets.iprofesional.com\/assets\/jpg\/2023\/11\/563183.jpg 640w\" sizes=\"100vw\"> <source type=\"image\/webp\" media=\"(min-width: 642.01px) and (max-width: 1270px)\" srcset=\"https:\/\/resizer.iproimg.com\/unsafe\/614x\/filters:format(webp):quality(75):max_bytes(102400)\/https:\/\/assets.iprofesional.com\/assets\/jpg\/2023\/11\/563183.jpg 614w\" sizes=\"614px\"> <source type=\"image\/webp\" media=\"(min-width: 1270.01px) and (max-width: 1898px)\" srcset=\"https:\/\/resizer.iproimg.com\/unsafe\/928x\/filters:format(webp):quality(75):max_bytes(102400)\/https:\/\/assets.iprofesional.com\/assets\/jpg\/2023\/11\/563183.jpg 928w\" sizes=\"928px\"> <source type=\"image\/webp\" media=\"(min-width: 1898.01px)\" srcset=\"https:\/\/resizer.iproimg.com\/unsafe\/1270x\/filters:format(webp):quality(75):max_bytes(102400)\/https:\/\/assets.iprofesional.com\/assets\/jpg\/2023\/11\/563183.jpg 1270w\" sizes=\"1270px\"> <\/picture> <\/div> <\/div><div> pesar de ser uno de los motores que sostiene el modelo econ\u00f3mico del gobierno, los conflictos en la actividad petrolera se vienen repiti\u00e9ndose en forma preocupante. En esta oportunidad, el<span>&nbsp;<\/span><strong>Sindicato del Personal Jer\u00e1rquico y Profesional del Petr\u00f3leo de Cuyo y La Rioja<\/strong><span>&nbsp;<\/span>present\u00f3 una denuncia contra<span>&nbsp;<\/span><strong><a href=\"https:\/\/www.iprofesional.com\/negocios\/423667-empresa-petroleos-sudamericanos-prepara-mega-inversion-mendoza\" target=\"_blank\" rel=\"noopener noreferrer\">Petr\u00f3leos Sudamericanos SA (PS Energy)<\/a><\/strong><span>&nbsp;<\/span>frente a una serie de despidos, por lo que dispuso una medida de fuerza que puede afectar la producci\u00f3n. <span>Desde la organizaci\u00f3n gremial revelaron que a sus dirigentes no los dejaron entrar a los yacimientos cuando pretend\u00edan realizar gestiones por la desvinculaci\u00f3n de&nbsp;<strong>dos trabajadores jer\u00e1rquicos de la empresa contratista SUREN<\/strong>. Seg\u00fan explicaron, la situaci\u00f3n qued\u00f3 documentada mediante acta notarial, que fue presentada al ministerio de Trabajo provincial, al tiempo que calific\u00f3 el hecho como un atropello institucional contra la libertad de representaci\u00f3n sindical.<\/span> <h2>El gremio aclar\u00f3 que &#8220;venimos pidiendo una soluci\u00f3n que no se dio&#8221;<\/h2> El secretario General del sindicato,<span>&nbsp;<\/span><strong>Juli\u00e1n Matamala<\/strong>, sostuvo que &#8220;no vamos a aceptar que se pretenda disciplinar a los trabajadores mediante el miedo a perder su empleo&#8221; y afirm\u00f3 que &#8220;no buscamos el conflicto por el conflicto mismo, pero tampoco vamos a permanecer en silencio mientras se pierden puestos de trabajo, se presiona a los trabajadores y se pretende limitar el ejercicio de la actividad sindical&#8221;. La disputa viene desde hace meses, cuando el gremio petrolero advirti\u00f3 sobre una<span>&nbsp;<\/span><strong>&#8220;pol\u00edtica de achicamiento&#8221;<\/strong><span>&nbsp;<\/span>impulsada por la operadora que impacta directamente sobre los trabajadores y en las empresas contratistas, muchas de ellas pymes mendocinas. <span>En el acta presentada ante los funcionarios, detallaron sobre la rescisi\u00f3n de contratos y la reducci\u00f3n de estructuras, que derivan en la p\u00e9rdida indirecta de puestos de trabajo, mientras quienes permanecen en actividad &#8220;soportan cada vez mayores responsabilidades y presi\u00f3n laboral&#8221;.<\/span><span>&nbsp;<\/span>El gremio indic\u00f3 que se registraron acciones que &#8220;podr\u00edan afectar la libre afiliaci\u00f3n y el ejercicio pleno de la representaci\u00f3n sindical dentro de la compa\u00f1\u00eda&#8221;. <h2>Confirmaron el paro y las condiciones para levantarlo<\/h2> <span>A pesar de las demandas, la compa\u00f1\u00eda se mantuvo en su postura, por lo que el sindicato le confirm\u00f3 a la cartera laboral provincial que&nbsp;<strong>este mi\u00e9rcoles comenzar\u00e1 con un cese de actividades en las plantas de Petr\u00f3leos Sudamericanos<\/strong>&nbsp;hasta que las situaciones sean regularizadas. Asimismo, aclar\u00f3 que se montar\u00e1n guardias m\u00ednimas indispensables para resguardar la seguridad de las personas, las instalaciones y el medio ambiente durante la jornada de protesta.<\/span> En paralelo, el gremio solicit\u00f3 una<span>&nbsp;<\/span><strong>inspecci\u00f3n urgente y de campo en las bases operativas del Cl\u00faster Mendoza Norte<\/strong><span>&nbsp;<\/span>para verificar la situaci\u00f3n de las contratistas y relevar al personal jer\u00e1rquico en actividad. Matamala insisti\u00f3 en que el plan de lucha se debe a la defensa de las fuentes de trabajo y apunt\u00f3 que &#8220;no podemos evitar que las empresas produzcan cesant\u00edas, pero s\u00ed debemos estar presentes, denunciando y reclamando con todas las herramientas legales y gremiales disponibles&#8221; frente a un escenario<span>&nbsp;<\/span><strong>&#8220;extremadamente complejo&#8221;<\/strong><span>&nbsp;<\/span>para la actividad petrolera mendocina. Por \u00faltimo, manifest\u00f3: &#8220;Sin trabajadores no hay producci\u00f3n. Sin respeto a los derechos laborales no hay paz social&#8221;. <\/div><\/div><\/div><\/p>\n                                        \n                                        \n                                        <p>Fuente: <a href=\"https:\/\/www.iprofesional.com\/economia\/462471-petroleros-anunciaron-la-paralizacion-de-yacimientos-mendocinos-por-despidos\">Enlace original<\/a><\/p>\n                                        ","protected":false},"excerpt":{"rendered":"<p>El sindicato aplicar\u00e1 protestas contra Petr\u00f3leos Sudamericanos SA. Denuncian adem\u00e1s precarizaci\u00f3n laboral. Reclamos al ministerio de Trabajo provincial. 18\/08\/2026 &#8211; 09:22hs pesar de ser uno de los motores que sostiene el modelo econ\u00f3mico del gobierno, los conflictos en la actividad petrolera se vienen repiti\u00e9ndose en forma preocupante. En esta oportunidad, el&nbsp;Sindicato del Personal Jer\u00e1rquico y [&hellip;]<\/p>\n","protected":false},"author":1,"featured_media":2658,"comment_status":"open","ping_status":"","sticky":false,"template":"template-ancho-completo.php","format":"standard","meta":{"content-type":"","footnotes":"","jetpack_publicize_message":"","jetpack_publicize_feature_enabled":true,"jetpack_social_post_already_shared":true,"jetpack_social_options":{"image_generator_settings":{"template":"highway","default_image_id":0,"font":"","enabled":false},"version":2}},"categories":[58],"tags":[],"class_list":["post-2659","post","type-post","status-publish","format-standard","has-post-thumbnail","hentry","category-iprofessional"],"aioseo_notices":[],"jetpack_publicize_connections":[],"_links":{"self":[{"href":"https:\/\/contabilidadfamiliar.com\/index.php\/wp-json\/wp\/v2\/posts\/2659","targetHints":{"allow":["GET"]}}],"collection":[{"href":"https:\/\/contabilidadfamiliar.com\/index.php\/wp-json\/wp\/v2\/posts"}],"about":[{"href":"https:\/\/contabilidadfamiliar.com\/index.php\/wp-json\/wp\/v2\/types\/post"}],"author":[{"embeddable":true,"href":"https:\/\/contabilidadfamiliar.com\/index.php\/wp-json\/wp\/v2\/users\/1"}],"replies":[{"embeddable":true,"href":"https:\/\/contabilidadfamiliar.com\/index.php\/wp-json\/wp\/v2\/comments?post=2659"}],"version-history":[{"count":0,"href":"https:\/\/contabilidadfamiliar.com\/index.php\/wp-json\/wp\/v2\/posts\/2659\/revisions"}],"wp:featuredmedia":[{"embeddable":true,"href":"https:\/\/contabilidadfamiliar.com\/index.php\/wp-json\/wp\/v2\/media\/2658"}],"wp:attachment":[{"href":"https:\/\/contabilidadfamiliar.com\/index.php\/wp-json\/wp\/v2\/media?parent=2659"}],"wp:term":[{"taxonomy":"category","embeddable":true,"href":"https:\/\/contabilidadfamiliar.com\/index.php\/wp-json\/wp\/v2\/categories?post=2659"},{"taxonomy":"post_tag","embeddable":true,"href":"https:\/\/contabilidadfamiliar.com\/index.php\/wp-json\/wp\/v2\/tags?post=2659"}],"curies":[{"name":"wp","href":"https:\/\/api.w.org\/{rel}","templated":true}]}}