{"id":2633,"date":"2026-08-18T03:10:29","date_gmt":"2026-08-18T03:10:29","guid":{"rendered":"https:\/\/contabilidadfamiliar.com\/index.php\/2026\/08\/18\/alarma-en-el-establishment-por-el-programa-de-caputo-y-milei-2\/"},"modified":"2026-08-18T03:10:29","modified_gmt":"2026-08-18T03:10:29","slug":"alarma-en-el-establishment-por-el-programa-de-caputo-y-milei-2","status":"publish","type":"post","link":"https:\/\/contabilidadfamiliar.com\/index.php\/2026\/08\/18\/alarma-en-el-establishment-por-el-programa-de-caputo-y-milei-2\/","title":{"rendered":"Alarma en el establishment por el programa de Caputo y Milei"},"content":{"rendered":" \n                                        <p><div class=\"extracted-content\"><div id=\"readability-page-1\" class=\"page\"><div data-style-direction=\"vertical\" data-style-justification=\"start\" data-style-alignment=\"unset\" data-style-inline=\"false\" data-style-wrap=\"nowrap\"> <!-- --> <h2>\u201cEs insostenible\u201d, se\u00f1alan economistas desde diversos flancos<\/h2> <!-- --> <!-- --> <h3>La pol\u00edtica cambiaria y la restricci\u00f3n a la emisi\u00f3n monetaria, banderas del Gobierno, fueron criticadas como principales causantes de la recesi\u00f3n. Las advertencias que realizaron.<\/h3><div><time datetime=\"2026-08-17T23:44:54.316Z\">17 de agosto de 2026 &#8211; 23:44<\/time><div><ul><li><span data-variant=\"info\" data-placement=\"top\"><span role=\"tooltip\">Copiar enlace<\/span><\/span><span>Copiar enlace<\/span><\/li><li><span data-variant=\"info\" data-placement=\"top\"><span role=\"tooltip\">Compartir en X<\/span><\/span><span>X<\/span><\/li><li><span data-variant=\"info\" data-placement=\"top\"><span role=\"tooltip\">Compartir en Bluesky<\/span><\/span><span>Bluesky<\/span><\/li><li><span data-variant=\"info\" data-placement=\"top\"><span role=\"tooltip\">Compartir en Facebook<\/span><\/span><span>Facebook<\/span><\/li><li><span data-variant=\"info\" data-placement=\"top\"><span role=\"tooltip\">Compartir en Linkedin<\/span><\/span><span>Linkedin<\/span><\/li><li><span data-variant=\"info\" data-placement=\"top\"><span role=\"tooltip\">Compartir en WhatsApp<\/span><\/span><span>WhatsApp<\/span><\/li><li><span data-variant=\"info\" data-placement=\"top\"><span role=\"tooltip\">Compartir en Telegram<\/span><\/span><span>Telegram<\/span><\/li><li><span data-variant=\"info\" data-placement=\"top\"><span role=\"tooltip\">Compartir por mail<\/span><\/span><span>Mail<\/span><\/li><\/ul><\/div><\/div><div><\/div><\/div><\/div><\/div><\/p>\n                                        \n                                        \n                                        <p>Fuente: <a href=\"https:\/\/www.pagina12.com.ar\/2026\/08\/17\/son-ortodoxos-pero-no-comen-vidrio\/\">Enlace original<\/a><\/p>\n                                        ","protected":false},"excerpt":{"rendered":"<p>\u201cEs insostenible\u201d, se\u00f1alan economistas desde diversos flancos La pol\u00edtica cambiaria y la restricci\u00f3n a la emisi\u00f3n monetaria, banderas del Gobierno, fueron criticadas como principales causantes de la recesi\u00f3n. Las advertencias que realizaron. 17 de agosto de 2026 &#8211; 23:44 Copiar enlaceCopiar enlace Compartir en XX Compartir en BlueskyBluesky Compartir en FacebookFacebook Compartir en LinkedinLinkedin Compartir [&hellip;]<\/p>\n","protected":false},"author":1,"featured_media":2632,"comment_status":"open","ping_status":"","sticky":false,"template":"template-ancho-completo.php","format":"standard","meta":{"content-type":"","footnotes":"","jetpack_publicize_message":"","jetpack_publicize_feature_enabled":true,"jetpack_social_post_already_shared":true,"jetpack_social_options":{"image_generator_settings":{"template":"highway","default_image_id":0,"font":"","enabled":false},"version":2}},"categories":[128],"tags":[],"class_list":["post-2633","post","type-post","status-publish","format-standard","has-post-thumbnail","hentry","category-pagina12"],"aioseo_notices":[],"jetpack_publicize_connections":[],"_links":{"self":[{"href":"https:\/\/contabilidadfamiliar.com\/index.php\/wp-json\/wp\/v2\/posts\/2633","targetHints":{"allow":["GET"]}}],"collection":[{"href":"https:\/\/contabilidadfamiliar.com\/index.php\/wp-json\/wp\/v2\/posts"}],"about":[{"href":"https:\/\/contabilidadfamiliar.com\/index.php\/wp-json\/wp\/v2\/types\/post"}],"author":[{"embeddable":true,"href":"https:\/\/contabilidadfamiliar.com\/index.php\/wp-json\/wp\/v2\/users\/1"}],"replies":[{"embeddable":true,"href":"https:\/\/contabilidadfamiliar.com\/index.php\/wp-json\/wp\/v2\/comments?post=2633"}],"version-history":[{"count":0,"href":"https:\/\/contabilidadfamiliar.com\/index.php\/wp-json\/wp\/v2\/posts\/2633\/revisions"}],"wp:featuredmedia":[{"embeddable":true,"href":"https:\/\/contabilidadfamiliar.com\/index.php\/wp-json\/wp\/v2\/media\/2632"}],"wp:attachment":[{"href":"https:\/\/contabilidadfamiliar.com\/index.php\/wp-json\/wp\/v2\/media?parent=2633"}],"wp:term":[{"taxonomy":"category","embeddable":true,"href":"https:\/\/contabilidadfamiliar.com\/index.php\/wp-json\/wp\/v2\/categories?post=2633"},{"taxonomy":"post_tag","embeddable":true,"href":"https:\/\/contabilidadfamiliar.com\/index.php\/wp-json\/wp\/v2\/tags?post=2633"}],"curies":[{"name":"wp","href":"https:\/\/api.w.org\/{rel}","templated":true}]}}