{"id":2617,"date":"2026-08-16T03:21:05","date_gmt":"2026-08-16T03:21:05","guid":{"rendered":"https:\/\/contabilidadfamiliar.com\/index.php\/2026\/08\/16\/el-mercado-laboral-arrasado-por-la-motosierra-2\/"},"modified":"2026-08-16T03:21:05","modified_gmt":"2026-08-16T03:21:05","slug":"el-mercado-laboral-arrasado-por-la-motosierra-2","status":"publish","type":"post","link":"https:\/\/contabilidadfamiliar.com\/index.php\/2026\/08\/16\/el-mercado-laboral-arrasado-por-la-motosierra-2\/","title":{"rendered":"El mercado laboral arrasado por la motosierra"},"content":{"rendered":" \n                                        <p><div class=\"extracted-content\"><div id=\"readability-page-1\" class=\"page\"><div id=\"fusion-app\" data-style-direction=\"vertical\" data-style-justification=\"start\" data-style-alignment=\"unset\" data-style-inline=\"false\" data-style-wrap=\"nowrap\"><header><div id=\"main-nav\" aria-label=\"Sections Menu\"><a title=\"Pagina 12\" href=\"\/\"><\/a><\/div><\/header><main><div data-style-direction=\"vertical\" data-style-justification=\"start\" data-style-alignment=\"unset\" data-style-inline=\"false\" data-style-wrap=\"nowrap\"> <!-- --> <h2>El empleo registrado volvi\u00f3 a caer y los despidos se multiplican<\/h2> <!-- --> <!-- --> <h3>Desde que asumi\u00f3 Milei se destruyeron m\u00e1s de 411.000 puestos de trabajo. Solo en los \u00faltimos 12 meses, la p\u00e9rdida llega a 110.000. Los trabajos refugio ya no alcanzan a reducir la tasa de desocupaci\u00f3n. El deterioro comienza a traducirse en el cierre de 33 firmas por d\u00eda.<\/h3><div><time datetime=\"2026-08-15T03:01:00Z\">15 de agosto de 2026 &#8211; 03:01<\/time><div><\/div><\/div><div><\/div><\/div><\/main><section><div> <h3>\u00daltimas Noticias<\/h3><\/div><div><div> <h3>Exclusivo para<\/h3><\/div><div><a href=\"\/2026\/08\/15\/la-historia-de-la-nena-que-fue-secuestrada-dos-veces-por-los-represores-de-la-esma\/\"><div data-placeholder=\"true\"><picture><source aspectratio=\"3\/2\" media=\"(max-width: 767px)\" srcset=\"https:\/\/www.pagina12.com.ar\/resizer\/v2\/EF3CI3DGDJCG3MECJI4OQBIRWA.jpg?quality=75&amp;auth=c0240c0f94dba91f980cc95415c64fb4fbfbcc2ceea42dfa9884d68488d4533a&amp;width=380\" width=\"380\"><\/picture><\/div><\/a><\/div><\/div><div> <h3>El Pa\u00eds<\/h3><\/div><div> <h3>Econom\u00eda<\/h3><\/div><div> <h3>Sociedad<\/h3><\/div><div> <h3>Deportes<\/h3><\/div><\/section><\/div><\/div><\/div><\/p>\n                                        \n                                        \n                                        <p>Fuente: <a href=\"https:\/\/www.pagina12.com.ar\/2026\/08\/14\/el-mercado-laboral-arrasado-por-la-motosierra\/\">Enlace original<\/a><\/p>\n                                        ","protected":false},"excerpt":{"rendered":"<p>El empleo registrado volvi\u00f3 a caer y los despidos se multiplican Desde que asumi\u00f3 Milei se destruyeron m\u00e1s de 411.000 puestos de trabajo. Solo en los \u00faltimos 12 meses, la p\u00e9rdida llega a 110.000. Los trabajos refugio ya no alcanzan a reducir la tasa de desocupaci\u00f3n. El deterioro comienza a traducirse en el cierre de [&hellip;]<\/p>\n","protected":false},"author":1,"featured_media":2616,"comment_status":"open","ping_status":"","sticky":false,"template":"template-ancho-completo.php","format":"standard","meta":{"content-type":"","footnotes":"","jetpack_publicize_message":"","jetpack_publicize_feature_enabled":true,"jetpack_social_post_already_shared":true,"jetpack_social_options":{"image_generator_settings":{"template":"highway","default_image_id":0,"font":"","enabled":false},"version":2}},"categories":[128],"tags":[],"class_list":["post-2617","post","type-post","status-publish","format-standard","has-post-thumbnail","hentry","category-pagina12"],"aioseo_notices":[],"jetpack_publicize_connections":[],"_links":{"self":[{"href":"https:\/\/contabilidadfamiliar.com\/index.php\/wp-json\/wp\/v2\/posts\/2617","targetHints":{"allow":["GET"]}}],"collection":[{"href":"https:\/\/contabilidadfamiliar.com\/index.php\/wp-json\/wp\/v2\/posts"}],"about":[{"href":"https:\/\/contabilidadfamiliar.com\/index.php\/wp-json\/wp\/v2\/types\/post"}],"author":[{"embeddable":true,"href":"https:\/\/contabilidadfamiliar.com\/index.php\/wp-json\/wp\/v2\/users\/1"}],"replies":[{"embeddable":true,"href":"https:\/\/contabilidadfamiliar.com\/index.php\/wp-json\/wp\/v2\/comments?post=2617"}],"version-history":[{"count":0,"href":"https:\/\/contabilidadfamiliar.com\/index.php\/wp-json\/wp\/v2\/posts\/2617\/revisions"}],"wp:featuredmedia":[{"embeddable":true,"href":"https:\/\/contabilidadfamiliar.com\/index.php\/wp-json\/wp\/v2\/media\/2616"}],"wp:attachment":[{"href":"https:\/\/contabilidadfamiliar.com\/index.php\/wp-json\/wp\/v2\/media?parent=2617"}],"wp:term":[{"taxonomy":"category","embeddable":true,"href":"https:\/\/contabilidadfamiliar.com\/index.php\/wp-json\/wp\/v2\/categories?post=2617"},{"taxonomy":"post_tag","embeddable":true,"href":"https:\/\/contabilidadfamiliar.com\/index.php\/wp-json\/wp\/v2\/tags?post=2617"}],"curies":[{"name":"wp","href":"https:\/\/api.w.org\/{rel}","templated":true}]}}