{"id":2595,"date":"2026-08-14T03:37:32","date_gmt":"2026-08-14T03:37:32","guid":{"rendered":"https:\/\/contabilidadfamiliar.com\/index.php\/2026\/08\/14\/crecio-en-mayo-el-cierre-de-empresas-2\/"},"modified":"2026-08-14T03:37:32","modified_gmt":"2026-08-14T03:37:32","slug":"crecio-en-mayo-el-cierre-de-empresas-2","status":"publish","type":"post","link":"https:\/\/contabilidadfamiliar.com\/index.php\/2026\/08\/14\/crecio-en-mayo-el-cierre-de-empresas-2\/","title":{"rendered":"Creci\u00f3 en mayo el cierre de empresas"},"content":{"rendered":" \n                                        <p><div class=\"extracted-content\"><div id=\"readability-page-1\" class=\"page\"><div id=\"fusion-app\" data-style-direction=\"vertical\" data-style-justification=\"start\" data-style-alignment=\"unset\" data-style-inline=\"false\" data-style-wrap=\"nowrap\"><header><div id=\"main-nav\" aria-label=\"Sections Menu\"><div><div><a title=\"Pagina 12\" href=\"\/\"><\/a><\/div><nav><li><a href=\"\/edicion-impresa\">Edici\u00f3n Impresa<\/a><\/li><li><a href=\"\/mundial-2026\">Mundial de F\u00fatbol 2026<\/a><\/li><li><a href=\"\/el-pais\">El Pa\u00eds<\/a><\/li><li><a href=\"\/economia\">Econom\u00eda<\/a><\/li><li><a href=\"\/sociedad\">Sociedad<\/a><\/li><li><a href=\"\/cultura-y-espectaculos\">Cultura <\/a><\/li><li><a href=\"\/deportes\">Deportes<\/a><\/li><li><a href=\"\/el-mundo\">El Mundo<\/a><\/li><li><a href=\"\/recordatorios\">Recordatorios<\/a><\/li><li><a href=\"\/buenos-aires12\">Buenos Aires|12<\/a><\/li><li><a href=\"\/rosario12\">Rosario|12<\/a><\/li><li><a href=\"\/contratapa\">Contratapa<\/a><\/li><\/nav><\/div><div><a title=\"Pagina 12\" href=\"\/\"><\/a><\/div><div><a aria-disabled=\"true\" href=\"\/argentina12\"><div><span><span><\/span>MIR\u00c1<\/span><\/div><\/a><\/div><div data-style-direction=\"vertical\" data-style-justification=\"start\" data-style-alignment=\"unset\" data-style-inline=\"false\" data-style-wrap=\"nowrap\" id=\"flyout-overlay\"><ul data-style-direction=\"vertical\" data-style-justification=\"start\" data-style-alignment=\"unset\" data-style-inline=\"false\" data-style-wrap=\"nowrap\"><li><a href=\"\/edicion-impresa\">Edici\u00f3n Impresa<\/a><\/li><li><a href=\"\/mundial-2026\">Mundial de F\u00fatbol 2026<\/a><\/li><li><a href=\"\/el-pais\">El Pa\u00eds<\/a><\/li><li><a href=\"\/economia\">Econom\u00eda<\/a><\/li><li><a href=\"\/sociedad\">Sociedad<\/a><\/li><li><a href=\"\/deportes\">Deportes<\/a><\/li><li><a href=\"\/el-mundo\">El Mundo<\/a><\/li><li><a href=\"\/opinion\">Opini\u00f3n<\/a><\/li><li><a href=\"\/contratapa\">Contratapa<\/a><\/li><li><a href=\"\/recordatorios\">Recordatorios<\/a><\/li><li><a href=\"\/50-anos-del-golpe\">50 A\u00f1os del Golpe<\/a><\/li><li><a href=\"\/cultura-y-espectaculos\">Cultura <\/a><\/li><li><a href=\"\/cash\">Cash<\/a><\/li><li><a href=\"\/am750\">Radio 750 <\/a><\/li><li><a href=\"\/buenos-aires12\">Buenos Aires|12<\/a><\/li><li><a href=\"\/rosario12\">Rosario|12<\/a><\/li><li><a href=\"\/salta12\">Salta|12<\/a><\/li><li><a href=\"\/cordoba12\">C\u00f3rdoba|12<\/a><\/li><li><a href=\"\/argentina12\">Argentina|12<\/a><\/li><li><a href=\"\/radar\">Radar<\/a><\/li><li><a href=\"\/radar-libros\">Radar Libros<\/a><\/li><li><a href=\"\/soy\">Soy<\/a><\/li><li><a href=\"\/las12\">Las12<\/a><\/li><li><a href=\"\/no\">No<\/a><\/li><li><a href=\"\/negrx\">Negrx<\/a><\/li><li><a href=\"\/ciencia\">Ciencia<\/a><\/li><li><a href=\"\/universidad\">Universidad<\/a><\/li><li><a href=\"\/psicologia\">Psicolog\u00eda<\/a><\/li><li><a href=\"\/comunicacion-y-periodismo\">La Ventana<\/a><\/li><li><a href=\"\/plastica\">Pl\u00e1stica<\/a><\/li><li><a href=\"\/entrevistas\">Di\u00e1logos<\/a><\/li><li><a href=\"https:\/\/socios.pagina12.com.ar\/\" rel=\"noreferrer\" target=\"_blank\"><span>Opens in new window<\/span><\/a><\/li><li><span>Suplementos Especiales<\/span><div><ul id=\"header_sub_section_suplementos\"><li><\/li><li><\/li><\/ul><\/div><\/li><li><a href=\"\/latinoamerica-piensa\">Latinoam\u00e9rica Piensa<\/a><\/li><li><a href=\"\/malena\">Malena<\/a><\/li><li><a href=\"\/publico\">P\u00fablico<\/a><\/li><li><\/li><\/ul><\/div><\/div><\/header><main><div data-style-direction=\"vertical\" data-style-justification=\"start\" data-style-alignment=\"unset\" data-style-inline=\"false\" data-style-wrap=\"nowrap\"><div><a href=\"\/\">Portada<\/a><h5><a href=\"\/economia\">Econom\u00eda<\/a><\/h5><\/div> <!-- --> <h2>Seg\u00fan datos del sistema previsional, fueron 8438 en cinco meses<\/h2> <!-- --> <!-- --> <h3>El ritmo de desaparici\u00f3n de firmas empleadoras se elev\u00f3 de 30 mensuales a 76. En mayo cerraron 2371 firmas<\/h3><div><div><a href=\"\/autores\/mara-pedrazzoli\"><span>Por<!-- --> <\/span><span>Mara Pedrazzoli<\/span><\/a><\/div><div><time datetime=\"2026-08-14T03:01:00Z\">14 de agosto de 2026 &#8211; 03:01<\/time><div><ul><li><span data-variant=\"info\" data-placement=\"top\"><span role=\"tooltip\">Copiar enlace<\/span><\/span><span>Copiar enlace<\/span><\/li><li><span data-variant=\"info\" data-placement=\"top\"><span role=\"tooltip\">Compartir en X<\/span><\/span><span>X<\/span><\/li><li><span data-variant=\"info\" data-placement=\"top\"><span role=\"tooltip\">Compartir en Bluesky<\/span><\/span><span>Bluesky<\/span><\/li><li><span data-variant=\"info\" data-placement=\"top\"><span role=\"tooltip\">Compartir en Facebook<\/span><\/span><span>Facebook<\/span><\/li><li><span data-variant=\"info\" data-placement=\"top\"><span role=\"tooltip\">Compartir en Linkedin<\/span><\/span><span>Linkedin<\/span><\/li><li><span data-variant=\"info\" data-placement=\"top\"><span role=\"tooltip\">Compartir en WhatsApp<\/span><\/span><span>WhatsApp<\/span><\/li><li><span data-variant=\"info\" data-placement=\"top\"><span role=\"tooltip\">Compartir en Telegram<\/span><\/span><span>Telegram<\/span><\/li><li><span data-variant=\"info\" data-placement=\"top\"><span role=\"tooltip\">Compartir por mail<\/span><\/span><span>Mail<\/span><\/li><\/ul><\/div><\/div><\/div><div><\/div><\/div><\/main><section><div><div> <h3>\u00daltimas Noticias<\/h3><\/div><div><div><a href=\"\/2026\/08\/14\/cecilia-roth-moria-es-una-mujer-de-una-absoluta-honestidad\/\"><div data-placeholder=\"true\"><picture><source aspectratio=\"3\/2\" media=\"(max-width: 767px)\" srcset=\"https:\/\/www.pagina12.com.ar\/resizer\/v2\/NIWYIBRVBZCMHAP6CUMLP3ADQQ.jpg?quality=75&amp;auth=cc293e0dd02b7752c63af7ef65b18ec1bf505ae22c28689c116562f74f91e343&amp;width=380\" width=\"380\"><\/picture><\/div><\/a><div><a href=\"\/2026\/08\/14\/cecilia-roth-moria-es-una-mujer-de-una-absoluta-honestidad\/\"><div><div><span>La actriz compone una de las versiones de la vedette en la biopic de Netflix <\/span><\/div> <h4>Cecilia Roth: \u201cMoria es una mujer de una absoluta honestidad\u201d<\/h4><\/div><\/a><div><a href=\"\/autores\/federico-lisica\"><span>Por<!-- --> <\/span><span>Federico Lisica<\/span><\/a><\/div><\/div><\/div><div><a href=\"\/2026\/08\/14\/un-sector-a-los-tumbos-que-busca-sostenerse\/\"><div data-placeholder=\"true\"><picture><source aspectratio=\"3\/2\" media=\"(max-width: 767px)\" srcset=\"https:\/\/www.pagina12.com.ar\/resizer\/v2\/3J2SUGWJCZBB7FITPONQC5JRZ4.jpg?quality=75&amp;auth=71ad4d4fe8cfd67afff88a58c002972e777e3226b024022d3a9e5d522f595785&amp;width=380\" width=\"380\"><\/picture><\/div><div><div><span>Due\u00f1os de taxis pedir\u00e1n una pr\u00f3rroga para la renovaci\u00f3n de coches<\/span><\/div> <h4>Un sector a los tumbos que busca sostenerse<\/h4><\/div><\/a><\/div><div><a href=\"\/2026\/08\/14\/blanca-oteyza-quisimos-rescatar-el-lado-mas-humano-de-xirgu\/\"><div data-placeholder=\"true\"><picture><source aspectratio=\"3\/2\" media=\"(max-width: 767px)\" srcset=\"https:\/\/www.pagina12.com.ar\/resizer\/v2\/ETL7J63QT5GBFD25YVTE5LO6AI.JPG?quality=75&amp;auth=d50f496e1db9e030afd17806614d226dc64b414e26e5c05fd22ab7da70cb51aa&amp;width=380\" width=\"380\"><\/picture><\/div><\/a><div><a href=\"\/2026\/08\/14\/blanca-oteyza-quisimos-rescatar-el-lado-mas-humano-de-xirgu\/\"><div><div><span>La actriz espa\u00f1ola protagoniza \u201cMargarita Xirgu\u201d en el CCK (fotos: Guadalupe Lombardo)<\/span><\/div> <h4>Blanca Oteyza: \u201cQuisimos rescatar el lado m\u00e1s humano de Xirgu\u201d<\/h4><\/div><\/a><div><a href=\"\/autores\/oscar-ranzani\"><span>Por<!-- --> <\/span><span>Oscar Ranzani<\/span><\/a><\/div><\/div><\/div><div><a href=\"\/2026\/08\/14\/la-onda-es-bancar-la-gorra-despues-se-vera\/\"><div data-placeholder=\"true\"><picture><source aspectratio=\"3\/2\" media=\"(max-width: 767px)\" srcset=\"https:\/\/www.pagina12.com.ar\/resizer\/v2\/6FMKDSKIS5BNZMQUXX2CPUEGIU.jpg?quality=75&amp;auth=0eeb1e8c3a02314c0ce805ae8e0b25c7c6b052a2ba593060674a94e977603aff&amp;width=380\" width=\"380\"><\/picture><\/div><div><div><span>Mensaje pol\u00edtico del gobierno provincial a la Polic\u00eda de Rosario<\/span><\/div> <h4>La onda es bancar la gorra, despu\u00e9s se ver\u00e1<\/h4><\/div><\/a><\/div><\/div><\/div><div><div> <h3>Exclusivo para<\/h3><\/div><div><div><a href=\"\/2026\/08\/13\/avanzan-las-ventas-de-los-terrenos-del-procrear\/\"><div data-placeholder=\"true\"><picture><source aspectratio=\"3\/2\" media=\"(max-width: 767px)\" srcset=\"https:\/\/www.pagina12.com.ar\/resizer\/v2\/7HCFZYOH5ZCBTJNS4CLPT2AMMY.jpg?quality=75&amp;auth=9053dd8e34c3b655c73bdfaff190019a206b22dbf33f30d1e1f5a8cf63403c60&amp;width=380\" width=\"380\"><\/picture><\/div><\/a><div><a href=\"\/2026\/08\/13\/avanzan-las-ventas-de-los-terrenos-del-procrear\/\"><div><div><span>La mayor\u00eda de los predios est\u00e1n en la Provincia de Buenos Aires<\/span><\/div> <h4>Avanzan las ventas de los terrenos del Procrear<\/h4><\/div><\/a><div><a href=\"\/autores\/santiago-brunetto\"><span>Por<!-- --> <\/span><span>Santiago Brunetto<\/span><\/a><\/div><\/div><\/div><div><a href=\"\/2026\/08\/13\/mas-creditos-pero-en-dolares\/\"><div data-placeholder=\"true\"><picture><source aspectratio=\"3\/2\" media=\"(max-width: 767px)\" srcset=\"https:\/\/www.pagina12.com.ar\/resizer\/v2\/XVCT5WYGBFADPPUGOMWOWYROHI.jpg?quality=75&amp;auth=603f751960782374292009d44ddbadc4cc4aa28fe171a307be60605ea273f755&amp;width=380\" width=\"380\"><\/picture><\/div><div><div><span>El l\u00edmite del saldo prestable ser\u00e1 el 15% del total de dep\u00f3sitos<\/span><\/div> <h4>M\u00e1s cr\u00e9ditos, pero en d\u00f3lares<\/h4><\/div><\/a><\/div><div><a href=\"\/2026\/08\/13\/el-parlamento-sueco-aprobo-bajar-la-edad-de-responsabilidad-penal-a-14-anos\/\"><div data-placeholder=\"true\"><picture><source aspectratio=\"3\/2\" media=\"(max-width: 767px)\" srcset=\"https:\/\/www.pagina12.com.ar\/resizer\/v2\/ALQRKL3MKFE2TBKU6RVUJJ4PQQ.jpg?quality=75&amp;auth=dff38b43f37e40e1e6b5c40f66b7a5ab3826ae0be30bba61c0a5352ada47ea30&amp;width=380\" width=\"380\"><\/picture><\/div><div><div><span>Entrar\u00e1 en vigencia tres d\u00edas antes de las elecciones<\/span><\/div> <h4>El Parlamento sueco aprob\u00f3 bajar la edad de responsabilidad penal a 14 a\u00f1os <\/h4><\/div><\/a><\/div><div><a href=\"\/2026\/08\/13\/el-dolar-pego-otro-salto\/\"><div data-placeholder=\"true\"><picture><source aspectratio=\"3\/2\" media=\"(max-width: 767px)\" srcset=\"https:\/\/www.pagina12.com.ar\/resizer\/v2\/MZSTEMZZHEYDEMRVGFTDENDCGM.jpg?quality=75&amp;auth=971c1e0f993e55b723c7ad39f5e214c6a99b114b5a0f30f61fc9b8067b81d660&amp;width=380\" width=\"380\"><\/picture><\/div><div><div><span>Mercado<\/span><\/div> <h4>El d\u00f3lar peg\u00f3 otro salto<\/h4><\/div><\/a><\/div><\/div><\/div><div><div> <h3>El Pa\u00eds<\/h3><\/div><div><div><a href=\"\/2026\/08\/14\/votos-y-pagos-la-practica-que-se-hizo-sistematica\/\"><div data-placeholder=\"true\"><picture><source aspectratio=\"3\/2\" media=\"(max-width: 767px)\" srcset=\"https:\/\/www.pagina12.com.ar\/resizer\/v2\/ZKMFSOQZWZAU5KOBJGM2METOLY.jpg?quality=75&amp;auth=484c9de6e377daaa2fa508167548436c32bebaff58e77efba7ee57d1bbec6c06&amp;width=380\" width=\"380\"><\/picture><\/div><\/a><div><a href=\"\/2026\/08\/14\/votos-y-pagos-la-practica-que-se-hizo-sistematica\/\"><div><div><span>Nuevos datos complican al Gobierno por el desv\u00edo de fondos<\/span><\/div> <h4>Votos y pagos, la pr\u00e1ctica que se hizo sistem\u00e1tica<\/h4><\/div><\/a><div><a href=\"\/autores\/irina-hauser\"><span>Por<!-- --> <\/span><span>Irina Hauser<\/span><\/a><\/div><\/div><\/div><div><a href=\"\/2026\/08\/13\/freno-a-causas-de-lesa-y-fallos-contra-trabajadores-el-perfil-de-los-jueces-que-milei-busca-retener\/\"><div data-placeholder=\"true\"><picture><source aspectratio=\"3\/2\" media=\"(max-width: 767px)\" srcset=\"https:\/\/www.pagina12.com.ar\/resizer\/v2\/6UPUGXNV5ZGQTLTNRFN3EHDGOA.jpg?quality=75&amp;auth=8dfd109f068b9f7b1c37775a5bc905c6867c9b6c515ddf5e318afe25b6bfae73&amp;width=380\" width=\"380\"><\/picture><\/div><\/a><div><a href=\"\/2026\/08\/13\/freno-a-causas-de-lesa-y-fallos-contra-trabajadores-el-perfil-de-los-jueces-que-milei-busca-retener\/\"><div><div><span>Aval para que dos magistrados sigan despu\u00e9s de los 75 a\u00f1os<\/span><\/div> <h4>Freno a causas de lesa y fallos contra trabajadores: el perfil de los jueces que Milei busca retener<\/h4><\/div><\/a><div><a href=\"\/autores\/luciana-bertoia\"><span>Por<!-- --> <\/span><span>Luciana Bertoia<\/span><\/a><\/div><\/div><\/div><div><a href=\"\/2026\/08\/13\/triunfo-del-pueblo-derrota-mileista\/\"><div data-placeholder=\"true\"><picture><source aspectratio=\"3\/2\" media=\"(max-width: 767px)\" srcset=\"https:\/\/www.pagina12.com.ar\/resizer\/v2\/Y5LUOV7AXZHVPKCSPRVRX3M4HQ.jpg?quality=75&amp;auth=0e7c91f6c0011c77cbf0a26d5f20ec76c161336e16d4fd7a8317216b5a2b53e3&amp;width=380\" width=\"380\"><\/picture><\/div><\/a><div><a href=\"\/2026\/08\/13\/triunfo-del-pueblo-derrota-mileista\/\"><div><div><\/div> <h4>Triunfo del pueblo, derrota mile\u00edsta <\/h4><\/div><\/a><div><a href=\"\/autores\/juan-carlos-junio\"><span>Por<!-- --> <\/span><span>Juan Carlos Junio<\/span><\/a><\/div><\/div><\/div><div><a href=\"\/2026\/08\/13\/flybondi-la-libertad-de-vender-pasajes-cancelar-vuelos-y-no-pagar-sueldos\/\"><div data-placeholder=\"true\"><picture><source aspectratio=\"3\/2\" media=\"(max-width: 767px)\" srcset=\"https:\/\/www.pagina12.com.ar\/resizer\/v2\/7JLSWTXLZRHAFAVCYRPEZOBSGU.jpg?quality=75&amp;auth=6622330a18e5b23505b6f15f5d7b24ec6652747a287aa8def9f65ac7cc5e9ca7&amp;width=380\" width=\"380\"><\/picture><\/div><div><div><span>La Low Cost que vaci\u00f3 un socio de Milei<\/span><\/div> <h4>Flybondi: \u201cLa libertad\u201d de vender pasajes, cancelar vuelos y no pagar sueldos<\/h4><\/div><\/a><\/div><\/div><\/div><div><div> <h3>Econom\u00eda<\/h3><\/div><div><div><a href=\"\/2026\/08\/13\/mas-creditos-pero-en-dolares\/\"><div data-placeholder=\"true\"><picture><source aspectratio=\"3\/2\" media=\"(max-width: 767px)\" srcset=\"https:\/\/www.pagina12.com.ar\/resizer\/v2\/XVCT5WYGBFADPPUGOMWOWYROHI.jpg?quality=75&amp;auth=603f751960782374292009d44ddbadc4cc4aa28fe171a307be60605ea273f755&amp;width=380\" width=\"380\"><\/picture><\/div><div><div><span>El l\u00edmite del saldo prestable ser\u00e1 el 15% del total de dep\u00f3sitos<\/span><\/div> <h4>M\u00e1s cr\u00e9ditos, pero en d\u00f3lares<\/h4><\/div><\/a><\/div><div><a href=\"\/2026\/08\/13\/tras-tres-meses-volvio-a-subir-la-inflacion\/\"><div data-placeholder=\"true\"><picture><source aspectratio=\"3\/2\" media=\"(max-width: 767px)\" srcset=\"https:\/\/www.pagina12.com.ar\/resizer\/v2\/HPZX77MVIFFDRPKWPYL64PAD7I.jpg?quality=75&amp;auth=00e60d5b3e911df45f6be53d4edc7bc0771d1c2d5e61fca8965ed387496607b3&amp;width=380\" width=\"380\"><\/picture><\/div><div><div><span>A\u00fan con recesi\u00f3n, d\u00f3lar y sueldos pisados, INDEC report\u00f3 un alza del 2,1 en julio<\/span><\/div> <h4>Tras tres meses, volvi\u00f3 a subir la inflaci\u00f3n <\/h4><\/div><\/a><\/div><div><a href=\"\/2026\/08\/13\/un-millon-y-medio-para-no-ser-pobre\/\"><div data-placeholder=\"true\"><picture><source aspectratio=\"3\/2\" media=\"(max-width: 767px)\" srcset=\"https:\/\/www.pagina12.com.ar\/resizer\/v2\/GI4GKMTFGM3TONTBGZSDSN3GMI.jpg?quality=75&amp;auth=31e9ae2018b141931916f40fc510df0eda7abc552b2082b99d47999a457e5496&amp;width=380\" width=\"380\"><\/picture><\/div><div><div><span>M\u00e1s de 700 mil para no caer en la indigencia<\/span><\/div> <h4>Un mill\u00f3n y medio para no ser pobre<\/h4><\/div><\/a><\/div><div><a href=\"\/2026\/08\/13\/el-dolar-pego-otro-salto\/\"><div data-placeholder=\"true\"><picture><source aspectratio=\"3\/2\" media=\"(max-width: 767px)\" srcset=\"https:\/\/www.pagina12.com.ar\/resizer\/v2\/MZSTEMZZHEYDEMRVGFTDENDCGM.jpg?quality=75&amp;auth=971c1e0f993e55b723c7ad39f5e214c6a99b114b5a0f30f61fc9b8067b81d660&amp;width=380\" width=\"380\"><\/picture><\/div><div><div><span>Mercado<\/span><\/div> <h4>El d\u00f3lar peg\u00f3 otro salto<\/h4><\/div><\/a><\/div><\/div><\/div><div><div> <h3>Sociedad<\/h3><\/div><div><div><a href=\"\/2026\/08\/13\/el-gobierno-designa-a-una-experta-en-ia-floja-de-papers\/\"><div data-placeholder=\"true\"><picture><source aspectratio=\"3\/2\" media=\"(max-width: 767px)\" srcset=\"https:\/\/www.pagina12.com.ar\/resizer\/v2\/IQNV6VVTDFCQHNPDP6AVLSNY2M.jpg?quality=75&amp;auth=39d60387121e513746ca4c59430a4a93277efa024e760cdb96484a65f6f7d197&amp;width=380\" width=\"380\"><\/picture><\/div><\/a><div><a href=\"\/2026\/08\/13\/el-gobierno-designa-a-una-experta-en-ia-floja-de-papers\/\"><div><div><span>Adriana Baravalle es la nueva titular de la Secretar\u00eda de Innovaci\u00f3n, Ciencia y Tecnolog\u00eda<\/span><\/div> <h4>El gobierno designa a una experta en IA floja de papers<\/h4><\/div><\/a><div><a href=\"\/autores\/pablo-esteban\"><span>Por<!-- --> <\/span><span>Pablo Esteban<\/span><\/a><\/div><\/div><\/div><div><a href=\"\/2026\/08\/13\/el-parlamento-sueco-aprobo-bajar-la-edad-de-responsabilidad-penal-a-14-anos\/\"><div data-placeholder=\"true\"><picture><source aspectratio=\"3\/2\" media=\"(max-width: 767px)\" srcset=\"https:\/\/www.pagina12.com.ar\/resizer\/v2\/ALQRKL3MKFE2TBKU6RVUJJ4PQQ.jpg?quality=75&amp;auth=dff38b43f37e40e1e6b5c40f66b7a5ab3826ae0be30bba61c0a5352ada47ea30&amp;width=380\" width=\"380\"><\/picture><\/div><div><div><span>Entrar\u00e1 en vigencia tres d\u00edas antes de las elecciones<\/span><\/div> <h4>El Parlamento sueco aprob\u00f3 bajar la edad de responsabilidad penal a 14 a\u00f1os <\/h4><\/div><\/a><\/div><div><a href=\"\/2026\/08\/13\/avanzan-las-ventas-de-los-terrenos-del-procrear\/\"><div data-placeholder=\"true\"><picture><source aspectratio=\"3\/2\" media=\"(max-width: 767px)\" srcset=\"https:\/\/www.pagina12.com.ar\/resizer\/v2\/7HCFZYOH5ZCBTJNS4CLPT2AMMY.jpg?quality=75&amp;auth=9053dd8e34c3b655c73bdfaff190019a206b22dbf33f30d1e1f5a8cf63403c60&amp;width=380\" width=\"380\"><\/picture><\/div><\/a><div><a href=\"\/2026\/08\/13\/avanzan-las-ventas-de-los-terrenos-del-procrear\/\"><div><div><span>La mayor\u00eda de los predios est\u00e1n en la Provincia de Buenos Aires<\/span><\/div> <h4>Avanzan las ventas de los terrenos del Procrear<\/h4><\/div><\/a><div><a href=\"\/autores\/santiago-brunetto\"><span>Por<!-- --> <\/span><span>Santiago Brunetto<\/span><\/a><\/div><\/div><\/div><div><a href=\"\/2026\/08\/13\/la-corte-de-eeuu-desestimo-la-demanda-del-gobierno-de-trump-contra-harvard-por-antisemitismo\/\"><div data-placeholder=\"true\"><picture><source aspectratio=\"3\/2\" media=\"(max-width: 767px)\" srcset=\"https:\/\/www.pagina12.com.ar\/resizer\/v2\/BJOSQUCXLBCCZJ2GHSYG42AN4Y.jpg?quality=75&amp;auth=c287020c4329fb352761decdb0c8b5038106a85ad36d975b9975f1a52ec787f9&amp;width=380\" width=\"380\"><\/picture><\/div><div><div><span>Harvard defiende su funcionamiento aut\u00f3nomo<\/span><\/div> <h4>Una corte de EEUU desestim\u00f3 la demanda del gobierno de Trump contra Harvard por antisemitismo<\/h4><\/div><\/a><\/div><\/div><\/div><div><div> <h3>Deportes<\/h3><\/div><div><div><a href=\"\/2026\/08\/13\/carlos-tevez-aranda-y-flores-pueden-manejar-perfectamente-la-presion\/\"><div data-placeholder=\"true\"><picture><source aspectratio=\"3\/2\" media=\"(max-width: 767px)\" srcset=\"https:\/\/www.pagina12.com.ar\/resizer\/v2\/ITAR7AXG7BEZJGZE723TZGNOFE.jpg?quality=75&amp;auth=58cb754fc77489e537c3d2431bfa5c3ae6af4d73028130e450fccc57f5b95cfb&amp;width=380\" width=\"380\"><\/picture><\/div><\/a><div><a href=\"\/2026\/08\/13\/carlos-tevez-aranda-y-flores-pueden-manejar-perfectamente-la-presion\/\"><div><div><span>Entrevista mano a mano con el ex delantero de Boca<\/span><\/div> <h4>Carlos Tevez: \u201cAranda y Flores pueden manejar perfectamente la presi\u00f3n\u201d<\/h4><\/div><\/a><div><a href=\"\/autores\/pablo-amalfitano\"><span>Por<!-- --> <\/span><span>Pablo Amalfitano<\/span><\/a><\/div><\/div><\/div><div><a href=\"\/2026\/08\/13\/el-voley-y-momento-magico-tres-triunfos-ante-brasil-en-dos-dias\/\"><div data-placeholder=\"true\"><picture><source aspectratio=\"3\/2\" media=\"(max-width: 767px)\" srcset=\"https:\/\/www.pagina12.com.ar\/resizer\/v2\/JBKBZFPZVRD73MZRJJ4JXPG7FM.jpg?quality=75&amp;auth=9fa476785ee1c47e9de274e7174bf710ed0d8c23ac283189b21ad1b02747d33f&amp;width=380\" width=\"380\"><\/picture><\/div><\/a><div><a href=\"\/2026\/08\/13\/el-voley-y-momento-magico-tres-triunfos-ante-brasil-en-dos-dias\/\"><div><div><span>Ganaron las Panteritas U17, la selecci\u00f3n B masculina y una dupla de beach volley<\/span><\/div> <h4>El v\u00f3ley y un momento m\u00e1gico: tres triunfos ante Brasil en dos d\u00edas<\/h4><\/div><\/a><div><a href=\"\/autores\/florencia-mo\"><span>Por<!-- --> <\/span><span>Florencia M\u00f3<\/span><\/a><\/div><\/div><\/div><div><a href=\"\/2026\/08\/13\/odio-de-clase-y-el-trapo-de-fuerte-apache\/\"><div data-placeholder=\"true\"><picture><source aspectratio=\"3\/2\" media=\"(max-width: 767px)\" srcset=\"https:\/\/www.pagina12.com.ar\/resizer\/v2\/B2TYZRPDABBHHGH5C2T443C3MQ.jpg?quality=75&amp;auth=bc4b6de5fd8ec94f1f4298fc3cb185c8269cebef60b9c8885c3b7dc508de1622&amp;width=380\" width=\"380\"><\/picture><\/div><\/a><div><a href=\"\/2026\/08\/13\/odio-de-clase-y-el-trapo-de-fuerte-apache\/\"><div><div><\/div> <h4>Odio de clase y el trapo de Fuerte Apache<\/h4><\/div><\/a><div><a href=\"\/autores\/jose-luis-lanao\"><span>Por<!-- --> <\/span><span>Jos\u00e9 Luis Lanao<\/span><\/a><\/div><\/div><\/div><div><a href=\"\/2026\/08\/13\/barras-de-san-lorenzo-visitaron-al-plantel-tras-la-derrota-ante-huracan\/\"><div data-placeholder=\"true\"><picture><source aspectratio=\"3\/2\" media=\"(max-width: 767px)\" srcset=\"https:\/\/www.pagina12.com.ar\/resizer\/v2\/FLT7NCNQBRAN3IURKJERMFW7DE.jpg?quality=75&amp;auth=34038e81e9a0aaba43eab4eb7535cd70d7f5ea51bf322240eba297d0aeded240&amp;width=380\" width=\"380\"><\/picture><\/div><div><div><span>El equipo viene de perder el cl\u00e1sico ante Hurac\u00e1n como local<\/span><\/div> <h4>Barras de San Lorenzo \u201cvisitaron\u201d al plantel tras la derrota ante Hurac\u00e1n <\/h4><\/div><\/a><\/div><\/div><\/div><div><div><\/div><\/div><div><div><\/div><\/div><\/section><\/div><\/div><\/div><\/p>\n                                        \n                                        \n                                        <p>Fuente: <a href=\"https:\/\/www.pagina12.com.ar\/2026\/08\/13\/crecio-en-mayo-el-cierre-de-empresas\/\">Enlace original<\/a><\/p>\n                                        ","protected":false},"excerpt":{"rendered":"<p>Edici\u00f3n Impresa Mundial de F\u00fatbol 2026 El Pa\u00eds Econom\u00eda Sociedad Cultura Deportes El Mundo Recordatorios Buenos Aires|12 Rosario|12 Contratapa MIR\u00c1 Edici\u00f3n Impresa Mundial de F\u00fatbol 2026 El Pa\u00eds Econom\u00eda Sociedad Deportes El Mundo Opini\u00f3n Contratapa Recordatorios 50 A\u00f1os del Golpe Cultura Cash Radio 750 Buenos Aires|12 Rosario|12 Salta|12 C\u00f3rdoba|12 Argentina|12 Radar Radar Libros Soy Las12 [&hellip;]<\/p>\n","protected":false},"author":1,"featured_media":2594,"comment_status":"open","ping_status":"","sticky":false,"template":"template-ancho-completo.php","format":"standard","meta":{"content-type":"","footnotes":"","jetpack_publicize_message":"","jetpack_publicize_feature_enabled":true,"jetpack_social_post_already_shared":true,"jetpack_social_options":{"image_generator_settings":{"template":"highway","default_image_id":0,"font":"","enabled":false},"version":2}},"categories":[128],"tags":[],"class_list":["post-2595","post","type-post","status-publish","format-standard","has-post-thumbnail","hentry","category-pagina12"],"aioseo_notices":[],"jetpack_publicize_connections":[],"_links":{"self":[{"href":"https:\/\/contabilidadfamiliar.com\/index.php\/wp-json\/wp\/v2\/posts\/2595","targetHints":{"allow":["GET"]}}],"collection":[{"href":"https:\/\/contabilidadfamiliar.com\/index.php\/wp-json\/wp\/v2\/posts"}],"about":[{"href":"https:\/\/contabilidadfamiliar.com\/index.php\/wp-json\/wp\/v2\/types\/post"}],"author":[{"embeddable":true,"href":"https:\/\/contabilidadfamiliar.com\/index.php\/wp-json\/wp\/v2\/users\/1"}],"replies":[{"embeddable":true,"href":"https:\/\/contabilidadfamiliar.com\/index.php\/wp-json\/wp\/v2\/comments?post=2595"}],"version-history":[{"count":0,"href":"https:\/\/contabilidadfamiliar.com\/index.php\/wp-json\/wp\/v2\/posts\/2595\/revisions"}],"wp:featuredmedia":[{"embeddable":true,"href":"https:\/\/contabilidadfamiliar.com\/index.php\/wp-json\/wp\/v2\/media\/2594"}],"wp:attachment":[{"href":"https:\/\/contabilidadfamiliar.com\/index.php\/wp-json\/wp\/v2\/media?parent=2595"}],"wp:term":[{"taxonomy":"category","embeddable":true,"href":"https:\/\/contabilidadfamiliar.com\/index.php\/wp-json\/wp\/v2\/categories?post=2595"},{"taxonomy":"post_tag","embeddable":true,"href":"https:\/\/contabilidadfamiliar.com\/index.php\/wp-json\/wp\/v2\/tags?post=2595"}],"curies":[{"name":"wp","href":"https:\/\/api.w.org\/{rel}","templated":true}]}}