{"id":2585,"date":"2026-08-14T03:27:41","date_gmt":"2026-08-14T03:27:41","guid":{"rendered":"https:\/\/contabilidadfamiliar.com\/index.php\/2026\/08\/14\/crecio-en-mayo-el-cierre-de-empresas\/"},"modified":"2026-08-14T03:27:41","modified_gmt":"2026-08-14T03:27:41","slug":"crecio-en-mayo-el-cierre-de-empresas","status":"publish","type":"post","link":"https:\/\/contabilidadfamiliar.com\/index.php\/2026\/08\/14\/crecio-en-mayo-el-cierre-de-empresas\/","title":{"rendered":"Creci\u00f3 en mayo el cierre de empresas"},"content":{"rendered":" \n                                        <p><div class=\"extracted-content\"><div id=\"readability-page-1\" class=\"page\"><div id=\"fusion-app\" data-style-direction=\"vertical\" data-style-justification=\"start\" data-style-alignment=\"unset\" data-style-inline=\"false\" data-style-wrap=\"nowrap\"><header><div id=\"main-nav\" aria-label=\"Sections Menu\"><div><div><a title=\"Pagina 12\" href=\"\/\"><\/a><\/div><nav><li><a href=\"\/edicion-impresa\">Edici\u00f3n Impresa<\/a><\/li><li><a href=\"\/mundial-2026\">Mundial de F\u00fatbol 2026<\/a><\/li><li><a href=\"\/el-pais\">El Pa\u00eds<\/a><\/li><li><a href=\"\/economia\">Econom\u00eda<\/a><\/li><li><a href=\"\/sociedad\">Sociedad<\/a><\/li><li><a href=\"\/cultura-y-espectaculos\">Cultura <\/a><\/li><li><a href=\"\/deportes\">Deportes<\/a><\/li><li><a href=\"\/el-mundo\">El Mundo<\/a><\/li><li><a href=\"\/recordatorios\">Recordatorios<\/a><\/li><li><a href=\"\/buenos-aires12\">Buenos Aires|12<\/a><\/li><li><a href=\"\/rosario12\">Rosario|12<\/a><\/li><li><a href=\"\/contratapa\">Contratapa<\/a><\/li><\/nav><\/div><div><a title=\"Pagina 12\" href=\"\/\"><\/a><\/div><div><a aria-disabled=\"true\" href=\"\/argentina12\"><div><span><span><\/span>MIR\u00c1<\/span><\/div><\/a><\/div><div data-style-direction=\"vertical\" data-style-justification=\"start\" data-style-alignment=\"unset\" data-style-inline=\"false\" data-style-wrap=\"nowrap\" id=\"flyout-overlay\"><ul data-style-direction=\"vertical\" data-style-justification=\"start\" data-style-alignment=\"unset\" data-style-inline=\"false\" data-style-wrap=\"nowrap\"><li><a href=\"\/edicion-impresa\">Edici\u00f3n Impresa<\/a><\/li><li><a href=\"\/mundial-2026\">Mundial de F\u00fatbol 2026<\/a><\/li><li><a href=\"\/el-pais\">El Pa\u00eds<\/a><\/li><li><a href=\"\/economia\">Econom\u00eda<\/a><\/li><li><a href=\"\/sociedad\">Sociedad<\/a><\/li><li><a href=\"\/deportes\">Deportes<\/a><\/li><li><a href=\"\/el-mundo\">El Mundo<\/a><\/li><li><a href=\"\/opinion\">Opini\u00f3n<\/a><\/li><li><a href=\"\/contratapa\">Contratapa<\/a><\/li><li><a href=\"\/recordatorios\">Recordatorios<\/a><\/li><li><a href=\"\/50-anos-del-golpe\">50 A\u00f1os del Golpe<\/a><\/li><li><a href=\"\/cultura-y-espectaculos\">Cultura <\/a><\/li><li><a href=\"\/cash\">Cash<\/a><\/li><li><a href=\"\/am750\">Radio 750 <\/a><\/li><li><a href=\"\/buenos-aires12\">Buenos Aires|12<\/a><\/li><li><a href=\"\/rosario12\">Rosario|12<\/a><\/li><li><a href=\"\/salta12\">Salta|12<\/a><\/li><li><a href=\"\/cordoba12\">C\u00f3rdoba|12<\/a><\/li><li><a href=\"\/argentina12\">Argentina|12<\/a><\/li><li><a href=\"\/radar\">Radar<\/a><\/li><li><a href=\"\/radar-libros\">Radar Libros<\/a><\/li><li><a href=\"\/soy\">Soy<\/a><\/li><li><a href=\"\/las12\">Las12<\/a><\/li><li><a href=\"\/no\">No<\/a><\/li><li><a href=\"\/negrx\">Negrx<\/a><\/li><li><a href=\"\/ciencia\">Ciencia<\/a><\/li><li><a href=\"\/universidad\">Universidad<\/a><\/li><li><a href=\"\/psicologia\">Psicolog\u00eda<\/a><\/li><li><a href=\"\/comunicacion-y-periodismo\">La Ventana<\/a><\/li><li><a href=\"\/plastica\">Pl\u00e1stica<\/a><\/li><li><a href=\"\/entrevistas\">Di\u00e1logos<\/a><\/li><li><a href=\"https:\/\/socios.pagina12.com.ar\/\" rel=\"noreferrer\" target=\"_blank\"><span>Opens in new window<\/span><\/a><\/li><li><span>Suplementos Especiales<\/span><div><ul id=\"header_sub_section_suplementos\"><li><\/li><li><\/li><\/ul><\/div><\/li><li><a href=\"\/latinoamerica-piensa\">Latinoam\u00e9rica Piensa<\/a><\/li><li><a href=\"\/malena\">Malena<\/a><\/li><li><a href=\"\/publico\">P\u00fablico<\/a><\/li><li><\/li><\/ul><\/div><\/div><\/header><main><div data-style-direction=\"vertical\" data-style-justification=\"start\" data-style-alignment=\"unset\" data-style-inline=\"false\" data-style-wrap=\"nowrap\"><div><a href=\"\/\">Portada<\/a><h5><a href=\"\/economia\">Econom\u00eda<\/a><\/h5><\/div> <!-- --> <h2>Seg\u00fan datos del sistema previsional, fueron 8438 en cinco meses<\/h2> <!-- --> <!-- --> <h3>El ritmo de desaparici\u00f3n de firmas empleadoras se elev\u00f3 de 30 mensuales a 76. En mayo cerraron 2371 firmas<\/h3><div><div><a href=\"\/autores\/mara-pedrazzoli\"><span>Por<!-- --> <\/span><span>Mara Pedrazzoli<\/span><\/a><\/div><div><time datetime=\"2026-08-14T03:01:00Z\">14 de agosto de 2026 &#8211; 03:01<\/time><div><ul><li><span data-variant=\"info\" data-placement=\"top\"><span role=\"tooltip\">Copiar enlace<\/span><\/span><span>Copiar enlace<\/span><\/li><li><span data-variant=\"info\" data-placement=\"top\"><span role=\"tooltip\">Compartir en X<\/span><\/span><span>X<\/span><\/li><li><span data-variant=\"info\" data-placement=\"top\"><span role=\"tooltip\">Compartir en Bluesky<\/span><\/span><span>Bluesky<\/span><\/li><li><span data-variant=\"info\" data-placement=\"top\"><span role=\"tooltip\">Compartir en Facebook<\/span><\/span><span>Facebook<\/span><\/li><li><span data-variant=\"info\" data-placement=\"top\"><span role=\"tooltip\">Compartir en Linkedin<\/span><\/span><span>Linkedin<\/span><\/li><li><span data-variant=\"info\" data-placement=\"top\"><span role=\"tooltip\">Compartir en WhatsApp<\/span><\/span><span>WhatsApp<\/span><\/li><li><span data-variant=\"info\" data-placement=\"top\"><span role=\"tooltip\">Compartir en Telegram<\/span><\/span><span>Telegram<\/span><\/li><li><span data-variant=\"info\" data-placement=\"top\"><span role=\"tooltip\">Compartir por mail<\/span><\/span><span>Mail<\/span><\/li><\/ul><\/div><\/div><\/div><div><\/div><\/div><\/main><section><div><div> <h3>\u00daltimas Noticias<\/h3><\/div><div><div><a href=\"\/2026\/08\/14\/viaja-a-brasil-sin-ventaja-a-definir-la-serie\/\"><div data-placeholder=\"true\"><picture><source aspectratio=\"3\/2\" media=\"(max-width: 767px)\" srcset=\"https:\/\/www.pagina12.com.ar\/resizer\/v2\/XTLNZW54ANHFRHSB6OSZBWHKXQ.jpeg?quality=75&amp;auth=ed0eab0c9eda0eb8ab0974848f7a95cb5e157ab755838ab99025fb1c78d631bf&amp;width=380\" width=\"380\"><\/picture><\/div><div><div><span>Central no pudo anoche con Corinthians en el Gigante y empat\u00f3 sin goles<\/span><\/div> <h4>Viaja a Brasil sin ventaja a definir la serie<\/h4><\/div><\/a><\/div><div><a href=\"\/2026\/08\/14\/leonardo-favio-en-el-cuerpo-de-un-nino\/\"><div data-placeholder=\"true\"><picture><source aspectratio=\"3\/2\" media=\"(max-width: 767px)\" srcset=\"https:\/\/www.pagina12.com.ar\/resizer\/v2\/HCFYNFX4EBC75OVOBTTVJKCT34.jpg?quality=75&amp;auth=633f2138c5d05afff0624d27e7d34baf17d6539c555b7573ef71bfade3d7854e&amp;width=380\" width=\"380\"><\/picture><\/div><\/a><div><a href=\"\/2026\/08\/14\/leonardo-favio-en-el-cuerpo-de-un-nino\/\"><div><div><span>Escenas<\/span><\/div> <h4>Leonardo Favio en el cuerpo de un ni\u00f1o<\/h4><\/div><\/a><div><a href=\"\/autores\/alejandra-varela\"><span>Por<!-- --> <\/span><span>Alejandra Varela<\/span><\/a><\/div><\/div><\/div><div><a href=\"\/2026\/08\/14\/aves\/\"><div data-placeholder=\"true\"><picture><source aspectratio=\"3\/2\" media=\"(max-width: 767px)\" srcset=\"https:\/\/www.pagina12.com.ar\/resizer\/v2\/ZIIEACFFPBEBXCAFWBD6TJEPYY.jpg?quality=75&amp;auth=3ce4556bdc55f1fbea638c5ba884e6b0df054d2c1c2d90e0423e8c251fd93391&amp;width=380\" width=\"380\"><\/picture><\/div><div><div><div><\/div> <h4>Aves<\/h4><\/div><div><span>Por<!-- --> <\/span><span>Homs<\/span><\/div><\/div><\/a><\/div><div><a href=\"\/2026\/08\/14\/la-isla-de-la-resiliencia\/\"><div data-placeholder=\"true\"><picture><source aspectratio=\"3\/2\" media=\"(max-width: 767px)\" srcset=\"https:\/\/www.pagina12.com.ar\/resizer\/v2\/YY2TNOXTGBEGPKZVPHMFLCQMTU.jpg?quality=75&amp;auth=915bbaeab19e245725cd54a663ef1074d749e61c3a73106624df1a8095f5365b&amp;width=380\" width=\"380\"><\/picture><\/div><\/a><div><a href=\"\/2026\/08\/14\/la-isla-de-la-resiliencia\/\"><div><div><\/div> <h4>La isla de la resiliencia<\/h4><\/div><\/a><div><a href=\"\/autores\/luisa-valenzuela\"><span>Por<!-- --> <\/span><span>Luisa Valenzuela<\/span><\/a><\/div><\/div><\/div><\/div><\/div><div><div> <h3>Exclusivo para<\/h3><\/div><div><div><a href=\"\/2026\/08\/14\/es-el-gobierno-mas-represor-de-la-democracia\/\"><div data-placeholder=\"true\"><picture><source aspectratio=\"3\/2\" media=\"(max-width: 767px)\" srcset=\"https:\/\/www.pagina12.com.ar\/resizer\/v2\/4WXPBKTJQFHABHI7IKOB6PGRKI.jpg?quality=75&amp;auth=9c324a1d881cdb2bbe246617720b3571e626dae03e0940a8670c4833ef1ba2ee&amp;width=380\" width=\"380\"><\/picture><\/div><\/a><div><a href=\"\/2026\/08\/14\/es-el-gobierno-mas-represor-de-la-democracia\/\"><div><div><span>El testimonio de los heridos y detenidos frente al Congreso<\/span><\/div> <h4>\u201cEs el gobierno m\u00e1s represor de la democracia\u201d<\/h4><\/div><\/a><div><a href=\"\/autores\/eva-moreira\"><span>Por<!-- --> <\/span><span>Eva Moreira<\/span><\/a><\/div><\/div><\/div><div><a href=\"\/2026\/08\/14\/la-sede-libertaria-bonaerense-en-caba\/\"><div data-placeholder=\"true\"><picture><source aspectratio=\"3\/2\" media=\"(max-width: 767px)\" srcset=\"https:\/\/www.pagina12.com.ar\/resizer\/v2\/XUYZPVLSJJF37JLPABSY3RQX6U.jpg?quality=75&amp;auth=ecf393479330b588afd2a62aeef5c7ba3dcdf16fc3e5612b0b450cc4044bcfa3&amp;width=380\" width=\"380\"><\/picture><\/div><div><div><span>La inauguraron Karina Milei y Sebasti\u00e1n Pareja<\/span><\/div> <h4>La sede libertaria bonaerense en CABA<\/h4><\/div><\/a><\/div><div><a href=\"\/2026\/08\/13\/luz-y-gas-con-aumento-asegurado\/\"><div data-placeholder=\"true\"><picture><source aspectratio=\"3\/2\" media=\"(max-width: 767px)\" srcset=\"https:\/\/www.pagina12.com.ar\/resizer\/v2\/GFQTSOJSMQ2DGYRQGUYTOMBZG4.jpg?quality=75&amp;auth=f1ce55c71ba164d35218076d3532528e394fb846989181330bddfad07adf9029&amp;width=380\" width=\"380\"><\/picture><\/div><div><div><span>Lo anticip\u00f3 Daniel Gonz\u00e1lez, secretario coordinador de Energ\u00eda<\/span><\/div> <h4>Luz y gas, con aumento asegurado<\/h4><\/div><\/a><\/div><div><a href=\"\/2026\/08\/13\/mas-creditos-pero-en-dolares\/\"><div data-placeholder=\"true\"><picture><source aspectratio=\"3\/2\" media=\"(max-width: 767px)\" srcset=\"https:\/\/www.pagina12.com.ar\/resizer\/v2\/XVCT5WYGBFADPPUGOMWOWYROHI.jpg?quality=75&amp;auth=603f751960782374292009d44ddbadc4cc4aa28fe171a307be60605ea273f755&amp;width=380\" width=\"380\"><\/picture><\/div><div><div><span>El l\u00edmite del saldo prestable ser\u00e1 el 15% del total de dep\u00f3sitos<\/span><\/div> <h4>M\u00e1s cr\u00e9ditos, pero en d\u00f3lares<\/h4><\/div><\/a><\/div><\/div><\/div><div><div> <h3>El Pa\u00eds<\/h3><\/div><div><div><a href=\"\/2026\/08\/14\/votos-y-pagos-la-practica-que-se-hizo-sistematica\/\"><div data-placeholder=\"true\"><picture><source aspectratio=\"3\/2\" media=\"(max-width: 767px)\" srcset=\"https:\/\/www.pagina12.com.ar\/resizer\/v2\/ZKMFSOQZWZAU5KOBJGM2METOLY.jpg?quality=75&amp;auth=484c9de6e377daaa2fa508167548436c32bebaff58e77efba7ee57d1bbec6c06&amp;width=380\" width=\"380\"><\/picture><\/div><\/a><div><a href=\"\/2026\/08\/14\/votos-y-pagos-la-practica-que-se-hizo-sistematica\/\"><div><div><span>Nuevos datos complican al Gobierno por el desv\u00edo de fondos<\/span><\/div> <h4>Votos y pagos, la pr\u00e1ctica que se hizo sistem\u00e1tica<\/h4><\/div><\/a><div><a href=\"\/autores\/irina-hauser\"><span>Por<!-- --> <\/span><span>Irina Hauser<\/span><\/a><\/div><\/div><\/div><div><a href=\"\/2026\/08\/13\/freno-a-causas-de-lesa-y-fallos-contra-trabajadores-el-perfil-de-los-jueces-que-milei-busca-retener\/\"><div data-placeholder=\"true\"><picture><source aspectratio=\"3\/2\" media=\"(max-width: 767px)\" srcset=\"https:\/\/www.pagina12.com.ar\/resizer\/v2\/HPZX77MVIFFDRPKWPYL64PAD7I.jpg?quality=75&amp;auth=00e60d5b3e911df45f6be53d4edc7bc0771d1c2d5e61fca8965ed387496607b3&amp;width=380\" width=\"380\"><\/picture><\/div><\/a><div><a href=\"\/2026\/08\/13\/freno-a-causas-de-lesa-y-fallos-contra-trabajadores-el-perfil-de-los-jueces-que-milei-busca-retener\/\"><div><div><span>Aval para que dos magistrados sigan despu\u00e9s de los 75 a\u00f1os<\/span><\/div> <h4>Freno a causas de lesa y fallos contra trabajadores: el perfil de los jueces que Milei busca retener<\/h4><\/div><\/a><div><a href=\"\/autores\/luciana-bertoia\"><span>Por<!-- --> <\/span><span>Luciana Bertoia<\/span><\/a><\/div><\/div><\/div><div><a href=\"\/2026\/08\/13\/triunfo-del-pueblo-derrota-mileista\/\"><div data-placeholder=\"true\"><picture><source aspectratio=\"3\/2\" media=\"(max-width: 767px)\" srcset=\"https:\/\/www.pagina12.com.ar\/resizer\/v2\/Y5LUOV7AXZHVPKCSPRVRX3M4HQ.jpg?quality=75&amp;auth=0e7c91f6c0011c77cbf0a26d5f20ec76c161336e16d4fd7a8317216b5a2b53e3&amp;width=380\" width=\"380\"><\/picture><\/div><\/a><div><a href=\"\/2026\/08\/13\/triunfo-del-pueblo-derrota-mileista\/\"><div><div><\/div> <h4>Triunfo del pueblo, derrota mile\u00edsta <\/h4><\/div><\/a><div><a href=\"\/autores\/juan-carlos-junio\"><span>Por<!-- --> <\/span><span>Juan Carlos Junio<\/span><\/a><\/div><\/div><\/div><div><a href=\"\/2026\/08\/13\/flybondi-la-libertad-de-vender-pasajes-cancelar-vuelos-y-no-pagar-sueldos\/\"><div data-placeholder=\"true\"><picture><source aspectratio=\"3\/2\" media=\"(max-width: 767px)\" srcset=\"https:\/\/www.pagina12.com.ar\/resizer\/v2\/7JLSWTXLZRHAFAVCYRPEZOBSGU.jpg?quality=75&amp;auth=6622330a18e5b23505b6f15f5d7b24ec6652747a287aa8def9f65ac7cc5e9ca7&amp;width=380\" width=\"380\"><\/picture><\/div><div><div><span>La Low Cost que vaci\u00f3 un socio de Milei<\/span><\/div> <h4>Flybondi: \u201cLa libertad\u201d de vender pasajes, cancelar vuelos y no pagar sueldos<\/h4><\/div><\/a><\/div><\/div><\/div><div><div> <h3>Econom\u00eda<\/h3><\/div><div><div><a href=\"\/2026\/08\/13\/mas-creditos-pero-en-dolares\/\"><div data-placeholder=\"true\"><picture><source aspectratio=\"3\/2\" media=\"(max-width: 767px)\" srcset=\"https:\/\/www.pagina12.com.ar\/resizer\/v2\/XVCT5WYGBFADPPUGOMWOWYROHI.jpg?quality=75&amp;auth=603f751960782374292009d44ddbadc4cc4aa28fe171a307be60605ea273f755&amp;width=380\" width=\"380\"><\/picture><\/div><div><div><span>El l\u00edmite del saldo prestable ser\u00e1 el 15% del total de dep\u00f3sitos<\/span><\/div> <h4>M\u00e1s cr\u00e9ditos, pero en d\u00f3lares<\/h4><\/div><\/a><\/div><div><a href=\"\/2026\/08\/13\/tras-tres-meses-volvio-a-subir-la-inflacion\/\"><div data-placeholder=\"true\"><picture><source aspectratio=\"3\/2\" media=\"(max-width: 767px)\" srcset=\"https:\/\/www.pagina12.com.ar\/resizer\/v2\/HPZX77MVIFFDRPKWPYL64PAD7I.jpg?quality=75&amp;auth=00e60d5b3e911df45f6be53d4edc7bc0771d1c2d5e61fca8965ed387496607b3&amp;width=380\" width=\"380\"><\/picture><\/div><div><div><span>A\u00fan con recesi\u00f3n, d\u00f3lar y sueldos pisados, INDEC report\u00f3 un alza del 2,1 en julio<\/span><\/div> <h4>Tras tres meses, volvi\u00f3 a subir la inflaci\u00f3n <\/h4><\/div><\/a><\/div><div><a href=\"\/2026\/08\/13\/un-millon-y-medio-para-no-ser-pobre\/\"><div data-placeholder=\"true\"><picture><source aspectratio=\"3\/2\" media=\"(max-width: 767px)\" srcset=\"https:\/\/www.pagina12.com.ar\/resizer\/v2\/GI4GKMTFGM3TONTBGZSDSN3GMI.jpg?quality=75&amp;auth=31e9ae2018b141931916f40fc510df0eda7abc552b2082b99d47999a457e5496&amp;width=380\" width=\"380\"><\/picture><\/div><div><div><span>M\u00e1s de 700 mil para no caer en la indigencia<\/span><\/div> <h4>Un mill\u00f3n y medio para no ser pobre<\/h4><\/div><\/a><\/div><div><a href=\"\/2026\/08\/13\/el-dolar-pego-otro-salto\/\"><div data-placeholder=\"true\"><picture><source aspectratio=\"3\/2\" media=\"(max-width: 767px)\" srcset=\"https:\/\/www.pagina12.com.ar\/resizer\/v2\/MZSTEMZZHEYDEMRVGFTDENDCGM.jpg?quality=75&amp;auth=971c1e0f993e55b723c7ad39f5e214c6a99b114b5a0f30f61fc9b8067b81d660&amp;width=380\" width=\"380\"><\/picture><\/div><div><div><span>Mercado<\/span><\/div> <h4>El d\u00f3lar peg\u00f3 otro salto<\/h4><\/div><\/a><\/div><\/div><\/div><div><div> <h3>Sociedad<\/h3><\/div><div><div><a href=\"\/2026\/08\/14\/actrices-argentinas-salio-a-bancar-a-natalia-oreiro-tras-las-criticas-de-javier-milei\/\"><div data-placeholder=\"true\"><picture><source aspectratio=\"3\/2\" media=\"(max-width: 767px)\" srcset=\"https:\/\/www.pagina12.com.ar\/resizer\/v2\/GJSDCM3EGFQWKMTCMNSDONZRGY.png?quality=75&amp;auth=922d37ee80857fe8fb1ce1bdc2d969bc67fc4ce314fd0fbbc147143e1737255c&amp;width=380\" width=\"380\"><\/picture><\/div><div><div><span>Solidaridad frente al ataque en redes<\/span><\/div> <h4>Actrices Argentinas sali\u00f3 a bancar a Natalia Oreiro tras las cr\u00edticas de Javier Milei<\/h4><\/div><\/a><\/div><div><a href=\"\/2026\/08\/14\/la-curiosa-forma-de-nicolas-pino-de-combatir-el-vegetarianismo-de-su-hija\/\"><div data-placeholder=\"true\"><picture><source aspectratio=\"3\/2\" media=\"(max-width: 767px)\" srcset=\"https:\/\/www.pagina12.com.ar\/resizer\/v2\/G5RTCYTCMI4WGMTFMZTDSMZXGA.jpg?quality=75&amp;auth=e9361cdc6862d8cd85977271674112fc47603f4de46e5ddee23d884345e24f56&amp;width=380\" width=\"380\"><\/picture><\/div><div><div><span> &#8220;Cerr\u00e1 los ojos, que te voy a dar algo de probar&#8221;<\/span><\/div> <h4>La curiosa forma de Nicol\u00e1s Pino de combatir el vegetarianismo de su hija <\/h4><\/div><\/a><\/div><div><a href=\"\/2026\/08\/13\/solo-la-mitad-de-los-estudiantes-llega-a-sexto-grado-con-conocimientos-satisfactorios-en-lengua-y-matematica\/\"><div data-placeholder=\"true\"><picture><source aspectratio=\"3\/2\" media=\"(max-width: 767px)\" srcset=\"https:\/\/www.pagina12.com.ar\/resizer\/v2\/Q2VVSAJZ35DWXPT3W473PLXH7E.jpg?quality=75&amp;auth=99bbaa05268ab46849065cc4f50c1d628497ff0f3ab08b94fb3a7ced50e6702b&amp;width=380\" width=\"380\"><\/picture><\/div><div><div><span>An\u00e1lisis del Indice de Resultados Escolares <\/span><\/div> <h4>Solo la mitad de los estudiantes llega a sexto grado con conocimientos satisfactorios en Lengua y Matem\u00e1tica<\/h4><\/div><\/a><\/div><div><a href=\"\/2026\/08\/13\/el-presidente-de-colombia-declarara-la-emergencia-economica\/\"><div data-placeholder=\"true\"><picture><source aspectratio=\"3\/2\" media=\"(max-width: 767px)\" srcset=\"https:\/\/www.pagina12.com.ar\/resizer\/v2\/UTBRADKYSJFAZDMUHHJCZUFJMA.jpg?quality=75&amp;auth=5f7f2d28221a465f5eeef7e167f32581d37e9455408aef1185b710a93d36c364&amp;width=380\" width=\"380\"><\/picture><\/div><div><div><span>Con el eje en la reconstrucci\u00f3n tras el desastre<\/span><\/div> <h4>El presidente de Colombia declarar\u00e1 la \u201cemergencia econ\u00f3mica\u201d<\/h4><\/div><\/a><\/div><\/div><\/div><div><div> <h3>Deportes<\/h3><\/div><div><div><a href=\"\/2026\/08\/14\/central-desaprovecho-la-localia-y-empato-con-corinthians-en-la-copa-libertadores\/\"><div data-placeholder=\"true\"><picture><source aspectratio=\"3\/2\" media=\"(max-width: 767px)\" srcset=\"https:\/\/www.pagina12.com.ar\/resizer\/v2\/IXKUY5VTXJHNZHHBYJSA6ZNQDA.jpg?quality=75&amp;auth=41cab51eeae2f72865e641d19da2508693eecde81f1035e854520fb4fd3c2673&amp;width=380\" width=\"380\"><\/picture><\/div><div><div><span>La igualdad en la ida de los octavos de final fue sin goles<\/span><\/div> <h4>Central desaprovech\u00f3 la local\u00eda y empat\u00f3 con Corinthians en la Copa Libertadores <\/h4><\/div><\/a><\/div><div><a href=\"\/2026\/08\/13\/conmocion-en-el-golf-murio-una-jugadora-que-se-habia-desplomado-en-pleno-torneo\/\"><div data-placeholder=\"true\"><picture><source aspectratio=\"3\/2\" media=\"(max-width: 767px)\" srcset=\"https:\/\/www.pagina12.com.ar\/resizer\/v2\/G7C4OSX73FBORCNUMW2TBVOGYQ.jpg?quality=75&amp;auth=e5e4814075cbfd791b875674cba548ff08a872f4a8c2ec3c7a29e32dce18c582&amp;width=380\" width=\"380\"><\/picture><\/div><div><div><span>La australiana Jessica Bang ten\u00eda 18 a\u00f1os<\/span><\/div> <h4>Conmoci\u00f3n en el golf: muri\u00f3 una jugadora que se hab\u00eda desplomado en pleno torneo<\/h4><\/div><\/a><\/div><div><a href=\"\/2026\/08\/13\/murio-el-exboxeador-prichard-colon-11-anos-despues-de-sufrir-lesiones-cerebrales\/\"><div data-placeholder=\"true\"><picture><source aspectratio=\"3\/2\" media=\"(max-width: 767px)\" srcset=\"https:\/\/www.pagina12.com.ar\/resizer\/v2\/7TAKVIQ37VCDFP44ZICCIL3RJ4.jpg?quality=75&amp;auth=669e7e379e64af329c443a58ac7f6deedb08c83841a7389096e3eb6dd6f8c38a&amp;width=380\" width=\"380\"><\/picture><\/div><div><div><span>No pudo recuperarse tras una pelea en 2015<\/span><\/div> <h4>Muri\u00f3 el exboxeador Prichard Col\u00f3n, 11 a\u00f1os despu\u00e9s de sufrir lesiones cerebrales<\/h4><\/div><\/a><\/div><div><a href=\"\/2026\/08\/13\/racing-recibe-a-banfield-con-la-necesidad-de-volver-al-triunfo\/\"><div data-placeholder=\"true\"><picture><source aspectratio=\"3\/2\" media=\"(max-width: 767px)\" srcset=\"https:\/\/www.pagina12.com.ar\/resizer\/v2\/5Q7NV7VA4ND4PGNC4CFCZT3SCE.JPG?quality=75&amp;auth=b469af87ce875a64ab6b6af796fbad126dc8f7c773b4473b6d795efb2978612d&amp;width=380\" width=\"380\"><\/picture><\/div><div><div><span>El equipo viene de perder ante Argentinos el domingo pasado<\/span><\/div> <h4>Racing recibe a Banfield con la necesidad de volver al triunfo <\/h4><\/div><\/a><\/div><\/div><\/div><div><div><\/div><\/div><div><div><\/div><\/div><\/section><\/div><\/div><\/div><\/p>\n                                        \n                                        \n                                        <p>Fuente: <a href=\"https:\/\/www.pagina12.com.ar\/2026\/08\/13\/crecio-en-mayo-el-cierre-de-empresas\/\">Enlace original<\/a><\/p>\n                                        ","protected":false},"excerpt":{"rendered":"<p>Edici\u00f3n Impresa Mundial de F\u00fatbol 2026 El Pa\u00eds Econom\u00eda Sociedad Cultura Deportes El Mundo Recordatorios Buenos Aires|12 Rosario|12 Contratapa MIR\u00c1 Edici\u00f3n Impresa Mundial de F\u00fatbol 2026 El Pa\u00eds Econom\u00eda Sociedad Deportes El Mundo Opini\u00f3n Contratapa Recordatorios 50 A\u00f1os del Golpe Cultura Cash Radio 750 Buenos Aires|12 Rosario|12 Salta|12 C\u00f3rdoba|12 Argentina|12 Radar Radar Libros Soy Las12 [&hellip;]<\/p>\n","protected":false},"author":1,"featured_media":2584,"comment_status":"open","ping_status":"","sticky":false,"template":"template-ancho-completo.php","format":"standard","meta":{"content-type":"","footnotes":"","jetpack_publicize_message":"","jetpack_publicize_feature_enabled":true,"jetpack_social_post_already_shared":true,"jetpack_social_options":{"image_generator_settings":{"template":"highway","default_image_id":0,"font":"","enabled":false},"version":2}},"categories":[128],"tags":[],"class_list":["post-2585","post","type-post","status-publish","format-standard","has-post-thumbnail","hentry","category-pagina12"],"aioseo_notices":[],"jetpack_publicize_connections":[],"_links":{"self":[{"href":"https:\/\/contabilidadfamiliar.com\/index.php\/wp-json\/wp\/v2\/posts\/2585","targetHints":{"allow":["GET"]}}],"collection":[{"href":"https:\/\/contabilidadfamiliar.com\/index.php\/wp-json\/wp\/v2\/posts"}],"about":[{"href":"https:\/\/contabilidadfamiliar.com\/index.php\/wp-json\/wp\/v2\/types\/post"}],"author":[{"embeddable":true,"href":"https:\/\/contabilidadfamiliar.com\/index.php\/wp-json\/wp\/v2\/users\/1"}],"replies":[{"embeddable":true,"href":"https:\/\/contabilidadfamiliar.com\/index.php\/wp-json\/wp\/v2\/comments?post=2585"}],"version-history":[{"count":0,"href":"https:\/\/contabilidadfamiliar.com\/index.php\/wp-json\/wp\/v2\/posts\/2585\/revisions"}],"wp:featuredmedia":[{"embeddable":true,"href":"https:\/\/contabilidadfamiliar.com\/index.php\/wp-json\/wp\/v2\/media\/2584"}],"wp:attachment":[{"href":"https:\/\/contabilidadfamiliar.com\/index.php\/wp-json\/wp\/v2\/media?parent=2585"}],"wp:term":[{"taxonomy":"category","embeddable":true,"href":"https:\/\/contabilidadfamiliar.com\/index.php\/wp-json\/wp\/v2\/categories?post=2585"},{"taxonomy":"post_tag","embeddable":true,"href":"https:\/\/contabilidadfamiliar.com\/index.php\/wp-json\/wp\/v2\/tags?post=2585"}],"curies":[{"name":"wp","href":"https:\/\/api.w.org\/{rel}","templated":true}]}}