{"id":2579,"date":"2026-08-14T03:01:16","date_gmt":"2026-08-14T03:01:16","guid":{"rendered":"https:\/\/contabilidadfamiliar.com\/index.php\/2026\/08\/14\/el-principal-paso-terrestre-entre-argentina-y-chile-supera-el-record-de-cierre-invernal-2\/"},"modified":"2026-08-14T03:01:16","modified_gmt":"2026-08-14T03:01:16","slug":"el-principal-paso-terrestre-entre-argentina-y-chile-supera-el-record-de-cierre-invernal-2","status":"publish","type":"post","link":"https:\/\/contabilidadfamiliar.com\/index.php\/2026\/08\/14\/el-principal-paso-terrestre-entre-argentina-y-chile-supera-el-record-de-cierre-invernal-2\/","title":{"rendered":"El principal paso terrestre entre Argentina y Chile supera el r\u00e9cord de cierre invernal"},"content":{"rendered":" \n                                        <p><div class=\"extracted-content\"><div id=\"readability-page-1\" class=\"page\"><div> <div> <span>Jueves, <a title=\"Ver los art\u00edculos del 13 de Agosto de 2026\" href=\"\/2026\/08\/13\">13<\/a> de <a title=\"Ver los art\u00edculos de Agosto de 2026\" href=\"\/2026\/08\">agosto<\/a> de <a title=\"Ver los art\u00edculos del 2026\" href=\"\/2026\">2026<\/a> &#8211; 06:55 UTC<\/span> <\/div> El paso internacional Cristo Redentor, que conecta la provincia argentina de Mendoza con la Regi\u00f3n de Valpara\u00edso a trav\u00e9s de la cordillera de los Andes, acumula cerca de un mes cerrado por un temporal de nieve y viento, y ha superado el r\u00e9cord de clausura invernal registrado en 2023. Las autoridades de ambos pa\u00edses estiman que podr\u00eda reabrirse la pr\u00f3xima semana, sujeto a la evoluci\u00f3n del clima. El corredor fue cerrado de forma preventiva el 14 de julio ante los pron\u00f3sticos. Las nevadas se extendieron entre las localidades de Punta de Vacas y Las Cuevas, alcanzaron acumulaciones de hasta cuatro metros en algunos sectores y afectaron 80 kil\u00f3metros de la ruta 7, el mayor registro en la zona desde 2008, seg\u00fan Vialidad Nacional. Los vientos llegaron a soplar entre 110 y 160 kil\u00f3metros por hora, con visibilidad nula. Los relevamientos oficiales contabilizan unos 1.550 camiones de carga internacional detenidos en distintos puntos de Mendoza, aunque estimaciones del sector transportista elevan la cifra por encima de los 2.000. Entre los conductores varados hay transportistas de Argentina, Brasil, Uruguay, Paraguay y Chile. Cada veh\u00edculo inmovilizado supone p\u00e9rdidas cercanas a los 600 d\u00f3lares diarios, seg\u00fan c\u00e1lculos del propio sector. La demora ha generado cuestionamientos. La Asociaci\u00f3n de Propietarios de Camiones de Mendoza recorri\u00f3 el corredor y sostuvo que la ruta presentaba buenas condiciones de transitabilidad al menos hasta Puente del Inca, por lo que reclam\u00f3 la apertura del t\u00fanel. Vialidad Nacional respondi\u00f3 que los trabajos de despeje llegaron hasta la boca del t\u00fanel internacional el 9 de agosto, pero que los vientos impiden habilitar el tr\u00e1nsito hasta Las Cuevas y que se extreman los recaudos ante el riesgo de avalanchas. Desde Chile, el jefe de la Unidad de Pasos Fronterizos, Sergio Salazar, descart\u00f3 que hubiera oportunidades desaprovechadas. \u201cRealmente no hubo tales ventanas\u201d, afirm\u00f3, y explic\u00f3 que los trabajos en el lado chileno concluyeron el viernes anterior y los del argentino esta semana. Se\u00f1al\u00f3 que la \u00fanica posibilidad era breve y riesgosa, y que se opt\u00f3 por no exponer a un n\u00famero reducido de camiones. La reapertura no restablecer\u00e1 de inmediato la circulaci\u00f3n normal. Las autoridades calculan entre cinco y seis d\u00edas para descongestionar el tr\u00e1nsito acumulado, condicionados por el horario invernal, que limita la operaci\u00f3n a unas doce horas diarias. En condiciones habituales el corredor moviliza entre 500 y 600 camiones por jornada. El temporal mantiene cerrados adem\u00e1s los pasos Pehuenche, Agua Negra, Pircas Negras, Pino Hachado y San Francisco. Las rutas alternativas hacia el Pac\u00edfico implican recorrer cerca de 2.000 kil\u00f3metros adicionales. <\/div><\/div><\/div><\/p>\n                                        \n                                        \n                                        <p>Fuente: <a href=\"https:\/\/es.mercopress.com\/2026\/08\/13\/el-principal-paso-terrestre-entre-argentina-y-chile-supera-el-record-de-cierre-invernal?utm_source=feed&#038;utm_medium=rss&#038;utm_content=economia&#038;utm_campaign=rss\">Enlace original<\/a><\/p>\n                                        ","protected":false},"excerpt":{"rendered":"<p>Jueves, 13 de agosto de 2026 &#8211; 06:55 UTC El paso internacional Cristo Redentor, que conecta la provincia argentina de Mendoza con la Regi\u00f3n de Valpara\u00edso a trav\u00e9s de la cordillera de los Andes, acumula cerca de un mes cerrado por un temporal de nieve y viento, y ha superado el r\u00e9cord de clausura invernal [&hellip;]<\/p>\n","protected":false},"author":1,"featured_media":2578,"comment_status":"open","ping_status":"","sticky":false,"template":"template-ancho-completo.php","format":"standard","meta":{"content-type":"","footnotes":"","jetpack_publicize_message":"","jetpack_publicize_feature_enabled":true,"jetpack_social_post_already_shared":true,"jetpack_social_options":{"image_generator_settings":{"template":"highway","default_image_id":0,"font":"","enabled":false},"version":2}},"categories":[127],"tags":[],"class_list":["post-2579","post","type-post","status-publish","format-standard","has-post-thumbnail","hentry","category-mercopress"],"aioseo_notices":[],"jetpack_publicize_connections":[],"_links":{"self":[{"href":"https:\/\/contabilidadfamiliar.com\/index.php\/wp-json\/wp\/v2\/posts\/2579","targetHints":{"allow":["GET"]}}],"collection":[{"href":"https:\/\/contabilidadfamiliar.com\/index.php\/wp-json\/wp\/v2\/posts"}],"about":[{"href":"https:\/\/contabilidadfamiliar.com\/index.php\/wp-json\/wp\/v2\/types\/post"}],"author":[{"embeddable":true,"href":"https:\/\/contabilidadfamiliar.com\/index.php\/wp-json\/wp\/v2\/users\/1"}],"replies":[{"embeddable":true,"href":"https:\/\/contabilidadfamiliar.com\/index.php\/wp-json\/wp\/v2\/comments?post=2579"}],"version-history":[{"count":0,"href":"https:\/\/contabilidadfamiliar.com\/index.php\/wp-json\/wp\/v2\/posts\/2579\/revisions"}],"wp:featuredmedia":[{"embeddable":true,"href":"https:\/\/contabilidadfamiliar.com\/index.php\/wp-json\/wp\/v2\/media\/2578"}],"wp:attachment":[{"href":"https:\/\/contabilidadfamiliar.com\/index.php\/wp-json\/wp\/v2\/media?parent=2579"}],"wp:term":[{"taxonomy":"category","embeddable":true,"href":"https:\/\/contabilidadfamiliar.com\/index.php\/wp-json\/wp\/v2\/categories?post=2579"},{"taxonomy":"post_tag","embeddable":true,"href":"https:\/\/contabilidadfamiliar.com\/index.php\/wp-json\/wp\/v2\/tags?post=2579"}],"curies":[{"name":"wp","href":"https:\/\/api.w.org\/{rel}","templated":true}]}}