{"id":2555,"date":"2026-08-12T03:58:07","date_gmt":"2026-08-12T03:58:07","guid":{"rendered":"https:\/\/contabilidadfamiliar.com\/index.php\/2026\/08\/12\/inflacion-en-dolares-la-argentina-se-encarecio-1-en-mayo-y-hay-4-gastos-clave-que-subieron-hasta-53-desde-2023\/"},"modified":"2026-08-12T03:58:07","modified_gmt":"2026-08-12T03:58:07","slug":"inflacion-en-dolares-la-argentina-se-encarecio-1-en-mayo-y-hay-4-gastos-clave-que-subieron-hasta-53-desde-2023","status":"publish","type":"post","link":"https:\/\/contabilidadfamiliar.com\/index.php\/2026\/08\/12\/inflacion-en-dolares-la-argentina-se-encarecio-1-en-mayo-y-hay-4-gastos-clave-que-subieron-hasta-53-desde-2023\/","title":{"rendered":"Inflaci\u00f3n en d\u00f3lares: la Argentina se encareci\u00f3 1% en mayo y hay 4 gastos clave que subieron hasta 53% desde 2023"},"content":{"rendered":" \n                                        <p><div class=\"extracted-content\"><div id=\"readability-page-1\" class=\"page\"><div> <!-- { REGION4 --> <header> <h2><p id=\"p-1786488734680-44303\"> Los precios locales avanzaron por encima del promedio regional durante mayo. Vivienda y servicios, comunicaciones, educaci\u00f3n y transporte son los \u00fanicos rubros que aumentaron en t\u00e9rminos relativos frente a Am\u00e9rica Latina desde noviembre de 2023. <\/h2><\/header> <ul><li> <h2> <a href=\"https:\/\/www.ambito.com\/economia\/dialogos-wall-street-el-mercado-los-records-piso-el-freno-la-espera-del-dato-inflacion-eeuu-n6309746\" target=\"\" title=\"\u00e1mbito.com | El mercado, tras los r\u00e9cords, pis\u00f3 el freno a la espera del dato de inflaci\u00f3n en EEUU\" alt=\"\u00e1mbito.com | El mercado, tras los r\u00e9cords, pis\u00f3 el freno a la espera del dato de inflaci\u00f3n en EEUU\" rel=\"deferer follow\"> El mercado, tras los r\u00e9cords, pis\u00f3 el freno a la espera del dato de inflaci\u00f3n en EEUU <\/a><\/h2> <\/li> <li> <h2> <a href=\"https:\/\/www.ambito.com\/economia\/se-conoce-la-inflacion-eeuu-que-es-importante-la-fed-y-la-global-n6309568\" target=\"\" title=\"\u00e1mbito.com | Se conoce la inflaci\u00f3n de EEUU: por qu\u00e9 es importante para la Fed y la econom\u00eda global\" alt=\"\u00e1mbito.com | Se conoce la inflaci\u00f3n de EEUU: por qu\u00e9 es importante para la Fed y la econom\u00eda global\" rel=\"deferer follow\"> Se conoce la inflaci\u00f3n de EEUU: por qu\u00e9 es importante para la Fed y la econom\u00eda global <\/a><\/h2> <\/li><\/ul> <div> <\/div> <article data-td-script-src=\"https:\/\/www.ambito.com\/td\/modulos\/encuestas\/js\/function-embeds-min-version-1786421221.js\"> <p id=\"p-1786488254128-60102\"><a href=\"https:\/\/www.ambito.com\/economia\/inflacion-dolares-argentina-se-encarecio-35-que-asumio-javier-milei-aunque-se-abarato-respecto-america-latina-n6298004\" target=\"_blank\" rel=\"follow noopener\">Argentina aceler\u00f3 su encarecimiento en d\u00f3lares<\/a> durante mayo y perdi\u00f3 parte de la ventaja de precios que todav\u00eda conservaba frente a Am\u00e9rica Latina. <strong>Subi\u00f3 1% y ampli\u00f3 el avance a 4,5% durante el gobierno de Javier Milei<\/strong>, seg\u00fan datos de Fundar. Si bien <strong>la mayor\u00eda de los rubros se abarataron en t\u00e9rminos relativos<\/strong> desde noviembre de 2023, cuatro gastos clave para los hogares hicieron el camino contrario y acumulan fuertes subas.<\/article> <article> <p id=\"p-1786488140751-43575\">La regi\u00f3n tuvo un avance de 0,7% en d\u00f3lares, es decir que <strong>la Argentina se encareci\u00f3 0,3 puntos porcentuales (p.p.) m\u00e1s que Latinoam\u00e9rica en moneda dura<\/strong>. Ahora bien, la mayor diferencia aparece en <strong>vivienda y servicios, que se encarecieron 52,7% frente a Am\u00e9rica Latina<\/strong> durante la gesti\u00f3n libertaria. Le siguen <strong>comunicaciones, con un aumento relativo del 28,4%; educaci\u00f3n, con 13,6%; y transporte, con 7,3%.<\/strong> <\/article> <article><p id=\"p-1786488140751-71513\"> En el resto de los rubros relevados, los precios argentinos se redujeron frente al promedio regional. Desde noviembre de 2023, Argentina logr\u00f3 abaratarse frente a Am\u00e9rica Latina en <strong>indumentaria (-37%), alimentos (-14,7%), recreaci\u00f3n (-18%) y equipamiento del hogar (-24,4%)<\/strong>, entre otros cap\u00edtulos. El textil fue uno de los sectores que m\u00e1s corrigi\u00f3 sus precios relativos tras la ca\u00edda de la producci\u00f3n nacional y el ingreso de prendas importadas.<\/article> <article> <p id=\"p-1786488140751-83367\">Pese a ello, <strong>la Argentina es m\u00e1s cara que el promedio de la regi\u00f3n<\/strong> en <strong>restaurantes, indumentaria, comunicaciones, recreaci\u00f3n, equipamiento del hogar<\/strong> y, desde abril, <strong>transporte<\/strong>.<\/article> <article> <div contenteditable=\"false\" id=\"8263459-Libre-1940666902_wrap\">  <\/div> <p id=\"p-1786488411072-88093\">La importancia del fuerte encarecimiento de <strong>vivienda y servicios, comunicaciones, educaci\u00f3n y transporte<\/strong> toma relevancia debido al peso que tienen estos rubros en el presupuesto de los hogares, generando una mayor presi\u00f3n sobre las poblaciones m\u00e1s vulnerables.<\/article> <article> <p id=\"p-1786488411072-37854\">Si bien algunos consumos pueden recortarse, reemplazarse o reducirse, <strong>el costo de mantener una vivienda, pagar servicios de comunicaci\u00f3n, estudiar o trasladarse tiene un componente mucho m\u00e1s dif\u00edcil de ajustar.<\/strong> <h2 id=\"p-1786488411072-78238\">La inflaci\u00f3n en d\u00f3lares se acelera<\/h2> <p id=\"p-1786488411072-25936\">En mayo, <strong>los precios argentinos aumentaron 1% medidos en d\u00f3lares, mientras que el promedio de Am\u00e9rica Latina lo hizo 0,7%<\/strong>. En ese mes, los valores en pesos se incrementaron 2,1%, mientras que el d\u00f3lar oficial avanz\u00f3 1,1%. <p id=\"p-1786488411072-64421\"><strong>Al correr la inflaci\u00f3n por encima de la evoluci\u00f3n del tipo de cambio, esa brecha se traslada a la medici\u00f3n en moneda dura y presiona los precios argentinos.<\/strong> <p id=\"p-1786488411072-76024\">El cambio es significativo respecto de la medici\u00f3n anterior, ya que en abril la Argentina se hab\u00eda encarecido 3,6% en d\u00f3lares, pero como Am\u00e9rica Latina hab\u00eda aumentado 4,2%, el pa\u00eds hab\u00eda logrado abaratarse 0,6% frente a la regi\u00f3n. <strong>En mayo la relaci\u00f3n se invirti\u00f3 y Argentina pas\u00f3 a encarecerse m\u00e1s que sus vecinos.<\/strong> <p id=\"p-1786488411072-83223\">La din\u00e1mica todav\u00eda no implica que todos los precios argentinos sean m\u00e1s elevados. <strong>El pa\u00eds contin\u00faa siendo relativamente m\u00e1s barato en alimentos, salud, educaci\u00f3n, vivienda y servicios, y alcohol y tabaco<\/strong>, mientras que es m\u00e1s caro en <strong>restaurantes, indumentaria, comunicaciones, recreaci\u00f3n, equipamiento del hogar y transporte<\/strong>. <\/article> <div><ul> <span> Temas <\/span> <li> <a href=\"https:\/\/www.ambito.com\/inflacion-a5122641\"> Inflaci\u00f3n <\/a><\/li> <li> <a href=\"https:\/\/www.ambito.com\/dolar-a5122549\"> D\u00f3lar <\/a><\/li> <li> <a href=\"https:\/\/www.ambito.com\/canasta-basica-a5132099\"> canasta b\u00e1sica <\/a><\/li> <li> <a href=\"https:\/\/www.ambito.com\/servicios-a5130020\"> servicios <\/a><\/li> <li> <a href=\"https:\/\/www.ambito.com\/transporte-a5122665\"> Transporte <\/a><\/li> <li> <a href=\"https:\/\/www.ambito.com\/educacion-a5123373\"> educaci\u00f3n <\/a><\/li> <\/ul><\/div> <!-- REGION4 } --><\/div><\/div><\/div><\/p>\n                                        \n                                        \n                                        <p>Fuente: <a href=\"https:\/\/www.ambito.com\/economia\/inflacion-dolares-la-argentina-se-encarecio-1-mayo-y-hay-4-gastos-clave-que-subieron-53-2023-n6309622\">Enlace original<\/a><\/p>\n                                        ","protected":false},"excerpt":{"rendered":"<p>Los precios locales avanzaron por encima del promedio regional durante mayo. Vivienda y servicios, comunicaciones, educaci\u00f3n y transporte son los \u00fanicos rubros que aumentaron en t\u00e9rminos relativos frente a Am\u00e9rica Latina desde noviembre de 2023. El mercado, tras los r\u00e9cords, pis\u00f3 el freno a la espera del dato de inflaci\u00f3n en EEUU Se conoce la [&hellip;]<\/p>\n","protected":false},"author":1,"featured_media":2554,"comment_status":"open","ping_status":"","sticky":false,"template":"template-ancho-completo.php","format":"standard","meta":{"content-type":"","footnotes":"","jetpack_publicize_message":"","jetpack_publicize_feature_enabled":true,"jetpack_social_post_already_shared":true,"jetpack_social_options":{"image_generator_settings":{"template":"highway","default_image_id":0,"font":"","enabled":false},"version":2}},"categories":[57],"tags":[],"class_list":["post-2555","post","type-post","status-publish","format-standard","has-post-thumbnail","hentry","category-ambitofinanciero"],"aioseo_notices":[],"jetpack_publicize_connections":[],"_links":{"self":[{"href":"https:\/\/contabilidadfamiliar.com\/index.php\/wp-json\/wp\/v2\/posts\/2555","targetHints":{"allow":["GET"]}}],"collection":[{"href":"https:\/\/contabilidadfamiliar.com\/index.php\/wp-json\/wp\/v2\/posts"}],"about":[{"href":"https:\/\/contabilidadfamiliar.com\/index.php\/wp-json\/wp\/v2\/types\/post"}],"author":[{"embeddable":true,"href":"https:\/\/contabilidadfamiliar.com\/index.php\/wp-json\/wp\/v2\/users\/1"}],"replies":[{"embeddable":true,"href":"https:\/\/contabilidadfamiliar.com\/index.php\/wp-json\/wp\/v2\/comments?post=2555"}],"version-history":[{"count":0,"href":"https:\/\/contabilidadfamiliar.com\/index.php\/wp-json\/wp\/v2\/posts\/2555\/revisions"}],"wp:featuredmedia":[{"embeddable":true,"href":"https:\/\/contabilidadfamiliar.com\/index.php\/wp-json\/wp\/v2\/media\/2554"}],"wp:attachment":[{"href":"https:\/\/contabilidadfamiliar.com\/index.php\/wp-json\/wp\/v2\/media?parent=2555"}],"wp:term":[{"taxonomy":"category","embeddable":true,"href":"https:\/\/contabilidadfamiliar.com\/index.php\/wp-json\/wp\/v2\/categories?post=2555"},{"taxonomy":"post_tag","embeddable":true,"href":"https:\/\/contabilidadfamiliar.com\/index.php\/wp-json\/wp\/v2\/tags?post=2555"}],"curies":[{"name":"wp","href":"https:\/\/api.w.org\/{rel}","templated":true}]}}