{"id":2539,"date":"2026-08-10T04:00:22","date_gmt":"2026-08-10T04:00:22","guid":{"rendered":"https:\/\/contabilidadfamiliar.com\/index.php\/2026\/08\/10\/el-negocio-de-la-logistica-a-contramano-tasas-altas-de-crecimiento-y-bajas-en-rentabilidad\/"},"modified":"2026-08-10T04:00:22","modified_gmt":"2026-08-10T04:00:22","slug":"el-negocio-de-la-logistica-a-contramano-tasas-altas-de-crecimiento-y-bajas-en-rentabilidad","status":"publish","type":"post","link":"https:\/\/contabilidadfamiliar.com\/index.php\/2026\/08\/10\/el-negocio-de-la-logistica-a-contramano-tasas-altas-de-crecimiento-y-bajas-en-rentabilidad\/","title":{"rendered":"El negocio de la log\u00edstica, a contramano: tasas altas de crecimiento y bajas en rentabilidad"},"content":{"rendered":" \n                                        <p><div class=\"extracted-content\"><div id=\"readability-page-1\" class=\"page\"><section id=\"NewsContainer\"><article id=\"storyBody\"><div id=\"cuerpo\"><div id=\"element-body-0\"><ul><li><strong>El apellido Ader est\u00e1 unido desde hace 90 a\u00f1os a TASA log\u00edstica<\/strong> y suele decir que tiene una familia de empresas por sus diferentes segmentos. Una rama se dedica a los contratos con grandes corporaciones, desde Nestl\u00e9 a Unilever, Natura y PepsiCo, por citar algunos en la que tiene de socio al correo estatal franc\u00e9s. Otra, a la distribuci\u00f3n de medicamentos en acuerdos con los laboratorios Bag\u00f3, Elea y Montpellier. Y otra m\u00e1s es su creciente divisi\u00f3n internacional con filiales en Uruguay, Paraguay y Chile, a los que lleg\u00f3 de la mano de sus clientes. La firma es una de las tres l\u00edderes con Andreani a la cabeza y un segundo puesto peleado con Ocasa de la familia Colella. La compa\u00f1\u00eda naci\u00f3 cuando Alfredo Ader compr\u00f3 su primer cami\u00f3n en la Ciudad de Buenos Aires. Su hijo Jorge la transform\u00f3 en un operador que adem\u00e1s cuenta con una divisi\u00f3n de parques log\u00edsticos y que desde 2015, de la mano del crecimiento del comercio electr\u00f3nico y de la tecnolog\u00eda, multiplic\u00f3 su tama\u00f1o por cuatro. Contabiliza una flota de 1.400 unidades, entre ellas los llamados bitrenes (camiones de gran capacidad) y 2.500 empleados directos. Argentina representa 65% de su negocio y el resto es la regi\u00f3n, con la que pudo compensar la ca\u00edda del consumo local. El pr\u00f3ximo salto es la prestaci\u00f3n de servicios para la pujante miner\u00eda a ambos lados de la Cordillera. Consultados acerca d e la diferencia de precios entre Argentina y el resto de sus vecinos, el CEO, Facundo Casillas, afirma que se trata de un mercado muy competitivo, con tarifas universales y que aqu\u00ed el 45% del costo es la sumatoria de los impuestos. \u201cEs un negocio de volumen y m\u00e1rgenes muy delgados\u201d, seg\u00fan asegur\u00f3.<\/li><\/ul><\/div><div id=\"element-body-1\"><ul><li><strong>Con el crecimiento de trabajadores en la industria de las plataformas, surgieron<\/strong> quienes buscan asistirlos financieramente. Y es lo que se le ocurri\u00f3 a Gurpi, que arm\u00f3 un sistema crediticio pensado para la compra de la bici, la moto, el auto y hasta el casco. Los prestamos est\u00e1n garantizados por el bien que se compra, lo que les permite cobrar tasas de entre 120 a 140% anual, similar a las de los bancos y lejos del resto de las fintech. Se accede de forma digital y con entrega inmediata. Se traza un scoring vinculado al desempe\u00f1o laboral del usuario y su capacidad de generaci\u00f3n de ingresos, explic\u00f3 Juan Manuel Manfroni, cofundador y CEO de Gurpi. La fintech dise\u00f1\u00f3 un modelo en funci\u00f3n de la din\u00e1mica de las plataformas con se\u00f1a inicial y cuotas semanales. Gurpi mantiene una mora cercana al 4%.<\/li><\/ul><\/div><div id=\"element-body-2\"><picture><source media=\"(min-width: 975px)\" width=\"720\" height=\"480\" srcset=\"https:\/\/www.clarin.com\/img\/2026\/08\/09\/awcqDScZX_720x0__1.jpg\"><span><\/span><\/picture><\/div><div id=\"element-body-3\"><ul><li><strong>La despedida del embajador de Israel Eyal Sela, organizada <\/strong>por la C\u00e1mara de Comercio Argentina Israel\u00ed, que preside Mario Montoto, reuni\u00f3 a pol\u00edticos, empresarios de los m\u00e1s diversos sectores, muchos funcionarios encabezados por el canciller Pablo Quirno y a numerosos miembros del Poder Judicial. Se destac\u00f3 que durante la gesti\u00f3n de Sela se incrementaron las exportaciones de carne hacia Israel, creci\u00f3 el intercambio comercial entre los dos pa\u00edses, se pusieron en marcha futuros vuelos directos entre ambos pa\u00edses y creci\u00f3 la participaci\u00f3n de la empresa israel\u00ed Mekorot en el asesoramiento para la gesti\u00f3n del agua en distintas provincias.<\/li><\/ul><\/div><\/div><div><picture><\/picture><\/div><div><div>Recib\u00ed en tu mail todas las noticias, historias y an\u00e1lisis de los periodistas de Clar\u00edn<a href=\"https:\/\/www.clarin.com\/newsletters\">QUIERO RECIBIRLO<\/a><\/div><\/div><div><hr><ul><li><a href=\"\/tema\/correo.html\">correo<\/a><\/li><li><a href=\"\/tema\/comercio-electronico.html\">Comercio Electr\u00f3nico<\/a><\/li><li><a href=\"\/tema\/israel.html\">Israel<\/a><\/li><li><a href=\"\/tema\/fintech.html\">Fintech<\/a><\/li><\/ul><\/div><\/article><\/section><\/div><\/div><\/p>\n                                        \n                                        \n                                        <p>Fuente: <a href=\"https:\/\/www.clarin.com\/economia\/negocio-logistica-contramano-tasas-altas-crecimiento-bajas-rentabilidad_0_FgCvRw3BNa.html\">Enlace original<\/a><\/p>\n                                        ","protected":false},"excerpt":{"rendered":"<p>El apellido Ader est\u00e1 unido desde hace 90 a\u00f1os a TASA log\u00edstica y suele decir que tiene una familia de empresas por sus diferentes segmentos. Una rama se dedica a los contratos con grandes corporaciones, desde Nestl\u00e9 a Unilever, Natura y PepsiCo, por citar algunos en la que tiene de socio al correo estatal franc\u00e9s. [&hellip;]<\/p>\n","protected":false},"author":1,"featured_media":820,"comment_status":"open","ping_status":"","sticky":false,"template":"template-ancho-completo.php","format":"standard","meta":{"content-type":"","footnotes":"","jetpack_publicize_message":"","jetpack_publicize_feature_enabled":true,"jetpack_social_post_already_shared":true,"jetpack_social_options":{"image_generator_settings":{"template":"highway","default_image_id":0,"font":"","enabled":false},"version":2}},"categories":[125],"tags":[],"class_list":["post-2539","post","type-post","status-publish","format-standard","has-post-thumbnail","hentry","category-clarin"],"aioseo_notices":[],"jetpack_publicize_connections":[],"_links":{"self":[{"href":"https:\/\/contabilidadfamiliar.com\/index.php\/wp-json\/wp\/v2\/posts\/2539","targetHints":{"allow":["GET"]}}],"collection":[{"href":"https:\/\/contabilidadfamiliar.com\/index.php\/wp-json\/wp\/v2\/posts"}],"about":[{"href":"https:\/\/contabilidadfamiliar.com\/index.php\/wp-json\/wp\/v2\/types\/post"}],"author":[{"embeddable":true,"href":"https:\/\/contabilidadfamiliar.com\/index.php\/wp-json\/wp\/v2\/users\/1"}],"replies":[{"embeddable":true,"href":"https:\/\/contabilidadfamiliar.com\/index.php\/wp-json\/wp\/v2\/comments?post=2539"}],"version-history":[{"count":0,"href":"https:\/\/contabilidadfamiliar.com\/index.php\/wp-json\/wp\/v2\/posts\/2539\/revisions"}],"wp:featuredmedia":[{"embeddable":true,"href":"https:\/\/contabilidadfamiliar.com\/index.php\/wp-json\/wp\/v2\/media\/820"}],"wp:attachment":[{"href":"https:\/\/contabilidadfamiliar.com\/index.php\/wp-json\/wp\/v2\/media?parent=2539"}],"wp:term":[{"taxonomy":"category","embeddable":true,"href":"https:\/\/contabilidadfamiliar.com\/index.php\/wp-json\/wp\/v2\/categories?post=2539"},{"taxonomy":"post_tag","embeddable":true,"href":"https:\/\/contabilidadfamiliar.com\/index.php\/wp-json\/wp\/v2\/tags?post=2539"}],"curies":[{"name":"wp","href":"https:\/\/api.w.org\/{rel}","templated":true}]}}