{"id":2530,"date":"2026-08-10T03:22:46","date_gmt":"2026-08-10T03:22:46","guid":{"rendered":"https:\/\/contabilidadfamiliar.com\/index.php\/2026\/08\/10\/consultoras-esperan-una-inflacion-levemente-superior-de-cara-al-ipc-de-julio\/"},"modified":"2026-08-10T03:22:46","modified_gmt":"2026-08-10T03:22:46","slug":"consultoras-esperan-una-inflacion-levemente-superior-de-cara-al-ipc-de-julio","status":"publish","type":"post","link":"https:\/\/contabilidadfamiliar.com\/index.php\/2026\/08\/10\/consultoras-esperan-una-inflacion-levemente-superior-de-cara-al-ipc-de-julio\/","title":{"rendered":"Consultoras esperan una inflaci\u00f3n levemente superior de cara al IPC de julio"},"content":{"rendered":" \n                                        <p><div class=\"extracted-content\"><div id=\"readability-page-1\" class=\"page\"><div>  A d\u00edas de que el INDEC publiqu\u00e9 el n\u00famero del \u00faltimo mes, informes indican que la inflaci\u00f3n no bajar\u00e1 en agosto por los precios registrados en julio  <strong>09\/08\/2026<\/strong> &#8211; 19:20hs <div> <picture> <source type=\"image\/webp\" media=\"(max-width: 642px)\" srcset=\"https:\/\/resizer.iproimg.com\/unsafe\/384x\/filters:format(webp):quality(75):max_bytes(102400)\/https:\/\/assets.iprofesional.com\/assets\/jpg\/2026\/05\/617312.jpg 384w, https:\/\/resizer.iproimg.com\/unsafe\/512x\/filters:format(webp):quality(75):max_bytes(102400)\/https:\/\/assets.iprofesional.com\/assets\/jpg\/2026\/05\/617312.jpg 512w, https:\/\/resizer.iproimg.com\/unsafe\/640x\/filters:format(webp):quality(75):max_bytes(102400)\/https:\/\/assets.iprofesional.com\/assets\/jpg\/2026\/05\/617312.jpg 640w\" sizes=\"100vw\"> <source type=\"image\/webp\" media=\"(min-width: 642.01px) and (max-width: 1270px)\" srcset=\"https:\/\/resizer.iproimg.com\/unsafe\/614x\/filters:format(webp):quality(75):max_bytes(102400)\/https:\/\/assets.iprofesional.com\/assets\/jpg\/2026\/05\/617312.jpg 614w\" sizes=\"614px\"> <source type=\"image\/webp\" media=\"(min-width: 1270.01px) and (max-width: 1898px)\" srcset=\"https:\/\/resizer.iproimg.com\/unsafe\/928x\/filters:format(webp):quality(75):max_bytes(102400)\/https:\/\/assets.iprofesional.com\/assets\/jpg\/2026\/05\/617312.jpg 928w\" sizes=\"928px\"> <source type=\"image\/webp\" media=\"(min-width: 1898.01px)\" srcset=\"https:\/\/resizer.iproimg.com\/unsafe\/1270x\/filters:format(webp):quality(75):max_bytes(102400)\/https:\/\/assets.iprofesional.com\/assets\/jpg\/2026\/05\/617312.jpg 1270w\" sizes=\"1270px\"> <\/picture> <\/div> <\/div><div> A pocos d\u00edas de que el INDEC d\u00e9 a conocer el dato oficial del \u00cdndice de Precios al Consumidor correspondiente a julio, <strong>las proyecciones del sector privado anticipan un leve freno en la din\u00e1mica de desaceleraci\u00f3n que ven\u00eda mostrando la econom\u00eda<\/strong>. De acuerdo con los informes de las principales consultoras econ\u00f3micas, <span>la inflaci\u00f3n del s\u00e9ptimo mes del a\u00f1o se ubicar\u00eda entre el 1,9% y el 2,1%, marcando un registro levemente superior o similar al 1,9% anotado en junio.<\/span> Este rango coincide con las estimaciones del Relevamiento de Expectativas de Mercado (REM) que elabora el Banco Central, que prev\u00e9 una cifra de entre el 1,9% y el 2%. De confirmarse estos porcentajes a nivel nacional, el indicador general quedar\u00eda holgadamente por debajo del 2,9% registrado recientemente en la Ciudad de Buenos Aires para el mismo per\u00edodo. La interrupci\u00f3n en la tendencia bajista responde principalmente a factores estacionales e impulsos puntuales de consumo. La consultora C&amp;T se\u00f1al\u00f3 que los componentes vinculados al turismo y el entretenimiento mostraron un fuerte salto debido al receso escolar de las vacaciones de invierno, a lo que se sum\u00f3 el impacto del Mundial de f\u00fatbol 2026 en el valor de los pasajes a\u00e9reos internacionales. Paralelamente, los analistas contemplan el traslado parcial a precios del salto de aproximadamente $100 que experiment\u00f3 el tipo de cambio entre finales de junio y los primeros d\u00edas de julio. Mientras la inflaci\u00f3n n\u00facleo y los estacionales presionaron al alza, los precios regulados mantuvieron un comportamiento moderado que evit\u00f3 un rebrote de mayor magnitud. A pesar de este leve repunte, el Poder Ejecutivo sostiene que el proceso desinflacionario muestra bases s\u00f3lidas tras haber digerido el \u00faltimo pico de marzo, cuando el IPC alcanz\u00f3 el 3,4%. A partir de ese momento, la inflaci\u00f3n inici\u00f3 un sendero descendente constante: marc\u00f3 un 2,6% en abril, descendi\u00f3 al 2,1% en mayo y logr\u00f3 romper el piso de los dos puntos en junio con un 1,9%, un registro que no se observaba desde agosto de 2025. Con estos n\u00fameros, el equipo econ\u00f3mico conf\u00eda en consolidar la contenci\u00f3n de la pauta inflacionaria para reorientar la agenda p\u00fablica hacia la reactivaci\u00f3n de la actividad y las discusiones legislativas. <\/div><\/div><\/div><\/p>\n                                        \n                                        \n                                        <p>Fuente: <a href=\"https:\/\/www.iprofesional.com\/economia\/461904-consultoras-esperan-una-inflacion-levemente-superior-de-cara-al-ipc-de-julio\">Enlace original<\/a><\/p>\n                                        ","protected":false},"excerpt":{"rendered":"<p>A d\u00edas de que el INDEC publiqu\u00e9 el n\u00famero del \u00faltimo mes, informes indican que la inflaci\u00f3n no bajar\u00e1 en agosto por los precios registrados en julio 09\/08\/2026 &#8211; 19:20hs A pocos d\u00edas de que el INDEC d\u00e9 a conocer el dato oficial del \u00cdndice de Precios al Consumidor correspondiente a julio, las proyecciones del [&hellip;]<\/p>\n","protected":false},"author":1,"featured_media":820,"comment_status":"open","ping_status":"","sticky":false,"template":"template-ancho-completo.php","format":"standard","meta":{"content-type":"","footnotes":"","jetpack_publicize_message":"","jetpack_publicize_feature_enabled":true,"jetpack_social_post_already_shared":true,"jetpack_social_options":{"image_generator_settings":{"template":"highway","default_image_id":0,"font":"","enabled":false},"version":2}},"categories":[58],"tags":[],"class_list":["post-2530","post","type-post","status-publish","format-standard","has-post-thumbnail","hentry","category-iprofessional"],"aioseo_notices":[],"jetpack_publicize_connections":[],"_links":{"self":[{"href":"https:\/\/contabilidadfamiliar.com\/index.php\/wp-json\/wp\/v2\/posts\/2530","targetHints":{"allow":["GET"]}}],"collection":[{"href":"https:\/\/contabilidadfamiliar.com\/index.php\/wp-json\/wp\/v2\/posts"}],"about":[{"href":"https:\/\/contabilidadfamiliar.com\/index.php\/wp-json\/wp\/v2\/types\/post"}],"author":[{"embeddable":true,"href":"https:\/\/contabilidadfamiliar.com\/index.php\/wp-json\/wp\/v2\/users\/1"}],"replies":[{"embeddable":true,"href":"https:\/\/contabilidadfamiliar.com\/index.php\/wp-json\/wp\/v2\/comments?post=2530"}],"version-history":[{"count":0,"href":"https:\/\/contabilidadfamiliar.com\/index.php\/wp-json\/wp\/v2\/posts\/2530\/revisions"}],"wp:featuredmedia":[{"embeddable":true,"href":"https:\/\/contabilidadfamiliar.com\/index.php\/wp-json\/wp\/v2\/media\/820"}],"wp:attachment":[{"href":"https:\/\/contabilidadfamiliar.com\/index.php\/wp-json\/wp\/v2\/media?parent=2530"}],"wp:term":[{"taxonomy":"category","embeddable":true,"href":"https:\/\/contabilidadfamiliar.com\/index.php\/wp-json\/wp\/v2\/categories?post=2530"},{"taxonomy":"post_tag","embeddable":true,"href":"https:\/\/contabilidadfamiliar.com\/index.php\/wp-json\/wp\/v2\/tags?post=2530"}],"curies":[{"name":"wp","href":"https:\/\/api.w.org\/{rel}","templated":true}]}}