{"id":2529,"date":"2026-08-10T03:20:38","date_gmt":"2026-08-10T03:20:38","guid":{"rendered":"https:\/\/contabilidadfamiliar.com\/index.php\/2026\/08\/10\/galperin-salio-al-cruce-de-los-datos-de-la-came-que-hablan-de-caida-de-consumo-en-julio\/"},"modified":"2026-08-10T03:20:38","modified_gmt":"2026-08-10T03:20:38","slug":"galperin-salio-al-cruce-de-los-datos-de-la-came-que-hablan-de-caida-de-consumo-en-julio","status":"publish","type":"post","link":"https:\/\/contabilidadfamiliar.com\/index.php\/2026\/08\/10\/galperin-salio-al-cruce-de-los-datos-de-la-came-que-hablan-de-caida-de-consumo-en-julio\/","title":{"rendered":"Galper\u00edn sali\u00f3 al cruce de los datos de la CAME que hablan de ca\u00edda de consumo en julio"},"content":{"rendered":" \n                                        <p><div class=\"extracted-content\"><div id=\"readability-page-1\" class=\"page\"><div>  El fundador de Mercado Libre cit\u00f3 el informe de la C\u00e1mara de la Mediana Empresa y plante\u00f3 que sus datos deber\u00edan compararse con los del ecommerce  <strong>09\/08\/2026<\/strong> &#8211; 21:00hs <div> <picture> <source type=\"image\/webp\" media=\"(max-width: 642px)\" srcset=\"https:\/\/resizer.iproimg.com\/unsafe\/384x\/filters:format(webp):quality(75):max_bytes(102400)\/https:\/\/assets.iprofesional.com\/assets\/jpg\/2024\/12\/588819.jpg 384w, https:\/\/resizer.iproimg.com\/unsafe\/512x\/filters:format(webp):quality(75):max_bytes(102400)\/https:\/\/assets.iprofesional.com\/assets\/jpg\/2024\/12\/588819.jpg 512w, https:\/\/resizer.iproimg.com\/unsafe\/640x\/filters:format(webp):quality(75):max_bytes(102400)\/https:\/\/assets.iprofesional.com\/assets\/jpg\/2024\/12\/588819.jpg 640w\" sizes=\"100vw\"> <source type=\"image\/webp\" media=\"(min-width: 642.01px) and (max-width: 1270px)\" srcset=\"https:\/\/resizer.iproimg.com\/unsafe\/614x\/filters:format(webp):quality(75):max_bytes(102400)\/https:\/\/assets.iprofesional.com\/assets\/jpg\/2024\/12\/588819.jpg 614w\" sizes=\"614px\"> <source type=\"image\/webp\" media=\"(min-width: 1270.01px) and (max-width: 1898px)\" srcset=\"https:\/\/resizer.iproimg.com\/unsafe\/928x\/filters:format(webp):quality(75):max_bytes(102400)\/https:\/\/assets.iprofesional.com\/assets\/jpg\/2024\/12\/588819.jpg 928w\" sizes=\"928px\"> <source type=\"image\/webp\" media=\"(min-width: 1898.01px)\" srcset=\"https:\/\/resizer.iproimg.com\/unsafe\/1270x\/filters:format(webp):quality(75):max_bytes(102400)\/https:\/\/assets.iprofesional.com\/assets\/jpg\/2024\/12\/588819.jpg 1270w\" sizes=\"1270px\"> <\/picture> <\/div> <\/div><div> El debate en torno a la velocidad y la forma en que se est\u00e1 procesando la reactivaci\u00f3n econ\u00f3mica en el pa\u00eds sum\u00f3 un cruce de alto perfil anal\u00edtico. El fundador y presidente de Mercado Libre, <strong>Marcos Galperin, cuestion\u00f3 p\u00fablicamente los \u00faltimos indicadores difundidos por la Confederaci\u00f3n Argentina de la Mediana Empresa (CAME), los cuales dieron cuenta de una contracci\u00f3n en las ventas minoristas pymes durante el mes de julio<\/strong>. El empresario sugiri\u00f3 que las mediciones estad\u00edsticas tradicionales de car\u00e1cter presencial podr\u00edan estar quedando obsoletas al no ponderar el volumen transaccionado a trav\u00e9s del comercio electr\u00f3nico, el cual registra tasas de expansi\u00f3n superlativas. A trav\u00e9s de su cuenta en la red social X (ex Twitter), Galperin encendi\u00f3 la pol\u00e9mica con un planteo directo: <strong>&#8220;Alguien deber\u00eda comparar el volumen de todo lo que mide la CAME vs el volumen que transacciona Mercado Libre Argentina que crece 38% en moneda constante el \u00faltimo trimestre&#8221;<\/strong>. En esa misma l\u00ednea, el ejecutivo objet\u00f3 que &#8220;algo me dice que el volumen de Mercado Libre es mayor a todo lo que mide la CAME y nadie parece tenerlo en cuenta al anunciar el estado del consumo&#8221;. La postura del empresario sum\u00f3 de inmediato un <span>fuerte respaldo pol\u00edtico por parte del presidente Javier Milei, quien replic\u00f3 la publicaci\u00f3n calific\u00e1ndola como una &#8220;Masterclass&#8221;, un t\u00e9rmino habitual del jefe de Estado para validar an\u00e1lisis alineados con su mirada econ\u00f3mica.<\/span> <div>El posteo en redes de Galper\u00edn cuestionando los n\u00fameros del consumo publicados por la CAME <\/div> Las declaraciones de Galperin se fundamentan en el \u00faltimo balance financiero presentado por Mercado Libre correspondiente al segundo trimestre de 2026. Por primera vez en su historia, el gigante del ecommerce report\u00f3 ingresos netos globales superiores a los diez d\u00edgitos en un solo per\u00edodo trimestral, alcanzando una facturaci\u00f3n de US$10.169 millones y un crecimiento del 50% interanual. Espec\u00edficamente <strong>en el mercado argentino, el reporte precis\u00f3 que la cantidad de \u00edtems vendidos trep\u00f3 un 22% interanual y el Volumen Bruto de Mercanc\u00edas Vendidas (GMV) escal\u00f3 un 38% en t\u00e9rminos reales<\/strong>, aunque la propia firma matiz\u00f3 en su balance que el escenario se da en un &#8220;entorno de consumo desafiante&#8221; donde la plataforma contin\u00faa ganando participaci\u00f3n de mercado por sobre las tiendas f\u00edsicas. <h2>La respuesta de CAME a Galper\u00edn y los n\u00fameros de la ca\u00edda minorista<\/h2> Ante la controversia generada, el presidente de la CAME, Ricardo Diab, <strong>defendi\u00f3 la validez del indicador y aclar\u00f3 las diferencias metodol\u00f3gicas del \u00edndice, el cual se confecciona mensualmente en base a una muestra de 1.128 comercios pymes tradicionales de todo el pa\u00eds <\/strong>y cuyos valores se deflactan utilizando el IPC del Indec. &#8220;Nosotros relevamos establecimientos (f\u00edsicos) tal lo expresamos al pie de nuestro informe, metodolog\u00eda que se utiliza hace muchos a\u00f1os. Solo 26% de los comercios relevados tienen venta electr\u00f3nica que, en el mejor de los casos, subi\u00f3 15% solo en unos rubros&#8221;, detall\u00f3 el directivo seg\u00fan public\u00f3 el diario Clar\u00edn. De acuerdo con el informe de la entidad empresaria, las ventas minoristas pymes registraron una ca\u00edda del 3,8% interanual en julio y una contracci\u00f3n del 2,1% en la comparaci\u00f3n mensual frente a junio, acumulando una baja del 2,7% en los primeros siete meses del a\u00f1o. El diagn\u00f3stico sectorial atribuy\u00f3 el baj\u00f3n al agotamiento del dinamismo estacional que hab\u00eda aportado el cobro del medio aguinaldo en junio, sumado al fuerte impacto que las facturas de servicios invernales tuvieron sobre los presupuestos de las familias, obligando a los consumidores a replegarse sobre compras indispensables. <\/div><\/div><\/div><\/p>\n                                        \n                                        \n                                        <p>Fuente: <a href=\"https:\/\/www.iprofesional.com\/economia\/461907-galperin-salio-al-cruce-de-los-datos-de-la-came-que-hablan-de-caida-de-consumo-en-julio\">Enlace original<\/a><\/p>\n                                        ","protected":false},"excerpt":{"rendered":"<p>El fundador de Mercado Libre cit\u00f3 el informe de la C\u00e1mara de la Mediana Empresa y plante\u00f3 que sus datos deber\u00edan compararse con los del ecommerce 09\/08\/2026 &#8211; 21:00hs El debate en torno a la velocidad y la forma en que se est\u00e1 procesando la reactivaci\u00f3n econ\u00f3mica en el pa\u00eds sum\u00f3 un cruce de alto [&hellip;]<\/p>\n","protected":false},"author":1,"featured_media":820,"comment_status":"open","ping_status":"","sticky":false,"template":"template-ancho-completo.php","format":"standard","meta":{"content-type":"","footnotes":"","jetpack_publicize_message":"","jetpack_publicize_feature_enabled":true,"jetpack_social_post_already_shared":true,"jetpack_social_options":{"image_generator_settings":{"template":"highway","default_image_id":0,"font":"","enabled":false},"version":2}},"categories":[58],"tags":[],"class_list":["post-2529","post","type-post","status-publish","format-standard","has-post-thumbnail","hentry","category-iprofessional"],"aioseo_notices":[],"jetpack_publicize_connections":[],"_links":{"self":[{"href":"https:\/\/contabilidadfamiliar.com\/index.php\/wp-json\/wp\/v2\/posts\/2529","targetHints":{"allow":["GET"]}}],"collection":[{"href":"https:\/\/contabilidadfamiliar.com\/index.php\/wp-json\/wp\/v2\/posts"}],"about":[{"href":"https:\/\/contabilidadfamiliar.com\/index.php\/wp-json\/wp\/v2\/types\/post"}],"author":[{"embeddable":true,"href":"https:\/\/contabilidadfamiliar.com\/index.php\/wp-json\/wp\/v2\/users\/1"}],"replies":[{"embeddable":true,"href":"https:\/\/contabilidadfamiliar.com\/index.php\/wp-json\/wp\/v2\/comments?post=2529"}],"version-history":[{"count":0,"href":"https:\/\/contabilidadfamiliar.com\/index.php\/wp-json\/wp\/v2\/posts\/2529\/revisions"}],"wp:featuredmedia":[{"embeddable":true,"href":"https:\/\/contabilidadfamiliar.com\/index.php\/wp-json\/wp\/v2\/media\/820"}],"wp:attachment":[{"href":"https:\/\/contabilidadfamiliar.com\/index.php\/wp-json\/wp\/v2\/media?parent=2529"}],"wp:term":[{"taxonomy":"category","embeddable":true,"href":"https:\/\/contabilidadfamiliar.com\/index.php\/wp-json\/wp\/v2\/categories?post=2529"},{"taxonomy":"post_tag","embeddable":true,"href":"https:\/\/contabilidadfamiliar.com\/index.php\/wp-json\/wp\/v2\/tags?post=2529"}],"curies":[{"name":"wp","href":"https:\/\/api.w.org\/{rel}","templated":true}]}}