{"id":2528,"date":"2026-08-10T03:19:30","date_gmt":"2026-08-10T03:19:30","guid":{"rendered":"https:\/\/contabilidadfamiliar.com\/index.php\/2026\/08\/10\/esta-marca-de-alfajores-que-no-para-de-crecer-saco-a-la-venta-tabletas-de-chocolate-premium\/"},"modified":"2026-08-10T03:19:30","modified_gmt":"2026-08-10T03:19:30","slug":"esta-marca-de-alfajores-que-no-para-de-crecer-saco-a-la-venta-tabletas-de-chocolate-premium","status":"publish","type":"post","link":"https:\/\/contabilidadfamiliar.com\/index.php\/2026\/08\/10\/esta-marca-de-alfajores-que-no-para-de-crecer-saco-a-la-venta-tabletas-de-chocolate-premium\/","title":{"rendered":"Esta marca de alfajores que no para de crecer sac\u00f3 a la venta tabletas de chocolate premium"},"content":{"rendered":" \n                                        <p><div class=\"extracted-content\"><div id=\"readability-page-1\" class=\"page\"><div>  Tras distintos lanzamientos en el mundo del alfajor, que la posicionaron como una opci\u00f3n muy elegida, El Barrig\u00f3n se la jug\u00f3 por otro producto de chocolate  <strong>09\/08\/2026<\/strong> &#8211; 21:36hs <div> <picture> <source type=\"image\/webp\" media=\"(max-width: 642px)\" srcset=\"https:\/\/resizer.iproimg.com\/unsafe\/384x\/filters:format(webp):quality(75):max_bytes(102400)\/https:\/\/assets.iprofesional.com\/assets\/jpg\/2026\/08\/623492.jpg 384w, https:\/\/resizer.iproimg.com\/unsafe\/512x\/filters:format(webp):quality(75):max_bytes(102400)\/https:\/\/assets.iprofesional.com\/assets\/jpg\/2026\/08\/623492.jpg 512w, https:\/\/resizer.iproimg.com\/unsafe\/640x\/filters:format(webp):quality(75):max_bytes(102400)\/https:\/\/assets.iprofesional.com\/assets\/jpg\/2026\/08\/623492.jpg 640w\" sizes=\"100vw\"> <source type=\"image\/webp\" media=\"(min-width: 642.01px) and (max-width: 1270px)\" srcset=\"https:\/\/resizer.iproimg.com\/unsafe\/614x\/filters:format(webp):quality(75):max_bytes(102400)\/https:\/\/assets.iprofesional.com\/assets\/jpg\/2026\/08\/623492.jpg 614w\" sizes=\"614px\"> <source type=\"image\/webp\" media=\"(min-width: 1270.01px) and (max-width: 1898px)\" srcset=\"https:\/\/resizer.iproimg.com\/unsafe\/928x\/filters:format(webp):quality(75):max_bytes(102400)\/https:\/\/assets.iprofesional.com\/assets\/jpg\/2026\/08\/623492.jpg 928w\" sizes=\"928px\"> <source type=\"image\/webp\" media=\"(min-width: 1898.01px)\" srcset=\"https:\/\/resizer.iproimg.com\/unsafe\/1270x\/filters:format(webp):quality(75):max_bytes(102400)\/https:\/\/assets.iprofesional.com\/assets\/jpg\/2026\/08\/623492.jpg 1270w\" sizes=\"1270px\"> <\/picture> <\/div> <\/div><div> La historia del <strong>mercado de las golosinas nacionales<\/strong> suma un nuevo hito de crecimiento independiente. Nacida desde muy abajo y con una propuesta artesanal que conquist\u00f3 progresivamente el paladar de miles de consumidores en todo el pa\u00eds, la firma de alfajores <strong>El Barrig\u00f3n<\/strong> logr\u00f3 consolidar su nombre dentro de las g\u00f3ndolas y mostradores de los kioscos. Sin embargo, en las \u00faltimas horas la compa\u00f1\u00eda decidi\u00f3 dar un salto estrat\u00e9gico en su identidad de marca para expandir sus horizontes comerciales: dejaron de definirse \u00fanicamente como productores de alfajores para dar la bienvenida a &#8220;Productos Barrig\u00f3n&#8221;, tras <strong>el lanzamiento oficial de su primer producto por fuera del formato tradicional.<\/strong> La nueva apuesta de la PyME argentina es <strong>una tableta de chocolate con leche y almendras seleccionadas de 100 gramos, <\/strong>un producto pensado dentro de la gama premium que busca ofrecer una textura suave, un sabor intenso y un toque crocante de frutos secos. La novedad no tard\u00f3 en causar furor entre la comunidad de fan\u00e1ticos de la marca en redes sociales, donde anunciaron el cambio de era con un mensaje directo: &#8220;NUEVO INGRESO A LA FAMILIA BARRIGONA. Desde hoy ya no somos solo <a href=\"https:\/\/www.iprofesional.com\/recreo\/461526-esta-marca-extranjera-de-alfajores-lanza-su-version-del-alfajor-chocotorta\" target=\"_blank\" rel=\"noopener noreferrer\">alfajores<\/a>. Ahora somos Productos Barrig\u00f3n. Chocolate con leche + MUCHAS almendras. Edici\u00f3n limitada&#8221;. La respuesta del p\u00fablico fue inmediata: la primera tanda de producci\u00f3n puesta a la venta se agot\u00f3 en tan solo unas pocas horas. <h2>Tableta de chocolate de El Barrig\u00f3n: presentaci\u00f3n, precio y llegada a los kioscos de todo el pa\u00eds<\/h2> El nuevo producto fue concebido como una edici\u00f3n limitada en caja de colecci\u00f3n, orientada tanto al consumo personal como a la compra mayorista. En la plataforma web oficial de la marca, el lanzamiento se comercializa en <strong>un formato de display que incluye 5 unidades de 100 gramos cada una (500 gramos en total) por un valor de $25.000,<\/strong> lo que fija el precio de venta sugerido en $5.000 por cada tableta individual. Desde la firma advirtieron que al tratarse de una tirada especial, una vez finalizado el lote no hay fecha confirmada para un eventual reingreso de stock. <div>As\u00ed es el nuevo chocolate de la marca El Barrig\u00f3n, la marca de alfajores que ampl\u00eda su cat\u00e1logo <\/div> Tras el contundente \u00e9xito de la preventa digital, la barra de chocolate de Productos Barrig\u00f3n ya comenz\u00f3 a distribuirse entre los principales mayoristas del rubro golosinero. Se espera que a lo largo de las pr\u00f3ximas semanas el producto desembarque de manera progresiva en la red de kioscos, almacenes de barrio y comercios de cercan\u00eda de todo el territorio nacional. <h2>Los dos alfajores m\u00e1s nuevos de El Barrig\u00f3n<\/h2> La firma Barrig\u00f3n, nacida en la localidad de Monte Chingolo (partido de Lan\u00fas), dio un nuevo salto en las g\u00f3ndolas tras la consagraci\u00f3n de su &#8220;Triplazo de frutilla&#8221; en el Campeonato Mundial del Alfajor 2025. Impulsados por aquel envi\u00f3n hist\u00f3rico, los emprendedores del sur del Conurbano presentaron sus dos m\u00e1s recientes incorporaciones de tres capas: <strong>el Barrig\u00f3n Triplazo de dulce de leche y man\u00ed y el Barrig\u00f3n Triplazo de dulce de leche y crema, dos apuestas de 100 gramos que ya se posicionan entre las m\u00e1s buscadas en los kioscos de todo el pa\u00eds.<\/strong> Los nuevos lanzamientos de este 2026 mantienen intacto el ADN que hizo popular a la marca entre los kiosqueros y fan\u00e1ticos del dulce de leche: porciones de gran tama\u00f1o, abundancia de relleno, identidad barrial y un formato pensado para destacar en exhibidores. El Triplazo de man\u00ed y dulce de leche combina tapitas de chocolate black, una generosa raci\u00f3n de dulce de leche y una suave ganache de pasta de man\u00ed, todo cubierto por un ba\u00f1o de reposter\u00eda semiamargo. Por su parte, la variedad de crema y dulce de leche apuesta a un relleno doble que ensambla una crema cl\u00e1sica de sabor avainillado con el cl\u00e1sico dulce de leche bajo la misma estructura de tres capas y cobertura chocolatosa. La respuesta de los especialistas en golosinas no tard\u00f3 en llegar. De acuerdo con las rese\u00f1as del reconocido influencer y catador @probandoalfajores, la versi\u00f3n de crema y dulce de leche rememora sabores ic\u00f3nicos del kiosco, donde la galleta y el ba\u00f1o semiamargo aportan una textura crocante y equilibran la dulzura de la masa. En tanto, sobre la variedad de man\u00ed destac\u00f3 que &#8220;sale a la cancha sin mezquinar en el relleno&#8221;, logrando que la pasta de man\u00ed conviva de manera amable e intensa con el dulce de leche sin opacar su presencia. <\/div><\/div><\/div><\/p>\n                                        \n                                        \n                                        <p>Fuente: <a href=\"https:\/\/www.iprofesional.com\/negocios\/461889-la-marca-de-alfajores-que-no-para-de-crecer-saco-a-la-venta-tabletas-de-chocolate-premium\">Enlace original<\/a><\/p>\n                                        ","protected":false},"excerpt":{"rendered":"<p>Tras distintos lanzamientos en el mundo del alfajor, que la posicionaron como una opci\u00f3n muy elegida, El Barrig\u00f3n se la jug\u00f3 por otro producto de chocolate 09\/08\/2026 &#8211; 21:36hs La historia del mercado de las golosinas nacionales suma un nuevo hito de crecimiento independiente. Nacida desde muy abajo y con una propuesta artesanal que conquist\u00f3 [&hellip;]<\/p>\n","protected":false},"author":1,"featured_media":820,"comment_status":"open","ping_status":"","sticky":false,"template":"template-ancho-completo.php","format":"standard","meta":{"content-type":"","footnotes":"","jetpack_publicize_message":"","jetpack_publicize_feature_enabled":true,"jetpack_social_post_already_shared":true,"jetpack_social_options":{"image_generator_settings":{"template":"highway","default_image_id":0,"font":"","enabled":false},"version":2}},"categories":[58],"tags":[],"class_list":["post-2528","post","type-post","status-publish","format-standard","has-post-thumbnail","hentry","category-iprofessional"],"aioseo_notices":[],"jetpack_publicize_connections":[],"_links":{"self":[{"href":"https:\/\/contabilidadfamiliar.com\/index.php\/wp-json\/wp\/v2\/posts\/2528","targetHints":{"allow":["GET"]}}],"collection":[{"href":"https:\/\/contabilidadfamiliar.com\/index.php\/wp-json\/wp\/v2\/posts"}],"about":[{"href":"https:\/\/contabilidadfamiliar.com\/index.php\/wp-json\/wp\/v2\/types\/post"}],"author":[{"embeddable":true,"href":"https:\/\/contabilidadfamiliar.com\/index.php\/wp-json\/wp\/v2\/users\/1"}],"replies":[{"embeddable":true,"href":"https:\/\/contabilidadfamiliar.com\/index.php\/wp-json\/wp\/v2\/comments?post=2528"}],"version-history":[{"count":0,"href":"https:\/\/contabilidadfamiliar.com\/index.php\/wp-json\/wp\/v2\/posts\/2528\/revisions"}],"wp:featuredmedia":[{"embeddable":true,"href":"https:\/\/contabilidadfamiliar.com\/index.php\/wp-json\/wp\/v2\/media\/820"}],"wp:attachment":[{"href":"https:\/\/contabilidadfamiliar.com\/index.php\/wp-json\/wp\/v2\/media?parent=2528"}],"wp:term":[{"taxonomy":"category","embeddable":true,"href":"https:\/\/contabilidadfamiliar.com\/index.php\/wp-json\/wp\/v2\/categories?post=2528"},{"taxonomy":"post_tag","embeddable":true,"href":"https:\/\/contabilidadfamiliar.com\/index.php\/wp-json\/wp\/v2\/tags?post=2528"}],"curies":[{"name":"wp","href":"https:\/\/api.w.org\/{rel}","templated":true}]}}