{"id":2526,"date":"2026-08-10T03:17:13","date_gmt":"2026-08-10T03:17:13","guid":{"rendered":"https:\/\/contabilidadfamiliar.com\/index.php\/2026\/08\/10\/brecha-impositiva-la-carga-tributaria-se-redujo-casi-8-puntos-para-los-salarios-mas-altos-pero-subio-para-los-mas-bajos\/"},"modified":"2026-08-10T03:17:13","modified_gmt":"2026-08-10T03:17:13","slug":"brecha-impositiva-la-carga-tributaria-se-redujo-casi-8-puntos-para-los-salarios-mas-altos-pero-subio-para-los-mas-bajos","status":"publish","type":"post","link":"https:\/\/contabilidadfamiliar.com\/index.php\/2026\/08\/10\/brecha-impositiva-la-carga-tributaria-se-redujo-casi-8-puntos-para-los-salarios-mas-altos-pero-subio-para-los-mas-bajos\/","title":{"rendered":"Brecha impositiva: la carga tributaria se redujo casi 8 puntos para los salarios m\u00e1s altos, pero subi\u00f3 para los m\u00e1s bajos"},"content":{"rendered":" \n                                        <p><div class=\"extracted-content\"><div id=\"readability-page-1\" class=\"page\"><div> <!-- { REGION4 --> <header> <h2><p id=\"p-1786301702429-24375\"> Un relevamiento sobre la evoluci\u00f3n fiscal entre 2019 y 2026 demostr\u00f3 que las reformas de Impuesto a las Ganancias y el fin de las deducciones patronales distorsionaron la progresividad del sistema tributario.<\/h2> <\/header> <ul><li> <h2> <a href=\"https:\/\/www.ambito.com\/economia\/andres-neumeyer-la-independencia-del-bcra-podria-ser-la-politica-antiinflacionaria-mas-importantede-los-ultimos-30-anos-n6308665\" target=\"\" title=\"\u00e1mbito.com | Neumeyer: La independencia del BCRA podr\u00eda ser la pol\u00edtica antiinflacionaria m\u00e1s importante de los \u00faltimos 30 a\u00f1os\" alt=\"\u00e1mbito.com | Neumeyer: La independencia del BCRA podr\u00eda ser la pol\u00edtica antiinflacionaria m\u00e1s importante de los \u00faltimos 30 a\u00f1os\" rel=\"deferer follow\"> Neumeyer: &#8220;La independencia del BCRA podr\u00eda ser la pol\u00edtica antiinflacionaria m\u00e1s importante de los \u00faltimos 30 a\u00f1os&#8221; <\/a><\/h2> <\/li> <li> <h2> <a href=\"https:\/\/www.ambito.com\/economia\/las-dos-caras-del-consumo-crece-el-gasto-privado-pero-cae-la-venta-productos-masivos-y-se-resiente-el-humor-social-n6308456\" target=\"\" title=\"\u00e1mbito.com | Las dos caras del consumo: crece el gasto privado, pero cae la venta de productos masivos y se resiente el humor social\" alt=\"\u00e1mbito.com | Las dos caras del consumo: crece el gasto privado, pero cae la venta de productos masivos y se resiente el humor social\" rel=\"deferer follow\"> Las dos caras del consumo: crece el gasto privado, pero cae la venta de productos masivos y se resiente el humor social <\/a><\/h2> <\/li><\/ul> <div> <\/div> <article data-td-script-src=\"https:\/\/www.ambito.com\/td\/modulos\/encuestas\/js\/function-embeds-min-version-1786248480.js\"> <p id=\"p-rc_402c2a6a51643e7a-92\" data-path-to-node=\"9\"><strong data-path-to-node=\"9,0\" data-index-in-node=\"0\">Entre 2019 y 2026, la presi\u00f3n tributaria formal en la Argentina experiment\u00f3 un fuerte cambio distributivo:<\/strong> mientras los trabajadores con <a href=\"https:\/\/www.ambito.com\/economia\/los-salarios-registrados-cayeron-ocho-los-ultimos-nueve-meses-n6301656\" target=\"_blank\" rel=\"follow\">salarios<\/a> m\u00e1s elevados se vieron beneficiados por una importante reducci\u00f3n de impuestos de hasta 7,8 puntos porcentuales, aquellos de menores ingresos sufrieron un leve incremento en su carga fiscal global.<\/article> <article> <p id=\"p-rc_402c2a6a51643e7a-93\" data-path-to-node=\"10\">Un exhaustivo informe elaborado por el <strong data-path-to-node=\"10,0\" data-index-in-node=\"39\">Instituto Argentino de An\u00e1lisis Fiscal (IARAF)<\/strong> analiz\u00f3 la evoluci\u00f3n de la presi\u00f3n impositiva considerando cuatro perfiles de familias trabajadoras. El estudio no solo contempla los impuestos directos sobre el sueldo (Impuesto a las Ganancias y aportes), sino tambi\u00e9n la imposici\u00f3n patrimonial y los impuestos indirectos que gravan el consumo a nivel nacional, provincial y municipal.<\/article> <article><h2 id=\"p-1786301873681-71363\"> Dos realidades opuestas en el mapa salarial<\/h2> <p id=\"p-rc_402c2a6a51643e7a-94\" data-path-to-node=\"13\">El informe toma cuatro casos representativos expresados a valores constantes. La conclusi\u00f3n principal es dr\u00e1stica: la progresividad del sistema tributario argentino se ha debilitado, transformando impuestos clave en esquemas pr\u00e1cticamente planos o regresivos.<\/article> <article> <p id=\"p-rc_402c2a6a51643e7a-111\" data-path-to-node=\"15\">Como se observa en el cuadro, mientras el trabajador del <strong data-path-to-node=\"15,0\" data-index-in-node=\"57\">Caso 1<\/strong> pas\u00f3 de entregar el 48,8% de su ingreso total al Estado en 2019 al 49,2% en 2026 (un incremento de 0,39 p.p.), el trabajador del <strong data-path-to-node=\"15,2\" data-index-in-node=\"20\">Caso 4<\/strong> vio reducir su tributaci\u00f3n del 57,7% al 49,9%, lo que representa un alivio fiscal neto de <strong data-path-to-node=\"15,2\" data-index-in-node=\"117\">7,78 puntos porcentuales<\/strong>.<\/article> <article> <div contenteditable=\"false\" id=\"8262351-Libre-1019342246_wrap\">  <div id=\"p-1786302765788-33165\"><p id=\"p-1786302798473-70629\">Comparaci\u00f3n de ingresos y el impacto de la carga tributaria. Gemini &#8211; IA en base a datos de IARAF<\/div> <\/div> <h2 id=\"p-1786301873681-33561\">\u00bfPor qu\u00e9 subi\u00f3 la presi\u00f3n sobre los sueldos m\u00e1s bajos?<\/h2> <p id=\"p-rc_402c2a6a51643e7a-112\" data-path-to-node=\"18\">El factor determinante detr\u00e1s del aumento de la carga impositiva en el sueldo m\u00e1s bajo radica en las <strong data-path-to-node=\"18,0\" data-index-in-node=\"101\">contribuciones patronales<\/strong>. La reforma tributaria implementada a fines de 2017 contemplaba un m\u00ednimo no imponible patronal que reduc\u00eda el costo laboral en los salarios m\u00e1s bajos.<\/article> <article> <p id=\"p-rc_402c2a6a51643e7a-113\" data-path-to-node=\"19,0\">&#8220;La congelaci\u00f3n y falta de actualizaci\u00f3n del m\u00ednimo no imponible patronal, sumada a la elevada inflaci\u00f3n del per\u00edodo, redujo la deducci\u00f3n a un valor insignificante ($7.003). De este modo, las contribuciones patronales volvieron a actuar como una al\u00edcuota plana del 19,3% para todos los niveles salariales, castigando proporcionalmente m\u00e1s a los ingresos bajos&#8221;. <p id=\"p-rc_402c2a6a51643e7a-114\" data-path-to-node=\"20\">Para el <strong data-path-to-node=\"20,0\" data-index-in-node=\"8\">Caso 1<\/strong>, la incidencia de las contribuciones patronales aument\u00f3 <strong data-path-to-node=\"20,0\" data-index-in-node=\"71\">2,06 puntos porcentuales<\/strong> entre 2019 y 2026 (pasando del 17,3% al 19,3%), opacando por completo cualquier peque\u00f1a baja en tributos al consumo o patrimoniales. <div contenteditable=\"false\" id=\"7996086-Libre-175688237_wrap\">  <div id=\"p-1786303107476-63015\"><p id=\"p-1786305617992-19823\">Menos impuestos para los sueldos altos y m\u00e1s presi\u00f3n para el salario m\u00ednimo formal analizado: la radiograf\u00eda de la carga fiscal seg\u00fan el nivel de ingresos. Depositphotos<\/div> <\/div> <h2 id=\"p-1786301873681-18341\">Las claves del alivio para los ingresos m\u00e1s altos<\/h2> <p id=\"p-rc_402c2a6a51643e7a-115\" data-path-to-node=\"23\">En el otro extremo de la pir\u00e1mide, los asalariados de mayores ingresos (Casos 3 y 4) obtuvieron un alivio sustancial originado en tres pilares: <ul id=\"p-1786301873681-42757\"> <li id=\"p-1786301873681-85599\"> <p id=\"p-rc_402c2a6a51643e7a-116\" data-path-to-node=\"24,0,0\"><strong data-path-to-node=\"24,0,0,0\" data-index-in-node=\"0\">Impuesto a las Ganancias:<\/strong> tras las reformas y readecuaciones de escalas, la incidencia de Ganancias sobre el Caso 4 cay\u00f3 5,89 puntos porcentuales (de 16,3% a 10,4%). En el Caso 3, la baja fue de 5,34 p.p. (de 10,1% a 4,7%).<\/li> <li id=\"p-1786301873681-32274\"><p id=\"p-rc_402c2a6a51643e7a-117\" data-path-to-node=\"24,1,0\"> <strong data-path-to-node=\"24,1,0,0\" data-index-in-node=\"0\">Aportes Personales y Tope Imponible:<\/strong> los topes m\u00e1ximos sobre los cuales se calculan los aportes a la seguridad social no crecieron a la par de los salarios brutos m\u00e1s altos. Esto redujo la al\u00edcuota efectiva de aportes personales en 2,65 p.p. para el Caso 4 y 3,85 p.p. para el Caso 3.<\/li> <li id=\"p-1786301873681-59967\"><p id=\"p-rc_402c2a6a51643e7a-118\" data-path-to-node=\"24,2,0\"> <strong data-path-to-node=\"24,2,0,0\" data-index-in-node=\"0\">Derogaci\u00f3n de Renta Financiera y Bienes Personales:<\/strong> la eliminaci\u00f3n del impuesto a la renta financiera y los cambios en Bienes Personales (exenci\u00f3n de la casa-habitaci\u00f3n) recortaron la presi\u00f3n sobre el ahorro en casi 1 p.p. adicional.<\/li> <\/ul> <h2 id=\"p-1786301873681-23365\">Impacto directo en el salario de bolsillo<\/h2> <p id=\"p-rc_402c2a6a51643e7a-119\" data-path-to-node=\"27\">Al medir el <strong data-path-to-node=\"27,0\" data-index-in-node=\"12\">ingreso neto disponible<\/strong> de las familias (luego de pagar todos los impuestos directos e indirectos): <ul id=\"p-1786301873681-59772\" data-path-to-node=\"28\"> <li id=\"p-1786301873681-63655\"> <p id=\"p-rc_402c2a6a51643e7a-120\" data-path-to-node=\"28,0,0\"><strong data-path-to-node=\"28,0,0,0\" data-index-in-node=\"0\">Caso 1 (Menor ingreso):<\/strong> perdi\u00f3 un <strong data-path-to-node=\"28,0,0,0\" data-index-in-node=\"34\">2,5%<\/strong> de su capacidad de compra de bolsillo por mayor presi\u00f3n fiscal.<\/li> <li id=\"p-1786301873681-22624\"><p id=\"p-rc_402c2a6a51643e7a-121\" data-path-to-node=\"28,1,0\"> <strong data-path-to-node=\"28,1,0,0\" data-index-in-node=\"0\">Caso 2 (Medio-bajo):<\/strong> gan\u00f3 un <strong data-path-to-node=\"28,1,0,0\" data-index-in-node=\"29\">5,1%<\/strong> de ingreso disponible.<\/li> <li id=\"p-1786301873681-21096\"><p id=\"p-rc_402c2a6a51643e7a-122\" data-path-to-node=\"28,2,0\"> <strong data-path-to-node=\"28,2,0,0\" data-index-in-node=\"0\">Caso 3 (Medio-alto):<\/strong> aument\u00f3 su ingreso disponible de bolsillo un <strong data-path-to-node=\"28,2,0,0\" data-index-in-node=\"66\">15,3%<\/strong>.<\/li> <li id=\"p-1786301873681-91442\"><p id=\"p-rc_402c2a6a51643e7a-123\" data-path-to-node=\"28,3,0\"> <strong data-path-to-node=\"28,3,0,0\" data-index-in-node=\"0\">Caso 4 (Mayor ingreso):<\/strong> registr\u00f3 un incremento del <strong data-path-to-node=\"28,3,0,0\" data-index-in-node=\"51\">15,7%<\/strong> en su sueldo neto disponible.<\/li> <\/ul> <h2 id=\"p-1786301873681-46832\">El peso de las provincias y municipios<\/h2> <p id=\"p-rc_402c2a6a51643e7a-124\" data-path-to-node=\"31\">Un fen\u00f3meno transversal a todos los niveles de ingreso fue el incremento de los tributos indirectos subnacionales. La suba de la al\u00edcuota efectiva del impuesto a los <strong data-path-to-node=\"31,2\" data-index-in-node=\"53\">Ingresos Brutos<\/strong> a nivel provincial y el aumento de tasas municipales impulsaron la presi\u00f3n sobre el consumo en los cuatro perfiles, sumando entre 0,63 y 1,24 puntos porcentuales de carga tributaria extra. <p id=\"p-rc_402c2a6a51643e7a-125\" data-path-to-node=\"32\">Sin embargo, los sectores de mayores ingresos compensaron con creces esta suba provincial\/municipal gracias al recorte de impuestos nacionales directos (Ganancias y Aportes), mientras que el salario m\u00e1s bajo no cont\u00f3 con ning\u00fan alivio que amortiguara dicho impacto.<\/article> <div><ul> <span> Temas <\/span> <li> <a href=\"https:\/\/www.ambito.com\/salarios-a5122540\"> Salarios <\/a><\/li> <li> <a href=\"https:\/\/www.ambito.com\/impuesto-a5128744\"> impuesto <\/a><\/li> <li> <a href=\"https:\/\/www.ambito.com\/impuesto-las-ganancias-a5122676\"> Impuesto a las Ganancias <\/a><\/li> <\/ul><\/div> <!-- REGION4 } --><\/div><\/div><\/div><\/p>\n                                        \n                                        \n                                        <p>Fuente: <a href=\"https:\/\/www.ambito.com\/economia\/la-carga-tributaria-los-salarios-mas-altos-pero-subio-los-menores-ingresos-n6308761\">Enlace original<\/a><\/p>\n                                        ","protected":false},"excerpt":{"rendered":"<p>Un relevamiento sobre la evoluci\u00f3n fiscal entre 2019 y 2026 demostr\u00f3 que las reformas de Impuesto a las Ganancias y el fin de las deducciones patronales distorsionaron la progresividad del sistema tributario. Neumeyer: &#8220;La independencia del BCRA podr\u00eda ser la pol\u00edtica antiinflacionaria m\u00e1s importante de los \u00faltimos 30 a\u00f1os&#8221; Las dos caras del consumo: crece [&hellip;]<\/p>\n","protected":false},"author":1,"featured_media":820,"comment_status":"open","ping_status":"","sticky":false,"template":"template-ancho-completo.php","format":"standard","meta":{"content-type":"","footnotes":"","jetpack_publicize_message":"","jetpack_publicize_feature_enabled":true,"jetpack_social_post_already_shared":true,"jetpack_social_options":{"image_generator_settings":{"template":"highway","default_image_id":0,"font":"","enabled":false},"version":2}},"categories":[57],"tags":[],"class_list":["post-2526","post","type-post","status-publish","format-standard","has-post-thumbnail","hentry","category-ambitofinanciero"],"aioseo_notices":[],"jetpack_publicize_connections":[],"_links":{"self":[{"href":"https:\/\/contabilidadfamiliar.com\/index.php\/wp-json\/wp\/v2\/posts\/2526","targetHints":{"allow":["GET"]}}],"collection":[{"href":"https:\/\/contabilidadfamiliar.com\/index.php\/wp-json\/wp\/v2\/posts"}],"about":[{"href":"https:\/\/contabilidadfamiliar.com\/index.php\/wp-json\/wp\/v2\/types\/post"}],"author":[{"embeddable":true,"href":"https:\/\/contabilidadfamiliar.com\/index.php\/wp-json\/wp\/v2\/users\/1"}],"replies":[{"embeddable":true,"href":"https:\/\/contabilidadfamiliar.com\/index.php\/wp-json\/wp\/v2\/comments?post=2526"}],"version-history":[{"count":0,"href":"https:\/\/contabilidadfamiliar.com\/index.php\/wp-json\/wp\/v2\/posts\/2526\/revisions"}],"wp:featuredmedia":[{"embeddable":true,"href":"https:\/\/contabilidadfamiliar.com\/index.php\/wp-json\/wp\/v2\/media\/820"}],"wp:attachment":[{"href":"https:\/\/contabilidadfamiliar.com\/index.php\/wp-json\/wp\/v2\/media?parent=2526"}],"wp:term":[{"taxonomy":"category","embeddable":true,"href":"https:\/\/contabilidadfamiliar.com\/index.php\/wp-json\/wp\/v2\/categories?post=2526"},{"taxonomy":"post_tag","embeddable":true,"href":"https:\/\/contabilidadfamiliar.com\/index.php\/wp-json\/wp\/v2\/tags?post=2526"}],"curies":[{"name":"wp","href":"https:\/\/api.w.org\/{rel}","templated":true}]}}