{"id":2525,"date":"2026-08-10T03:16:06","date_gmt":"2026-08-10T03:16:06","guid":{"rendered":"https:\/\/contabilidadfamiliar.com\/index.php\/2026\/08\/10\/malestar-y-desilusion-de-empresarios-por-el-giro-del-gobierno-en-la-reforma-laboral\/"},"modified":"2026-08-10T03:16:06","modified_gmt":"2026-08-10T03:16:06","slug":"malestar-y-desilusion-de-empresarios-por-el-giro-del-gobierno-en-la-reforma-laboral","status":"publish","type":"post","link":"https:\/\/contabilidadfamiliar.com\/index.php\/2026\/08\/10\/malestar-y-desilusion-de-empresarios-por-el-giro-del-gobierno-en-la-reforma-laboral\/","title":{"rendered":"Malestar y desilusi\u00f3n de empresarios por el giro del Gobierno en la reforma laboral"},"content":{"rendered":" \n                                        <p><div class=\"extracted-content\"><div id=\"readability-page-1\" class=\"page\"><article data-td-script-src=\"https:\/\/www.ambito.com\/td\/modulos\/encuestas\/js\/function-embeds-min-version-1786248480.js\"> <p id=\"p-1786304004057-3126\">Empresarios de todo el pa\u00eds expresaron su malestar y desilusi\u00f3n ante el alcance de la reglamentaci\u00f3n de la<strong><a href=\"https:\/\/www.ambito.com\/economia\/las-empresas-aplican-la-reforma-laboral-demoras-mientras-sigue-cayendo-el-empleo-n6302021\" target=\"_blank\" rel=\"follow\"> reforma laboral <\/a><\/strong> y cuestionaron que el Gobierno haya avanzado en una direcci\u00f3n diferente a la anunciada originalmente. El reclamo apunta especialmente a la reglamentaci\u00f3n de los aportes obligatorios, una de las medidas que el sector esperaba que fueran modificadas en l\u00ednea con el proceso de desregulaci\u00f3n promovido por el ministro de Desregulaci\u00f3n y Transformaci\u00f3n del Estado, <a href=\"https:\/\/www.ambito.com\/politica\/lo-que-dejo-la-sesion-el-senado-el-fin-del-bloque-los-44-aliados-fuga-y-el-desafio-patricia-bullrich-n6308288\" target=\"_blank\" rel=\"follow\">Federico Sturzenegger<\/a>.<\/article><article> <p id=\"p-1786304004057-9877\">La <strong>C\u00e1mara Argentina de Distribuidores y Autoservicios Mayoristas (CADAM)<\/strong> manifest\u00f3 su \u201cprofunda preocupaci\u00f3n y rechazo\u201d al Decreto 612\/2026. A trav\u00e9s de un comunicado, consideraron que representa un retroceso respecto de una medida que hab\u00eda sido reclamada por el empresariado y que, en un comienzo, se hab\u00eda planteado con un esquema voluntario.<\/article><article><p id=\"p-1786304004057-73999\"> El malestar empresario se concentra en la distancia entre los objetivos que, seg\u00fan la entidad, hab\u00eda planteado el Gobierno al impulsar la modernizaci\u00f3n laboral y el contenido de la reglamentaci\u00f3n posterior. En ese sentido, desde CADAM reclamaron: <strong>\u201cPedimos coherencia entre los objetivos anunciados por el Gobierno al impulsar la modernizaci\u00f3n laboral y la reglamentaci\u00f3n posterior\u201d<\/strong>.<\/article><article> <h2 id=\"p-1786304004057-82936\">El reclamo de los empresarios<\/h2> <p id=\"p-1786304004057-33949\">Para los empresarios, el problema no es solamente el contenido del decreto, sino tambi\u00e9n el cambio de expectativas que gener\u00f3. La reforma laboral hab\u00eda sido presentada como parte de una agenda destinada a reducir costos, eliminar regulaciones y aliviar las cargas que pesan sobre las empresas.<\/article><article> <p id=\"p-1786304004057-17627\">En ese marco, la reglamentaci\u00f3n de los aportes obligatorios es interpretada por CADAM como un retroceso respecto de ese objetivo. La entidad sostuvo que la medida <strong>\u201ctermina desvirtuando uno de los objetivos centrales planteados originalmente por la reforma laboral\u201d<\/strong>: evitar que los empleadores deban financiar estructuras que incrementan el costo laboral.<\/article><article> <p id=\"p-1786304004057-74291\">El planteo expresa as\u00ed una <strong>desilusi\u00f3n con el rumbo que tom\u00f3 la reforma<\/strong>. Los empresarios esperaban que la modernizaci\u00f3n laboral avanzara hacia una reducci\u00f3n de las cargas que recaen sobre las compa\u00f1\u00edas, pero advierten que la reglamentaci\u00f3n mantiene obligaciones que, a su criterio, contradicen ese esp\u00edritu. <div contenteditable=\"false\" id=\"8209098-Libre-480006225_wrap\">  <div id=\"p-1786304736824-66793\"><p id=\"p-1786304810327-97356\">CADAM expres\u00f3 su \u201cprofunda preocupaci\u00f3n y rechazo\u201d al decreto que reglament\u00f3 los aportes obligatorios. El reclamo se da en medio de un creciente malestar empresario con Sturzenegger por el rumbo de sus pol\u00edticas de desregulaci\u00f3n. Mariano Fuchila<\/div> <\/div> <h2 id=\"p-1786304004057-56274\">Cu\u00e1nto cuesta un trabajador: el dato que preocupa al sector empresario<\/h2> <p id=\"p-1786304004057-46573\">CADAM tambi\u00e9n puso el foco en el impacto que tienen las cargas laborales sobre el costo total de un trabajador. Seg\u00fan los datos difundidos por la entidad, por cada <strong>$2.128.749,84<\/strong> que se aporta por un trabajador, este recibe en mano apenas el <strong>65,67%<\/strong>, equivalente a <strong>$1.397.943<\/strong>. <p id=\"p-1786304004057-57025\">El dato fue utilizado por los empresarios para reforzar su argumento de que cualquier reforma orientada a modernizar el mercado laboral deber\u00eda reducir los costos que no llegan directamente al trabajador. <p id=\"p-1786304004057-82160\">La preocupaci\u00f3n del sector pasa, en este sentido, por evitar que la reglamentaci\u00f3n termine sosteniendo mecanismos que hab\u00edan sido se\u00f1alados como parte de los costos que encarecen el empleo formal. <p id=\"p-1786304004057-83187\">Sturzenegger y las expectativas que gener\u00f3 la reforma <p id=\"p-1786304004057-16546\">El malestar empresario adquiere una dimensi\u00f3n particular porque la medida cuestionada est\u00e1 vinculada con una agenda de desregulaci\u00f3n que hab\u00eda generado expectativas favorables entre distintos sectores del empresariado. <p id=\"p-1786304004057-67151\">La referencia a Sturzenegger aparece, precisamente, en ese punto: CADAM record\u00f3 que la modificaci\u00f3n hab\u00eda sido originalmente impulsada en el marco de la agenda de modernizaci\u00f3n laboral promovida por el Gobierno. Por eso, la reglamentaci\u00f3n posterior es recibida como una se\u00f1al contradictoria con las expectativas que hab\u00eda generado esa agenda. <p id=\"p-1786304004057-42530\">M\u00e1s que un rechazo general a la reforma laboral, el planteo empresario refleja <strong>la frustraci\u00f3n por lo que consideran un cambio respecto del esp\u00edritu original de la iniciativa<\/strong>. De all\u00ed que el reclamo central sea que exista coherencia entre los anuncios de desregulaci\u00f3n y las normas finalmente aplicadas. <p id=\"p-1786304004057-51212\">El decreto abri\u00f3 as\u00ed un nuevo frente de tensi\u00f3n entre el Gobierno y un sector empresario que hab\u00eda respaldado buena parte de la agenda de reformas. Para CADAM, si la modernizaci\u00f3n laboral busca reducir costos y favorecer el empleo formal, la reglamentaci\u00f3n no deber\u00eda avanzar en sentido contrario.<\/article><\/div><\/div><\/p>\n                                        \n                                        \n                                        <p>Fuente: <a href=\"https:\/\/www.ambito.com\/economia\/malestar-y-desilusion-empresarios-federico-sturzenegger-el-giro-del-gobierno-la-reforma-laboral-n6308762\">Enlace original<\/a><\/p>\n                                        ","protected":false},"excerpt":{"rendered":"<p>Empresarios de todo el pa\u00eds expresaron su malestar y desilusi\u00f3n ante el alcance de la reglamentaci\u00f3n de la reforma laboral y cuestionaron que el Gobierno haya avanzado en una direcci\u00f3n diferente a la anunciada originalmente. El reclamo apunta especialmente a la reglamentaci\u00f3n de los aportes obligatorios, una de las medidas que el sector esperaba que [&hellip;]<\/p>\n","protected":false},"author":1,"featured_media":820,"comment_status":"open","ping_status":"","sticky":false,"template":"template-ancho-completo.php","format":"standard","meta":{"content-type":"","footnotes":"","jetpack_publicize_message":"","jetpack_publicize_feature_enabled":true,"jetpack_social_post_already_shared":true,"jetpack_social_options":{"image_generator_settings":{"template":"highway","default_image_id":0,"font":"","enabled":false},"version":2}},"categories":[57],"tags":[],"class_list":["post-2525","post","type-post","status-publish","format-standard","has-post-thumbnail","hentry","category-ambitofinanciero"],"aioseo_notices":[],"jetpack_publicize_connections":[],"_links":{"self":[{"href":"https:\/\/contabilidadfamiliar.com\/index.php\/wp-json\/wp\/v2\/posts\/2525","targetHints":{"allow":["GET"]}}],"collection":[{"href":"https:\/\/contabilidadfamiliar.com\/index.php\/wp-json\/wp\/v2\/posts"}],"about":[{"href":"https:\/\/contabilidadfamiliar.com\/index.php\/wp-json\/wp\/v2\/types\/post"}],"author":[{"embeddable":true,"href":"https:\/\/contabilidadfamiliar.com\/index.php\/wp-json\/wp\/v2\/users\/1"}],"replies":[{"embeddable":true,"href":"https:\/\/contabilidadfamiliar.com\/index.php\/wp-json\/wp\/v2\/comments?post=2525"}],"version-history":[{"count":0,"href":"https:\/\/contabilidadfamiliar.com\/index.php\/wp-json\/wp\/v2\/posts\/2525\/revisions"}],"wp:featuredmedia":[{"embeddable":true,"href":"https:\/\/contabilidadfamiliar.com\/index.php\/wp-json\/wp\/v2\/media\/820"}],"wp:attachment":[{"href":"https:\/\/contabilidadfamiliar.com\/index.php\/wp-json\/wp\/v2\/media?parent=2525"}],"wp:term":[{"taxonomy":"category","embeddable":true,"href":"https:\/\/contabilidadfamiliar.com\/index.php\/wp-json\/wp\/v2\/categories?post=2525"},{"taxonomy":"post_tag","embeddable":true,"href":"https:\/\/contabilidadfamiliar.com\/index.php\/wp-json\/wp\/v2\/tags?post=2525"}],"curies":[{"name":"wp","href":"https:\/\/api.w.org\/{rel}","templated":true}]}}