{"id":2522,"date":"2026-08-10T03:11:41","date_gmt":"2026-08-10T03:11:41","guid":{"rendered":"https:\/\/contabilidadfamiliar.com\/index.php\/2026\/08\/10\/semana-clave-para-el-mercado-llega-la-inflacion-de-julio-con-el-foco-en-el-dolar-tasas-y-nuevos-balances-locales\/"},"modified":"2026-08-10T03:11:41","modified_gmt":"2026-08-10T03:11:41","slug":"semana-clave-para-el-mercado-llega-la-inflacion-de-julio-con-el-foco-en-el-dolar-tasas-y-nuevos-balances-locales","status":"publish","type":"post","link":"https:\/\/contabilidadfamiliar.com\/index.php\/2026\/08\/10\/semana-clave-para-el-mercado-llega-la-inflacion-de-julio-con-el-foco-en-el-dolar-tasas-y-nuevos-balances-locales\/","title":{"rendered":"Semana clave para el mercado: llega la inflaci\u00f3n de julio con el foco en el d\u00f3lar, tasas y nuevos balances locales"},"content":{"rendered":" \n                                        <p><div class=\"extracted-content\"><div id=\"readability-page-1\" class=\"page\"><div> <!-- { REGION4 --> <header> <h2><p id=\"p-1786324518173-66096\"> Los inversores seguir\u00e1n de cerca el IPC del s\u00e9ptimo mes del a\u00f1o, la liquidez y las se\u00f1ales del Tesoro, en una agenda cargada de datos econ\u00f3micos y resultados corporativos. En el plano internacional, EEUU tambi\u00e9n publicar\u00e1 el dato de inflaci\u00f3n, junto con cifras clave de actividad y consumo.<\/h2> <\/header> <ul><li> <h2> <a href=\"https:\/\/www.ambito.com\/finanzas\/dolar-hoy-y-dolar-blue-hoy-minuto-minuto-cuanto-opera-este-viernes-7-agosto-n6308100\" target=\"\" title=\"\u00e1mbito.com | Mercados: el d\u00f3lar baj\u00f3 por primera vez en la semana, mientras el riesgo pa\u00eds volvi\u00f3 a subir y perfor\u00f3 las 450 unidades\" alt=\"\u00e1mbito.com | Mercados: el d\u00f3lar baj\u00f3 por primera vez en la semana, mientras el riesgo pa\u00eds volvi\u00f3 a subir y perfor\u00f3 las 450 unidades\" rel=\"deferer follow\"> Mercados: el d\u00f3lar baj\u00f3 por primera vez en la semana, mientras el riesgo pa\u00eds volvi\u00f3 a subir y perfor\u00f3 las 450 unidades <\/a><\/h2> <\/li> <li> <h2> <a href=\"https:\/\/www.ambito.com\/finanzas\/el-dolar-mayorista-presiona-contra-la-barrera-1500-y-el-accionar-oficial-busca-evitar-que-la-supere-n6308124\" target=\"\" title=\"\u00e1mbito.com | El d\u00f3lar oficial avanz\u00f3 casi 1% en la semana, pero no pudo romper la barrera de $1.500 ante la intervenci\u00f3n oficial\" alt=\"\u00e1mbito.com | El d\u00f3lar oficial avanz\u00f3 casi 1% en la semana, pero no pudo romper la barrera de $1.500 ante la intervenci\u00f3n oficial\" rel=\"deferer follow\"> El d\u00f3lar oficial avanz\u00f3 casi 1% en la semana, pero no pudo romper la barrera de $1.500 ante la intervenci\u00f3n oficial <\/a><\/h2> <\/li><\/ul> <div> <\/div> <article data-td-script-src=\"https:\/\/www.ambito.com\/td\/modulos\/encuestas\/js\/function-embeds-min-version-1786248480.js\"> <p id=\"p-1786323029566-9249\">La segunda semana de agosto llegar\u00e1 con una <strong>agenda cargada de datos econ\u00f3micos, licitaciones y balances corporativos<\/strong>, aunque todas las miradas del mercado local estar\u00e1n puestas en un dato clave: <strong>la <a href=\"https:\/\/www.ambito.com\/economia\/inflacion-julio-el-salto-caba-que-encendio-las-alarmas-que-cifra-anticipa-el-mercado-nivel-nacional-n6308589\" target=\"_blank\" rel=\"follow noopener\">inflaci\u00f3n<\/a> de julio<\/strong>, que el INDEC dar\u00e1 a conocer el jueves. El dato se conocer\u00e1 en un escenario en el que <strong>el d\u00f3lar sigue bajo la atenci\u00f3n del mercado, mientras persiste la tensi\u00f3n en el mercado de pesos<\/strong>, con la liquidez como una de las principales variables que monitorean los inversores<\/article> <article> <p id=\"p-1786323029566-29321\">El IPC ser\u00e1 el principal term\u00f3metro de la semana para el mercado, luego de que <strong>la inflaci\u00f3n de la Ciudad de Buenos Aires mostrara una aceleraci\u00f3n en julio<\/strong> (a 2,9%, desde el 1,8%) y encendiera interrogantes sobre cu\u00e1nto de ese movimiento podr\u00eda trasladarse al \u00edndice nacional. El dato ser\u00e1 seguido especialmente por su impacto sobre <strong>las tasas de inter\u00e9s, los bonos en pesos y las expectativas cambiarias<\/strong>.<\/article> <article><p id=\"p-1786323029566-12568\"> La publicaci\u00f3n llegar\u00e1 el <strong>jueves a las 16<\/strong>, cuando el INDEC difundir\u00e1 adem\u00e1s los valores de la <strong>Canasta B\u00e1sica Alimentaria (CBA) y la Canasta B\u00e1sica Total (CBT)<\/strong> correspondientes al s\u00e9ptimo mes del a\u00f1o.<\/article> <article> <p id=\"p-1786323391853-87852\">Antes, el mercado tendr\u00e1 otra prueba relevante. Este mi\u00e9rcoles,<strong> el Tesoro realizar\u00e1 la primera licitaci\u00f3n de deuda de agosto, en la que buscar\u00e1 renovar alrededor de $4,5 billones. <\/strong>El resultado ser\u00e1 observado de cerca en un contexto en el que las tasas en pesos volvieron a quedar bajo presi\u00f3n y la administraci\u00f3n de la liquidez se convirti\u00f3 en una variable central para contener la volatilidad del d\u00f3lar.<\/article> <article> <p id=\"p-1786323029567-18194\">En paralelo, continuar\u00e1 la <strong>temporada de balances corporativos<\/strong>, con una semana particularmente intensa para las compa\u00f1\u00edas argentinas. Entre lunes y jueves se conocer\u00e1n los resultados de m\u00e1s de una decena de empresas, entre ellas <strong>YPF, Grupo Supervielle, Central Puerto, Adecoagro, Mirgor y Globant<\/strong>.<\/article> <article> <h2 id=\"p-1786323029566-55736\">Inflaci\u00f3n de EEUU y se\u00f1ales para la Fed<\/h2> <p id=\"p-1786323029566-7376\">En el plano internacional, el principal dato llegar\u00e1 desde Estados Unidos con la publicaci\u00f3n del <strong>\u00cdndice de Precios al Consumidor (IPC) de julio<\/strong>. La cifra cobrar\u00e1 especial relevancia despu\u00e9s de la volatilidad que mostraron las materias primas y, particularmente, el petr\u00f3leo en medio de las tensiones geopol\u00edticas. <p id=\"p-1786323029566-60516\">Adem\u00e1s, los datos se conocer\u00e1n despu\u00e9s de las \u00faltimas <strong>se\u00f1ales de debilidad del mercado laboral estadounidense<\/strong>, por lo que cada indicador ser\u00e1 analizado por los inversores en funci\u00f3n de sus posibles implicancias para las pr\u00f3ximas decisiones de pol\u00edtica monetaria de la <strong>Reserva Federal (Fed)<\/strong>. <p id=\"p-1786323029566-20447\">La agenda estadounidense se completar\u00e1 con los <strong>precios al productor, las solicitudes semanales de desempleo, las ventas minoristas y la confianza del consumidor<\/strong>, indicadores que permitir\u00e1n obtener nuevas se\u00f1ales sobre la evoluci\u00f3n de la principal econom\u00eda mundial. <h2 id=\"p-1786323029567-2885\"><strong>La agenda econ\u00f3mica, d\u00eda por d\u00eda<\/strong><\/h2> <h3 id=\"p-1786323712918-27969\" data-start=\"38\" data-end=\"60\"><strong data-start=\"38\" data-end=\"60\"> Lunes 10 de agosto<\/strong><\/h3> <ul id=\"p-1786323712918-64631\" data-start=\"61\" data-end=\"325\"><li id=\"p-1786323712918-62287\" data-section-id=\"15a7r3f\" data-start=\"61\" data-end=\"90\"> Balanza comercial de Jap\u00f3n.<\/li> <li id=\"p-1786323712918-95408\" data-section-id=\"1aeal4h\" data-start=\"91\" data-end=\"213\">Balances de <strong data-start=\"105\" data-end=\"212\">YPF (YPFD), Grupo Supervielle (SUPV), Transportadora de Gas del Norte (TGN) y Cablevisi\u00f3n Holding (CVH)<\/strong>.<\/li> <li id=\"p-1786323712918-66982\" data-section-id=\"smy2sc\" data-start=\"214\" data-end=\"278\">Deuda: llamado a la primera licitaci\u00f3n del Tesoro de agosto.<\/li> <li id=\"p-1786323712918-1613\" data-section-id=\"dxeuto\" data-start=\"279\" data-end=\"325\">Brasil: <strong data-start=\"289\" data-end=\"324\">Informe Focus del Banco Central, con las expectativas del mercado sobre inflaci\u00f3n, tasas y actividad.<\/strong><\/li> <\/ul> <h3 id=\"p-1786323712918-18859\" data-start=\"327\" data-end=\"350\"><strong data-start=\"327\" data-end=\"350\">Martes 11 de agosto<\/strong><\/h3> <ul id=\"p-1786323712918-23440\" data-start=\"351\" data-end=\"556\"><li id=\"p-1786323804765-87911\"> Balances de <strong data-start=\"497\" data-end=\"555\">Central Puerto (CEPU), Edenor (EDN) y Adecoagro (AGRO)<\/strong>.<\/li> <li id=\"p-1786323712918-19373\" data-section-id=\"1lu2j13\" data-start=\"351\" data-end=\"434\">El INDEC publica el <strong data-start=\"373\" data-end=\"433\">Indicador Sint\u00e9tico de Servicios P\u00fablicos (ISSP) de mayo<\/strong>.<\/li> <li id=\"p-1786323712918-23222\" data-section-id=\"1wa9606\" data-start=\"435\" data-end=\"482\">Brasil: <strong data-start=\"445\" data-end=\"481\">IPC de julio y minutas del Copom<\/strong>.<\/li><\/ul> <h3 id=\"p-1786323712918-36575\" data-start=\"558\" data-end=\"584\"><strong data-start=\"558\" data-end=\"584\"> Mi\u00e9rcoles 12 de agosto<\/strong><\/h3> <ul id=\"p-1786323712918-33260\" data-start=\"585\" data-end=\"850\"><li id=\"p-1786323712918-57831\" data-section-id=\"1f6fumn\" data-start=\"585\" data-end=\"690\"> <strong data-start=\"587\" data-end=\"627\">Inflaci\u00f3n de julio en Estados Unidos<\/strong>, uno de los datos internacionales m\u00e1s relevantes de la semana.<\/li> <li id=\"p-1786323712918-30401\" data-section-id=\"eylgv7\" data-start=\"691\" data-end=\"724\">Inflaci\u00f3n de Alemania e Italia.<\/li> <li id=\"p-1786323712918-36209\" data-section-id=\"gjverj\" data-start=\"725\" data-end=\"850\">El Tesoro realizar\u00e1 la <strong data-start=\"750\" data-end=\"791\">primera licitaci\u00f3n de deuda de agosto.<\/strong><\/li> <\/ul> <h3 id=\"p-1786323712918-55071\" data-start=\"852\" data-end=\"875\"><strong data-start=\"852\" data-end=\"875\">Jueves 13 de agosto<\/strong><\/h3> <ul id=\"p-1786323712918-34439\" data-start=\"876\" data-end=\"1402\"><li id=\"p-1786323712918-97472\" data-section-id=\"1gfkhhf\" data-start=\"876\" data-end=\"970\"> <strong data-start=\"878\" data-end=\"931\">El INDEC difundir\u00e1 a las 16 la inflaci\u00f3n de julio<\/strong>, el principal dato local de la semana.<\/li> <li id=\"p-1786323712918-24052\" data-section-id=\"dyntg4\" data-start=\"971\" data-end=\"1076\">El organismo tambi\u00e9n publicar\u00e1 las <strong data-start=\"1008\" data-end=\"1066\">canastas B\u00e1sica Alimentaria (CBA) y B\u00e1sica Total (CBT)<\/strong> de julio.<\/li> <li id=\"p-1786323712918-89481\" data-section-id=\"129ayh4\" data-start=\"1077\" data-end=\"1131\"><strong data-start=\"1079\" data-end=\"1121\">Precios al productor de Estados Unidos<\/strong> de julio.<\/li> <li id=\"p-1786323712918-3486\" data-section-id=\"qm2k3v\" data-start=\"1132\" data-end=\"1186\">Solicitudes semanales de desempleo en Estados Unidos.<\/li> <li id=\"p-1786323712918-60796\" data-section-id=\"1dnwpth\" data-start=\"1187\" data-end=\"1211\">IPC de Jap\u00f3n y Espa\u00f1a.<\/li> <li id=\"p-1786323712918-80792\" data-section-id=\"1mcvnwt\" data-start=\"1212\" data-end=\"1260\"><strong data-start=\"1214\" data-end=\"1237\">PBI del Reino Unido<\/strong> del segundo trimestre.<\/li> <li id=\"p-1786323712918-50434\" data-section-id=\"1myqmn9\" data-start=\"1261\" data-end=\"1314\">Producci\u00f3n industrial de la Uni\u00f3n Europea de junio.<\/li> <li id=\"p-1786323712918-36312\" data-section-id=\"1omtnnq\" data-start=\"1315\" data-end=\"1354\">Ventas minoristas de Brasil de junio.<\/li> <li id=\"p-1786323712918-96339\" data-section-id=\"1v6jb9f\" data-start=\"1355\" data-end=\"1402\">Balances de <strong data-start=\"1369\" data-end=\"1401\">Globant (GLOB) y A3 Mercados (A3)<\/strong>.<\/li><\/ul> <h3 id=\"p-1786323712918-41443\" data-start=\"1404\" data-end=\"1428\"><strong data-start=\"1404\" data-end=\"1428\"> Viernes 14 de agosto<\/strong><\/h3> <ul id=\"p-1786323712918-76868\" data-start=\"1429\" data-end=\"1896\" data-is-last-node=\"\" data-is-only-node=\"\"><li id=\"p-1786323712918-20869\" data-section-id=\"2b5x5j\" data-start=\"1429\" data-end=\"1525\"> El INDEC publica la <strong data-start=\"1451\" data-end=\"1524\">Utilizaci\u00f3n de la Capacidad Instalada en la Industria (UCII) de junio<\/strong>.<\/li> <li id=\"p-1786323712918-50396\" data-section-id=\"g5hf82\" data-start=\"1526\" data-end=\"1577\"><strong data-start=\"1528\" data-end=\"1567\">Ventas minoristas de Estados Unidos<\/strong> de julio.<\/li> <li id=\"p-1786323712918-83717\" data-section-id=\"1750luo\" data-start=\"1578\" data-end=\"1645\">Confianza del consumidor de la Universidad de Michigan de agosto.<\/li> <li id=\"p-1786323712918-46021\" data-section-id=\"rtfdal\" data-start=\"1646\" data-end=\"1663\">IPC de Francia.<\/li> <li id=\"p-1786323712918-92431\" data-section-id=\"u3fpss\" data-start=\"1664\" data-end=\"1716\"><strong data-start=\"1666\" data-end=\"1693\">PBI de la Uni\u00f3n Europea<\/strong> del segundo trimestre.<\/li> <li id=\"p-1786323712918-55065\" data-section-id=\"dv7szk\" data-start=\"1717\" data-end=\"1766\">Balanza comercial de la Uni\u00f3n Europea de junio.<\/li> <li id=\"p-1786323712918-71919\" data-section-id=\"qivc5x\" data-start=\"1767\" data-end=\"1832\">Estimaci\u00f3n preliminar de empleo de la UE del segundo trimestre.<\/li> <li id=\"p-1786323712918-20174\" data-section-id=\"1s5trr0\" data-start=\"1833\" data-end=\"1896\" data-is-last-node=\"\">Cuenta corriente de China del segundo trimestre (preliminar).<\/li><\/ul> <\/article> <div><ul> <span> Temas <\/span> <li> <a href=\"https:\/\/www.ambito.com\/mercados-a5122556\"> Mercado financiero <\/a><\/li> <li> <a href=\"https:\/\/www.ambito.com\/wall-street-a5122645\"> Wall Street <\/a><\/li> <li> <a href=\"https:\/\/www.ambito.com\/sp-merval-a5124225\"> S&amp;P Merval <\/a><\/li> <\/ul><\/div> <!-- REGION4 } --><\/div><\/div><\/div><\/p>\n                                        \n                                        \n                                        <p>Fuente: <a href=\"https:\/\/www.ambito.com\/economia\/semana-clave-el-mercado-llega-la-inflacion-julio-el-foco-el-dolar-tasas-y-nuevos-balances-locales-n6308759\">Enlace original<\/a><\/p>\n                                        ","protected":false},"excerpt":{"rendered":"<p>Los inversores seguir\u00e1n de cerca el IPC del s\u00e9ptimo mes del a\u00f1o, la liquidez y las se\u00f1ales del Tesoro, en una agenda cargada de datos econ\u00f3micos y resultados corporativos. En el plano internacional, EEUU tambi\u00e9n publicar\u00e1 el dato de inflaci\u00f3n, junto con cifras clave de actividad y consumo. Mercados: el d\u00f3lar baj\u00f3 por primera vez [&hellip;]<\/p>\n","protected":false},"author":1,"featured_media":820,"comment_status":"open","ping_status":"","sticky":false,"template":"template-ancho-completo.php","format":"standard","meta":{"content-type":"","footnotes":"","jetpack_publicize_message":"","jetpack_publicize_feature_enabled":true,"jetpack_social_post_already_shared":true,"jetpack_social_options":{"image_generator_settings":{"template":"highway","default_image_id":0,"font":"","enabled":false},"version":2}},"categories":[57],"tags":[],"class_list":["post-2522","post","type-post","status-publish","format-standard","has-post-thumbnail","hentry","category-ambitofinanciero"],"aioseo_notices":[],"jetpack_publicize_connections":[],"_links":{"self":[{"href":"https:\/\/contabilidadfamiliar.com\/index.php\/wp-json\/wp\/v2\/posts\/2522","targetHints":{"allow":["GET"]}}],"collection":[{"href":"https:\/\/contabilidadfamiliar.com\/index.php\/wp-json\/wp\/v2\/posts"}],"about":[{"href":"https:\/\/contabilidadfamiliar.com\/index.php\/wp-json\/wp\/v2\/types\/post"}],"author":[{"embeddable":true,"href":"https:\/\/contabilidadfamiliar.com\/index.php\/wp-json\/wp\/v2\/users\/1"}],"replies":[{"embeddable":true,"href":"https:\/\/contabilidadfamiliar.com\/index.php\/wp-json\/wp\/v2\/comments?post=2522"}],"version-history":[{"count":0,"href":"https:\/\/contabilidadfamiliar.com\/index.php\/wp-json\/wp\/v2\/posts\/2522\/revisions"}],"wp:featuredmedia":[{"embeddable":true,"href":"https:\/\/contabilidadfamiliar.com\/index.php\/wp-json\/wp\/v2\/media\/820"}],"wp:attachment":[{"href":"https:\/\/contabilidadfamiliar.com\/index.php\/wp-json\/wp\/v2\/media?parent=2522"}],"wp:term":[{"taxonomy":"category","embeddable":true,"href":"https:\/\/contabilidadfamiliar.com\/index.php\/wp-json\/wp\/v2\/categories?post=2522"},{"taxonomy":"post_tag","embeddable":true,"href":"https:\/\/contabilidadfamiliar.com\/index.php\/wp-json\/wp\/v2\/tags?post=2522"}],"curies":[{"name":"wp","href":"https:\/\/api.w.org\/{rel}","templated":true}]}}