{"id":2507,"date":"2026-08-08T03:38:09","date_gmt":"2026-08-08T03:38:09","guid":{"rendered":"https:\/\/contabilidadfamiliar.com\/index.php\/2026\/08\/08\/se-disparo-la-inflacion-en-caba\/"},"modified":"2026-08-08T03:38:09","modified_gmt":"2026-08-08T03:38:09","slug":"se-disparo-la-inflacion-en-caba","status":"publish","type":"post","link":"https:\/\/contabilidadfamiliar.com\/index.php\/2026\/08\/08\/se-disparo-la-inflacion-en-caba\/","title":{"rendered":"SE DISPAR\u00d3 LA INFLACI\u00d3N EN CABA"},"content":{"rendered":" \n                                        <p><div class=\"extracted-content\"><div id=\"readability-page-1\" class=\"page\"><article> <!-- \/21709548400\/Eleconomista\/nota_Video_Oustream --> <strong>La inflaci\u00f3n de julio en la<\/strong><a href=\"https:\/\/eleconomista.com.ar\/tags\/ciudad-buenos-aires-t204\" target=\"_blank\"><strong> Ciudad de Buenos Aires <\/strong><\/a><strong>sorprendi\u00f3 al ubicarse en 2,9%, tras el 1,8% registrado en junio<\/strong>, una aceleraci\u00f3n de <strong>1,1 puntos porcentuales<\/strong> que super\u00f3 las expectativas del mercado. Sin embargo, los analistas sostienen que el dato no anticipa necesariamente una suba similar en el \u00edndice nacional del Indec, que se conocer\u00e1 el pr\u00f3ximo 13 de agosto y contin\u00faa proyect\u00e1ndose en torno al 2%. La clave, explican, est\u00e1 en las diferencias entre ambas mediciones y en el mayor peso que tienen <strong>el turismo<\/strong> y algunos <strong>servicios<\/strong> dentro de la canasta porte\u00f1a. <h2><strong>El turismo fue el principal motor de la suba<\/strong><\/h2> Seg\u00fan un informe de <strong>PxQ Consultora<\/strong>, las vacaciones de invierno empujaron con fuerza los precios de actividades ligadas al turismo, rubros que tienen una incidencia mucho mayor en el IPC porte\u00f1o que en el indicador nacional. Entre los aumentos m\u00e1s relevantes de julio se destacaron: <div> <a href=\"https:\/\/eleconomista.com.ar\/economia\/caputo-asegura-habra-paz-cambiaria-pero-corrida-electoral-ya-tiene-numero-y-mayor-2025-n97224\" title=\"Caputo asegura que habr\u00e1 paz cambiaria, pero la corrida electoral ya tiene n\u00famero (y es mayor que en 2025)\"><\/a>  <\/div> <ul><li><strong>Servicios de alojamiento<\/strong>: <strong>+29,1%<\/strong><\/li><li><strong>Paquetes tur\u00edsticos<\/strong>: <strong>+26%<\/strong><\/li><li><strong>Pasajes a\u00e9reos<\/strong>: <strong>+21,7%<\/strong><\/li><li><strong>Alquileres de vivienda<\/strong>: <strong>+1,8%<\/strong><\/li><\/ul>De acuerdo con la consultora, si se excluye el efecto de estos componentes, <strong>la inflaci\u00f3n nacional ser\u00eda alrededor de 0,9 puntos porcentuales inferior a la registrada en CABA<\/strong>, lo que vuelve compatible un IPC cercano al <strong>2%<\/strong>. <h2><strong>Qu\u00e9 esperan los analistas para el dato del Indec<\/strong><\/h2>El comportamiento de <strong>Alimentos y bebidas no alcoh\u00f3licas<\/strong>, el rubro de mayor ponderaci\u00f3n dentro del IPC nacional, ser\u00e1 determinante para el resultado final. PxQ elabor\u00f3 distintos escenarios para estimar el dato: <div> <a href=\"https:\/\/eleconomista.com.ar\/economia\/dolar-hoy-cuanto-cotiza-viernes-7-agosto-n97218\" title=\"D\u00f3lar hoy: a cu\u00e1nto cotiza este viernes 7 de agosto\"><\/a>  <\/div> <ul><li>Si los alimentos subieron alrededor de <strong>1,3%<\/strong>, la inflaci\u00f3n nacional se ubicar\u00eda entre <strong>1,8% y 2,1%<\/strong>.<\/li><li>Si el aumento fue cercano al <strong>1,6%<\/strong>, el IPC podr\u00eda acercarse al <strong>2,3%<\/strong>.<\/li><\/ul>Por ahora, la mayor\u00eda de las consultoras sigue proyectando una <strong>inflaci\u00f3n cercana al 2%<\/strong>, pese al dato m\u00e1s alto observado en la Ciudad. <h2><strong>Vacaciones r\u00e9cord y mayor presi\u00f3n sobre los precios<\/strong><\/h2>El turismo mostr\u00f3 un desempe\u00f1o muy superior al habitual durante el receso invernal. Seg\u00fan el Observatorio del Ente de Turismo porte\u00f1o, <strong>m\u00e1s de 594.000 visitantes<\/strong> llegaron a la Ciudad durante las cuatro semanas de vacaciones, generando un impacto econ\u00f3mico superior a <strong>$275.000 millones<\/strong>. Adem\u00e1s, la ocupaci\u00f3n hotelera alcanz\u00f3 picos del <strong>77%<\/strong>, con un promedio cercano al <strong>70%<\/strong> en todas las categor\u00edas. A nivel nacional, la C\u00e1mara Argentina de Turismo (CAT) tambi\u00e9n inform\u00f3 un movimiento superior al registrado durante las vacaciones de invierno de 2025, impulsado tanto por el turismo interno como por la llegada de visitantes extranjeros. <div> <a href=\"https:\/\/eleconomista.com.ar\/economia\/empresarios-alertan-pasara-dolar-inflacion-empleo-proximos-12-meses-n97215\" title=\"Empresarios alertan: qu\u00e9 pasar\u00e1 con d\u00f3lar, inflaci\u00f3n y empleo en los pr\u00f3ximos 12 meses\"><\/a>  <\/div> <h2><strong>Qu\u00e9 otros rubros impulsaron la inflaci\u00f3n porte\u00f1a<\/strong><\/h2>M\u00e1s all\u00e1 del efecto tur\u00edstico, el IPC de la Ciudad tambi\u00e9n reflej\u00f3 un fuerte avance de los <strong>productos estacionales<\/strong>, que aumentaron <strong>10,9%<\/strong> en julio. A eso se sumaron los <strong>precios regulados (+3%)<\/strong> y la <strong>inflaci\u00f3n n\u00facleo (+2,2%)<\/strong>, que todav\u00eda muestra resistencia a perforar el piso del 2%. Por divisiones, <strong>Restaurantes y hoteles<\/strong>, <strong>Vivienda<\/strong>, <strong>Recreaci\u00f3n y cultura<\/strong> y <strong>Transporte<\/strong> explicaron m\u00e1s del <strong>60% de la variaci\u00f3n mensual<\/strong>. Entre las mayores subas tambi\u00e9n figuraron las verduras, las tarifas el\u00e9ctricas y los alquileres, mientras que <strong>Prendas de vestir y calzado<\/strong> fue uno de los pocos rubros que mostr\u00f3 bajas (<strong>-1,6%<\/strong>) por las liquidaciones de temporada. <h2><strong>Qu\u00e9 proyecta el mercado para los pr\u00f3ximos meses<\/strong><\/h2>El \u00faltimo <strong>Relevamiento de Expectativas de Mercado (REM)<\/strong> del <strong>BCRA<\/strong> mantiene un escenario de desaceleraci\u00f3n gradual de la <strong>Inflaci\u00f3n<\/strong>. Los analistas proyectan un IPC de <strong>1,8%<\/strong> para agosto, <strong>1,8%<\/strong> en septiembre, <strong>1,7%<\/strong> en octubre, <strong>1,6%<\/strong> en noviembre y <strong>1,8%<\/strong> en diciembre, para luego volver a <strong>1,7%<\/strong> en enero de 2027. En ese contexto, el dato de <strong>2,9% en CABA<\/strong> aparece, seg\u00fan los economistas, como un fen\u00f3meno explicado principalmente por factores estacionales y metodol\u00f3gicos, m\u00e1s que como un cambio de tendencia en la <strong>inflaci\u00f3n<\/strong> nacional. <a href=\"https:\/\/www.google.com\/preferences\/source?q=eleconomista.com.ar\" target=\"_blank\" rel=\"noopener nofollow\">   <span>Segu\u00ed a El Economista en Google<\/span> <span>Agreganos a tus medios preferidos.<\/span>  + Agregar <\/a> <\/article><\/div><\/div><\/p>\n                                        \n                                        \n                                        <p>Fuente: <a href=\"https:\/\/eleconomista.com.ar\/economia\/se-disparo-inflacion-caba-n97231\">Enlace original<\/a><\/p>\n                                        ","protected":false},"excerpt":{"rendered":"<p>La inflaci\u00f3n de julio en la Ciudad de Buenos Aires sorprendi\u00f3 al ubicarse en 2,9%, tras el 1,8% registrado en junio, una aceleraci\u00f3n de 1,1 puntos porcentuales que super\u00f3 las expectativas del mercado. Sin embargo, los analistas sostienen que el dato no anticipa necesariamente una suba similar en el \u00edndice nacional del Indec, que se [&hellip;]<\/p>\n","protected":false},"author":1,"featured_media":820,"comment_status":"open","ping_status":"","sticky":false,"template":"template-ancho-completo.php","format":"standard","meta":{"content-type":"","footnotes":"","jetpack_publicize_message":"","jetpack_publicize_feature_enabled":true,"jetpack_social_post_already_shared":true,"jetpack_social_options":{"image_generator_settings":{"template":"highway","default_image_id":0,"font":"","enabled":false},"version":2}},"categories":[59],"tags":[],"class_list":["post-2507","post","type-post","status-publish","format-standard","has-post-thumbnail","hentry","category-eleconomista"],"aioseo_notices":[],"jetpack_publicize_connections":[],"_links":{"self":[{"href":"https:\/\/contabilidadfamiliar.com\/index.php\/wp-json\/wp\/v2\/posts\/2507","targetHints":{"allow":["GET"]}}],"collection":[{"href":"https:\/\/contabilidadfamiliar.com\/index.php\/wp-json\/wp\/v2\/posts"}],"about":[{"href":"https:\/\/contabilidadfamiliar.com\/index.php\/wp-json\/wp\/v2\/types\/post"}],"author":[{"embeddable":true,"href":"https:\/\/contabilidadfamiliar.com\/index.php\/wp-json\/wp\/v2\/users\/1"}],"replies":[{"embeddable":true,"href":"https:\/\/contabilidadfamiliar.com\/index.php\/wp-json\/wp\/v2\/comments?post=2507"}],"version-history":[{"count":0,"href":"https:\/\/contabilidadfamiliar.com\/index.php\/wp-json\/wp\/v2\/posts\/2507\/revisions"}],"wp:featuredmedia":[{"embeddable":true,"href":"https:\/\/contabilidadfamiliar.com\/index.php\/wp-json\/wp\/v2\/media\/820"}],"wp:attachment":[{"href":"https:\/\/contabilidadfamiliar.com\/index.php\/wp-json\/wp\/v2\/media?parent=2507"}],"wp:term":[{"taxonomy":"category","embeddable":true,"href":"https:\/\/contabilidadfamiliar.com\/index.php\/wp-json\/wp\/v2\/categories?post=2507"},{"taxonomy":"post_tag","embeddable":true,"href":"https:\/\/contabilidadfamiliar.com\/index.php\/wp-json\/wp\/v2\/tags?post=2507"}],"curies":[{"name":"wp","href":"https:\/\/api.w.org\/{rel}","templated":true}]}}