{"id":2503,"date":"2026-08-08T03:33:38","date_gmt":"2026-08-08T03:33:38","guid":{"rendered":"https:\/\/contabilidadfamiliar.com\/index.php\/2026\/08\/08\/grupo-corven-desarrolla-un-modelo-electrico-para-comunidades-aisladas-en-esta-provincia\/"},"modified":"2026-08-08T03:33:38","modified_gmt":"2026-08-08T03:33:38","slug":"grupo-corven-desarrolla-un-modelo-electrico-para-comunidades-aisladas-en-esta-provincia","status":"publish","type":"post","link":"https:\/\/contabilidadfamiliar.com\/index.php\/2026\/08\/08\/grupo-corven-desarrolla-un-modelo-electrico-para-comunidades-aisladas-en-esta-provincia\/","title":{"rendered":"Grupo Corven desarrolla un modelo el\u00e9ctrico para comunidades aisladas en esta provincia"},"content":{"rendered":" \n                                        <p><div class=\"extracted-content\"><div id=\"readability-page-1\" class=\"page\"><div> <h3>Puntos importantes<\/h3>  <span>Coral Energ\u00eda invierte 5,4 M USD en su 1er proyecto h\u00edbrido de energ\u00eda renovable en Chubut.<\/span>   <span>La obra en Paso de Indios, Chubut, es una microrred inteligente con 3MW solar, 5MWp bater\u00edas y 1MVA di\u00e9sel.<\/span>   <span>La iniciativa reducir\u00e1 el consumo de di\u00e9sel hasta 80% en Paso de Indios, mejorando costos y ambiente.<\/span>  <\/div><div> <span>Con una inversi\u00f3n de u$s5,4 millones, <a href=\"https:\/\/www.iprofesional.com\/energia\/430006-corven-obtiene-financiamiento-por-us60-millones-para-energia-solar\" target=\"_blank\" title=\"Coral Energ\u00eda\" rel=\"noopener noreferrer\">Coral Energ\u00eda<\/a> -la unidad del Grupo Corven especializada en el desarrollo, construcci\u00f3n y operaci\u00f3n de activos el\u00e9ctricos y renovables- dio un paso clave en su <strong>plan de expansi\u00f3n al concretar su desembarco con un primer proyecto en la Patagonia<\/strong><\/span><span><!----><!----><!----><!----><!----><!----><!----><!----><!----><!----><!----><!----><!----><!----><!----><!----><!----><!----><!----><!----><!----><!----><!----><!----><!----><!----><!----><!----><!----><!----><!----><!----><!----><!----><!----><!----><!----><!----><!----><!----><!----><!----><!----><!----><!----><!----><!----><!----><!----><!----><sup><!----><\/sup><!----><!----><!----><!----><!----><!----><!----><!----><!----><!----><!----><!----><!----><!----><!----><!----><!----><!----><!----><!----><!----><!----><!----><!----><!----><!----><!----><!----><!----><!----><!----><!----><!----><!----><!----><\/span><span>. <\/span> <span>La compa\u00f1\u00eda avanzar\u00e1 con la<strong> ejecuci\u00f3n de su primer proyecto h\u00edbrido en la provincia de Chubut<\/strong>, una obra de infraestructura que se localizar\u00e1 en la comuna de Paso de Indios y que marcar\u00e1 un hito t\u00e9cnico para la calidad del servicio en la regi\u00f3n<\/span><span><!----><!----><!----><!----><!----><!----><!----><!----><!----><!----><!----><!----><!----><!----><!----><!----><!----><!----><!----><!----><!----><!----><!----><!----><!----><!----><!----><!----><!----><!----><!----><!----><!----><!----><!----><!----><!----><!----><!----><!----><!----><!----><!----><!----><!----><!----><!----><!----><!----><!----><sup><!----><\/sup><!----><!----><!----><!----><!----><!----><!----><!----><!----><!----><!----><!----><!----><!----><!----><!----><!----><!----><!----><!----><!----><!----><!----><!----><!----><!----><!----><!----><!----><!----><!----><!----><!----><!----><!----><\/span><span>. La iniciativa fue dise\u00f1ada bajo un modelo de microrred inteligente destinado a transformar el perfil de abastecimiento de <strong>una localidad que depend\u00eda de manera exclusiva de la generaci\u00f3n t\u00e9rmica<\/strong> con uso de combustibles f\u00f3siles<\/span><span><!----><!----><!----><!----><!----><!----><!----><!----><!----><!----><!----><!----><!----><!----><!----><!----><!----><!----><!----><!----><!----><!----><!----><!----><!----><!----><!----><!----><!----><!----><!----><!----><!----><!----><!----><!----><!----><!----><!----><!----><!----><!----><!----><!----><!----><!----><!----><!----><!----><!----><sup><!----><\/sup><!----><!----><!----><!----><!----><!----><!----><!----><!----><!----><!----><!----><!----><!----><!----><!----><!----><!----><!----><!----><!----><!----><!----><!----><!----><!----><!----><!----><!----><!----><!----><!----><!----><!----><!----><\/span><span>.<\/span> <!----><!----><!----><!----><!----><!----><!----><!----> <span>El inicio del proyecto se sell\u00f3 formalmente durante un encuentro institucional desarrollado en la Sala de Situaci\u00f3n de la Casa de Gobierno, en la ciudad de Rawson<\/span><span><!----><!----><!----><!----><!----><!----><!----><!----><!----><!----><!----><!----><!----><!----><!----><!----><!----><!----><!----><!----><!----><!----><!----><!----><!----><!----><!----><!----><!----><!----><!----><!----><!----><!----><!----><!----><!----><!----><!----><!----><!----><!----><!----><!----><!----><!----><!----><!----><!----><!----><sup><!----><\/sup><!----><!----><!----><!----><!----><!----><!----><!----><!----><!----><!----><!----><!----><!----><!----><!----><!----><!----><!----><!----><!----><!----><!----><!----><!----><!----><!----><!----><!----><!----><!----><!----><!----><!----><!----><\/span><span>. All\u00ed, <span>el gobernador de la provincia, Ignacio Torres, encabezo la firma del contrato y del acta de inicio de obra junto con las m\u00e1ximas autoridades de la firma adjudicataria y de la distribuidora estatal<\/span><\/span><span><!----><!----><!----><!----><!----><!----><!----><!----><!----><!----><!----><!----><!----><!----><!----><!----><!----><!----><!----><!----><!----><!----><!----><!----><!----><!----><!----><!----><!----><!----><!----><!----><!----><!----><!----><!----><!----><!----><!----><!----><!----><!----><!----><!----><!----><!----><!----><!----><!----><!----><sup><!----><\/sup><!----><!----><!----><!----><!----><!----><!----><!----><!----><!----><!----><!----><!----><!----><!----><!----><!----><!----><!----><!----><!----><!----><!----><!----><!----><!----><!----><!----><!----><!----><!----><!----><!----><!----><!---->. <\/span> <span>Del acto participaron tambi\u00e9n el vicegobernador Gustavo Menna; el intendente de Paso de Indios, H\u00e9ctor Eduardo M\u00e9ndez; el gerente general de la Empresa Provincial de Energ\u00eda Chubut S.A.U. (EPECH), Sebasti\u00e1n De la Vallina; el presidente de Coral Energ\u00eda, Juan Carlos Fern\u00e1ndez; la gerenta de Relaciones Institucionales, Natalia Del Cogliano; y el gerente de Operaciones y Desarrollo, Maximiliano Gonella, junto a legisladores provinciales<\/span><span><!----><!----><!----><!----><!----><!----><!----><!----><!----><!----><!----><!----><!----><!----><!----><!----><!----><!----><!----><!----><!----><!----><!----><!----><!----><!----><!----><!----><!----><!----><!----><!----><!----><!----><!----><!----><!----><!----><!----><!----><!----><!----><!----><!----><!----><!----><!----><!----><!----><!----><sup><!----><\/sup><!----><!----><!----><!----><!----><!----><!----><!----><!----><!----><!----><!----><!----><!----><!----><!----><!----><!----><!----><!----><!----><!----><!----><!----><!----><!----><!----><!----><!----><!----><!----><!----><!----><!----><!----><\/span><span>.<\/span> <!----><!----><!----><!----><!----><!----><!----><!----> <h2><span>Un desarrollo t\u00e9cnico innovador en renovables<\/span><\/h2> <span>El desarrollo t\u00e9cnico de Paso de Indios destaca por su car\u00e1cter innovador dentro del mapa energ\u00e9tico de la Argentina<\/span><span><!----><!----><!----><!----><!----><!----><!----><!----><!----><!----><!----><!----><!----><!----><!----><!----><!----><!----><!----><!----><!----><!----><!----><!----><!----><!----><!----><!----><!----><!----><!----><!----><!----><!----><!----><!----><!----><!----><!----><!----><!----><!----><!----><!----><!----><!----><!----><!----><!----><!----><sup><!----><\/sup><!----><!----><!----><!----><!----><!----><!----><!----><!----><!----><!----><!----><!----><!----><!----><!----><!----><!----><!----><!----><!----><!----><!----><!----><!----><!----><!----><!----><!----><!----><!----><!----><!----><!----><!----><\/span><span>. Se trata de un sistema integral que <span>combina una planta solar fotovoltaica (PSFV) con una potencia instalada de 3 megavatios (MW), un sistema de almacenamiento de energ\u00eda en bater\u00edas de litio (BESS, por sus siglas en ingl\u00e9s) de 5 MWp y un generador di\u00e9sel de respaldo de 1 MVA<\/span><\/span><span><!----><!----><!----><!----><!----><!----><!----><!----><!----><!----><!----><!----><!----><!----><!----><!----><!----><!----><!----><!----><!----><!----><!----><!----><!----><!----><!----><!----><!----><!----><!----><!----><!----><!----><!----><!----><!----><!----><!----><!----><!----><!----><!----><!----><!----><!----><!----><!----><!----><!----><sup><!----><\/sup><!----><!----><!----><!----><!----><!----><!----><!----><!----><!----><!----><!----><!----><!----><!----><!----><!----><!----><!----><!----><!----><!----><!----><!----><!----><!----><!----><!----><!----><!----><!----><!----><!----><!----><!----><\/span><span>. <\/span> <span>Esta integraci\u00f3n de tecnolog\u00edas operar\u00e1 bajo un esquema automatizado que permitir\u00e1 optimizar el despacho de energ\u00eda en tiempo real, <strong>priorizando la cobertura de la demanda local a partir de la radiaci\u00f3n solar y acumulando los excedentes en el parque de bater\u00edas para abastecer la red durante las horas de la noche<\/strong> o en momentos de alta exigencia operacional<\/span><span><!----><!----><!----><!----><!----><!----><!----><!----><!----><!----><!----><!----><!----><!----><!----><!----><!----><!----><!----><!----><!----><!----><!----><!----><!----><!----><!----><!----><!----><!----><!----><!----><!----><!----><!----><!----><!----><!----><!----><!----><!----><!----><!----><!----><!----><!----><!----><!----><!----><!----><sup><!----><\/sup><!----><!----><!----><!----><!----><!----><!----><!----><!----><!----><!----><!----><!----><!----><!----><!----><!----><!----><!----><!----><!----><!----><!----><!----><!----><!----><!----><!----><!----><!----><!----><!----><!----><!----><!----><\/span><span>.<\/span> <!----><!----><!----><!----><!----><!----><!----><!----> <span>La entrada en servicio de este parque h\u00edbrido permitir\u00e1 desplazar de forma sustancial la quema de hidrocarburos en la zona<\/span><span><!----><!----><!----><!----><!----><!----><!----><!----><!----><!----><!----><!----><!----><!----><!----><!----><!----><!----><!----><!----><!----><!----><!----><!----><!----><!----><!----><!----><!----><!----><!----><!----><!----><!----><!----><!----><!----><!----><!----><!----><!----><!----><!----><!----><!----><!----><!----><!----><!----><!----><sup><!----><\/sup><!----><!----><!----><!----><!----><!----><!----><!----><!----><!----><!----><!----><!----><!----><!----><!----><!----><!----><!----><!----><!----><!----><!----><!----><!----><!----><!----><!----><!----><!----><!----><!----><!----><!----><!----><\/span><span>. De acuerdo con las estimaciones t\u00e9cnicas formuladas por la empresa y las autoridades provinciales, <strong>la nueva infraestructura lograr\u00e1 una reducci\u00f3n de hasta el 80% en el consumo de combustible di\u00e9sel <\/strong>utilizado por los generadores actuales<\/span><span><!----><!----><!----><!----><!----><!----><!----><!----><!----><!----><!----><!----><!----><!----><!----><!----><!----><!----><!----><!----><!----><!----><!----><!----><!----><!----><!----><!----><!----><!----><!----><!----><!----><!----><!----><!----><!----><!----><!----><!----><!----><!----><!----><!----><!----><!----><!----><!----><!----><!----><sup><!----><\/sup><!----><!----><!----><!----><!----><!----><!----><!----><!----><!----><!----><!----><!----><!----><!----><!----><!----><!----><!----><!----><!----><!----><!----><!----><!----><!----><!----><!----><!----><!----><!----><!----><!----><!----><!----><\/span><span>. <\/span> <span>Esta sustituci\u00f3n directa no solo se traducir\u00e1 en una <strong>disminuci\u00f3n de los costos operativos y de log\u00edstica de transporte de combustible<\/strong> para la provincia de la Argentina, sino que <span>aportar\u00e1 beneficios socioambientales inmediatos para los vecinos de Paso de Indios, al eliminar la contaminaci\u00f3n ac\u00fastica generada por el funcionamiento continuo de los motores t\u00e9rmicos y reducir las emisiones de gases de efecto invernadero a la atm\u00f3sfera<\/span><\/span><span><!----><!----><!----><!----><!----><!----><!----><!----><!----><!----><!----><!----><!----><!----><!----><!----><!----><!----><!----><!----><!----><!----><!----><!----><!----><!----><!----><!----><!----><!----><!----><!----><!----><!----><!----><!----><!----><!----><!----><!----><!----><!----><!----><!----><!----><!----><!----><!----><!----><!----><sup><!----><\/sup><!----><!----><!----><!----><!----><!----><!----><!----><!----><!----><!----><!----><!----><!----><!----><!----><!----><!----><!----><!----><!----><!----><!----><!----><!----><!----><!----><!----><!----><!----><!----><!----><!----><!----><!---->.<\/span> <!----><!----><!----><!----><!----><!----><!----><!----> <span>&#8220;Estamos muy contentos de llegar a la provincia con un proyecto innovador y sostenible que permitir\u00e1 brindar <strong>energ\u00eda segura, limpia y m\u00e1s econ\u00f3mica a la comunidad de Paso de Indios<\/strong>&#8220;, afirm\u00f3 Juan Carlos Fern\u00e1ndez, presidente de Coral Energ\u00eda, tras la firma del acuerdo<\/span><span><!----><!----><!----><!----><!----><!----><!----><!----><!----><!----><!----><!----><!----><!----><!----><!----><!----><!----><!----><!----><!----><!----><!----><!----><!----><!----><!----><!----><!----><!----><!----><!----><!----><!----><!----><!----><!----><!----><!----><!----><!----><!----><!----><!----><!----><!----><!----><!----><!----><!----><sup><!----><\/sup><!----><!----><!----><!----><!----><!----><!----><!----><!----><!----><!----><!----><!----><!----><!----><!----><!----><!----><!----><!----><!----><!----><!----><!----><!----><!----><!----><!----><!----><!----><!----><!----><!----><!----><!----><\/span><span>. <\/span> <span>El ejecutivo remarc\u00f3 que este esquema <strong>servir\u00e1 como un caso testigo de eficiencia t\u00e9cnica para ser replicado en otras comunidades aisladas<\/strong> o alejadas de las redes de transporte del pa\u00eds<\/span><span><!----><!----><!----><!----><!----><!----><!----><!----><!----><!----><!----><!----><!----><!----><!----><!----><!----><!----><!----><!----><!----><!----><!----><!----><!----><!----><!----><!----><!----><!----><!----><!----><!----><!----><!----><!----><!----><!----><!----><!----><!----><!----><!----><!----><!----><!----><!----><!----><!----><!----><sup><!----><\/sup><!----><!----><!----><!----><!----><!----><!----><!----><!----><!----><!----><!----><!----><!----><!----><!----><!----><!----><!----><!----><!----><!----><!----><!----><!----><!----><!----><!----><!----><!----><!----><!----><!----><!----><!----><\/span><span>.<\/span> <!----><!----><!----><!----><!----><!----><!----><!----> <h2><span>La estrategia de negocios de Coral Energ\u00eda<\/span><\/h2> <span>La obra en la Patagonia se inserta dentro de una estrategia de negocios de mayor escala promovida por Coral Energ\u00eda, que busca consolidarse como un actor de peso dentro de la transici\u00f3n energ\u00e9tica de la regi\u00f3n<\/span><span><!----><!----><!----><!----><!----><!----><!----><!----><!----><!----><!----><!----><!----><!----><!----><!----><!----><!----><!----><!----><!----><!----><!----><!----><!----><!----><!----><!----><!----><!----><!----><!----><!----><!----><!----><!----><!----><!----><!----><!----><!----><!----><!----><!----><!----><!----><!----><!----><!----><!----><sup><!----><\/sup><!----><!----><!----><!----><!----><!----><!----><!----><!----><!----><!----><!----><!----><!----><!----><!----><!----><!----><!----><!----><!----><!----><!----><!----><!----><!----><!----><!----><!----><!----><!----><!----><!----><!----><!----><\/span><span>. <strong>La compa\u00f1\u00eda integra un portafolio diversificado que contempla 250 MW de potencia adjudicada y mantiene frentes de obra abiertos en diversas provincias<\/strong><\/span><span><!----><!----><!----><!----><!----><!----><!----><!----><!----><!----><!----><!----><!----><!----><!----><!----><!----><!----><!----><!----><!----><!----><!----><!----><!----><!----><!----><!----><!----><!----><!----><!----><!----><!----><!----><!----><!----><!----><!----><!----><!----><!----><!----><!----><!----><!----><!----><!----><!----><!----><sup><!----><\/sup><!----><!----><!----><!----><!----><!----><!----><!----><!----><!----><!----><!----><!----><!----><!----><!----><!----><!----><!----><!----><!----><!----><!----><!----><!----><!----><!----><!----><!----><!----><!----><!----><!----><!----><!----><\/span><span>. <\/span> <span>Su plan de inversi\u00f3n se respalda en una <strong>arquitectura financiera<\/strong> que incluye pr\u00e9stamos sindicados concedidos por el Banco Naci\u00f3n, el Banco Ciudad y el Banco Industrial por m\u00e1s de u$s72 millones para el fondeo de activos renovables, sumado a <strong>acuerdos estrat\u00e9gicos con la Corporaci\u00f3n Interamericana para el Financiamiento de Infraestructura (CIFI) para el despliegue de tecnolog\u00eda BESS<\/strong><\/span><span><!----><!----><!----><!----><!----><!----><!----><!----><!----><!----><!----><!----><!----><!----><!----><!----><!----><!----><!----><!----><!----><!----><!----><!----><!----><!----><!----><!----><!----><!----><!----><!----><!----><!----><!----><!----><!----><!----><!----><!----><!----><!----><!----><!----><!----><!----><!----><!----><!----><!----><sup><!----><\/sup><!----><!----><!----><!----><!----><!----><!----><!----><!----><!----><!----><!----><!----><!----><!----><!----><!----><!----><!----><!----><!----><!----><!----><!----><!----><!----><!----><!----><!----><!----><!----><!----><!----><!----><!----><\/span><span>.<\/span> <!----><!----><!----><!----><!----><!----><!----><!----> <span>En la actualidad, la compa\u00f1\u00eda ejecuta siete parques solares fotovoltaicos en el marco del programa RenMDI distribuidos en localidades de Santiago del Estero, Corrientes, Santa Fe y San Juan, que suman 90 MW en construcci\u00f3n<!----><!----><!----><!----><!----><!----><!----><!----><!----><!----><!----><!----><!----><!----><!----><!----><!----><!----><!----><!----><!----><!----><!----><!----><!----><!----><!----><!----><!----><!----><!----><!----><!----><!----><!----><!----><!----><!----><!----><!----><!----><!----><!----><!----><!----><!----><!----><!----><!----><!----><sup><!----><\/sup><!----><!----><!----><!----><!----><!----><!----><!----><!----><!----><!----><!----><!----><!----><!----><!----><!----><!----><!----><!----><!----><!----><!----><!----><!----><!----><!----><!----><!----><!----><!----><!----><!----><!----><!---->. <\/span> <span>Asimismo, la firma <strong>avanza en el segmento de generaci\u00f3n distribuida en C\u00f3rdoba con cuatro centrales que aportar\u00edan 20 MW<\/strong>, y mantiene una fuerte apuesta por el almacenamiento a gran escala tras haber obtenido <strong>proyectos por 100 MW en la licitaci\u00f3n Alma GBA<\/strong> \u2014a radicar en el Parque Industrial de Pilar\u2014 y haber presentado propuestas por 600 MW en la convocatoria federal Alma SADI<\/span><span><!----><!----><!----><!----><!----><!----><!----><!----><!----><!----><!----><!----><!----><!----><!----><!----><!----><!----><!----><!----><!----><!----><!----><!----><!----><!----><!----><!----><!----><!----><!----><!----><!----><!----><!----><!----><!----><!----><!----><!----><!----><!----><!----><!----><!----><!----><!----><!----><!----><!----><sup><!----><\/sup><!----><!----><!----><!----><!----><!----><!----><!----><!----><!----><!----><!----><!----><!----><!----><!----><!----><!----><!----><!----><!----><!----><!----><!----><!----><!----><!----><!----><!----><!----><!----><!----><!----><!----><!----><\/span><span>.<\/span> <!----><!----><!----><!----><!----><!----><!----><!----> <span>Con el despliegue proyectado para este ejercicio, <strong>Coral Energ\u00eda prev\u00e9 tener operativos sus primeros 150 MW hacia fines de a\u00f1o<\/strong>, apuntando a consolidar un esquema de activos distribuido que le permita alcanzar una facturaci\u00f3n anual estimada en u$s40 millones para 2027<\/span><span><!----><!----><!----><!----><!----><!----><!----><!----><!----><!----><!----><!----><!----><!----><!----><!----><!----><!----><!----><!----><!----><!----><!----><!----><!----><!----><!----><!----><!----><!----><!----><!----><!----><!----><!----><!----><!----><!----><!----><!----><!----><!----><!----><!----><!----><!----><!----><!----><!----><!----><sup><!----><\/sup><!----><!----><!----><!----><!----><!----><!----><!----><!----><!----><!----><!----><!----><!----><!----><!----><!----><!----><!----><!----><!----><!----><!----><!----><!----><!----><!----><!----><!----><!----><!----><!----><!----><!----><!----><\/span><span>. <\/span> <\/div><\/div><\/div><\/p>\n                                        \n                                        \n                                        <p>Fuente: <a href=\"https:\/\/www.iprofesional.com\/energia\/461842-coral-energia-del-grupo-corven-desarrolla-modelo-electrico-para-comunidades-aisladas\">Enlace original<\/a><\/p>\n                                        ","protected":false},"excerpt":{"rendered":"<p>Puntos importantes Coral Energ\u00eda invierte 5,4 M USD en su 1er proyecto h\u00edbrido de energ\u00eda renovable en Chubut. La obra en Paso de Indios, Chubut, es una microrred inteligente con 3MW solar, 5MWp bater\u00edas y 1MVA di\u00e9sel. La iniciativa reducir\u00e1 el consumo de di\u00e9sel hasta 80% en Paso de Indios, mejorando costos y ambiente. Con [&hellip;]<\/p>\n","protected":false},"author":1,"featured_media":820,"comment_status":"open","ping_status":"","sticky":false,"template":"template-ancho-completo.php","format":"standard","meta":{"content-type":"","footnotes":"","jetpack_publicize_message":"","jetpack_publicize_feature_enabled":true,"jetpack_social_post_already_shared":true,"jetpack_social_options":{"image_generator_settings":{"template":"highway","default_image_id":0,"font":"","enabled":false},"version":2}},"categories":[58],"tags":[],"class_list":["post-2503","post","type-post","status-publish","format-standard","has-post-thumbnail","hentry","category-iprofessional"],"aioseo_notices":[],"jetpack_publicize_connections":[],"_links":{"self":[{"href":"https:\/\/contabilidadfamiliar.com\/index.php\/wp-json\/wp\/v2\/posts\/2503","targetHints":{"allow":["GET"]}}],"collection":[{"href":"https:\/\/contabilidadfamiliar.com\/index.php\/wp-json\/wp\/v2\/posts"}],"about":[{"href":"https:\/\/contabilidadfamiliar.com\/index.php\/wp-json\/wp\/v2\/types\/post"}],"author":[{"embeddable":true,"href":"https:\/\/contabilidadfamiliar.com\/index.php\/wp-json\/wp\/v2\/users\/1"}],"replies":[{"embeddable":true,"href":"https:\/\/contabilidadfamiliar.com\/index.php\/wp-json\/wp\/v2\/comments?post=2503"}],"version-history":[{"count":0,"href":"https:\/\/contabilidadfamiliar.com\/index.php\/wp-json\/wp\/v2\/posts\/2503\/revisions"}],"wp:featuredmedia":[{"embeddable":true,"href":"https:\/\/contabilidadfamiliar.com\/index.php\/wp-json\/wp\/v2\/media\/820"}],"wp:attachment":[{"href":"https:\/\/contabilidadfamiliar.com\/index.php\/wp-json\/wp\/v2\/media?parent=2503"}],"wp:term":[{"taxonomy":"category","embeddable":true,"href":"https:\/\/contabilidadfamiliar.com\/index.php\/wp-json\/wp\/v2\/categories?post=2503"},{"taxonomy":"post_tag","embeddable":true,"href":"https:\/\/contabilidadfamiliar.com\/index.php\/wp-json\/wp\/v2\/tags?post=2503"}],"curies":[{"name":"wp","href":"https:\/\/api.w.org\/{rel}","templated":true}]}}