{"id":2502,"date":"2026-08-08T03:32:29","date_gmt":"2026-08-08T03:32:29","guid":{"rendered":"https:\/\/contabilidadfamiliar.com\/index.php\/2026\/08\/08\/conflicto-en-puerta-en-vaca-muerta-entre-pymes-y-un-gigante-de-servicios-de-ee-uu\/"},"modified":"2026-08-08T03:32:29","modified_gmt":"2026-08-08T03:32:29","slug":"conflicto-en-puerta-en-vaca-muerta-entre-pymes-y-un-gigante-de-servicios-de-ee-uu","status":"publish","type":"post","link":"https:\/\/contabilidadfamiliar.com\/index.php\/2026\/08\/08\/conflicto-en-puerta-en-vaca-muerta-entre-pymes-y-un-gigante-de-servicios-de-ee-uu\/","title":{"rendered":"Conflicto en puerta en Vaca Muerta entre pymes y un gigante de servicios de EE.UU."},"content":{"rendered":" \n                                        <p><div class=\"extracted-content\"><div id=\"readability-page-1\" class=\"page\"><div> <h3>Puntos importantes<\/h3>  <span>Halliburton exige reducci\u00f3n del 23% en contratos a pymes proveedoras de Neuqu\u00e9n, enfrentando rechazo de FECENE y el gremio.<\/span>   <span>FECENE denuncia la medida unilateral de Halliburton; pymes, clave en Vaca Muerta, ven amenazada su sustentabilidad y empleo.<\/span>   <span>El Sindicato de Petr\u00f3leo y Gas alerta por impacto en empleos; Halliburton tiene antecedente de cierre en Chubut y despidos.<\/span>  <\/div><div> <span>La Federaci\u00f3n de C\u00e1maras del Sector Energ\u00e9tico de la Provincia del Neuqu\u00e9n (FECENE) denunci\u00f3 y expres\u00f3 su en\u00e9rgico rechazo ante la decisi\u00f3n de <a href=\"https:\/\/www.iprofesional.com\/energia\/452389-que-es-la-tecnologia-zeus-que-ypf-y-halliburton-aplicaran-en-vaca-muerta\" target=\"_blank\" title=\"Halliburton\" rel=\"noopener noreferrer\">Halliburton <\/a>Argentina de <strong>exigir a sus empresas proveedoras una reducci\u00f3n de hasta el 23% en los contratos<\/strong> en ejecuci\u00f3n<\/span><span><!----><!----><!----><!----><!----><!----><!----><!----><!----><!----><!----><!----><!----><!----><!----><!----><!----><!----><!----><!----><!----><!----><!----><!----><!----><!----><!----><!----><!----><!----><!----><!----><!----><!----><!----><!----><!----><!----><!----><!----><!----><!----><!----><!----><!----><!----><!----><!----><!----><!----><sup><!----><\/sup><!----><!----><!----><!----><!----><!----><!----><!----><!----><!----><!----><!----><!----><!----><!----><!----><!----><!----><!----><!----><!----><!----><!----><!----><!----><!----><!----><!----><!----><!----><!----><!----><!----><!----><!----><\/span><span>. <\/span> <span>Seg\u00fan denunci\u00f3 la entidad representativa del empresariado neuquino, la imposici\u00f3n fue comunicada bajo <strong>plazos perentorios y sin una instancia previa de di\u00e1logo<\/strong>, lo que configura una medida unilateral que traslada el costo de los procesos de ajuste a las <a href=\"https:\/\/www.iprofesional.com\/energia\/441861-el-dilema-de-vaca-muerta-como-financiar-el-boom-de-las-pymes-proveedoras\" target=\"_blank\" title=\"peque\u00f1as y medianas empresas\" rel=\"noopener noreferrer\">peque\u00f1as y medianas empresas<\/a> de la cuenca, consideradas las principales generadoras de empleo, inversi\u00f3n y desarrollo local en la regi\u00f3n<\/span><span><!----><!----><!----><!----><!----><!----><!----><!----><!----><!----><!----><!----><!----><!----><!----><!----><!----><!----><!----><!----><!----><!----><!----><!----><!----><!----><!----><!----><!----><!----><!----><!----><!----><!----><!----><!----><!----><!----><!----><!----><!----><!----><!----><!----><!----><!----><!----><!----><!----><!----><sup><!----><\/sup><!----><!----><!----><!----><!----><!----><!----><!----><!----><!----><!----><!----><!----><!----><!----><!----><!----><!----><!----><!----><!----><!----><!----><!----><!----><!----><!----><!----><!----><!----><!----><!----><!----><!----><!----><\/span><span>.<\/span> <!----><!----><!----><!----><!----><!----><!----><!----> <span>Fundada para articular y fortalecer al entramado productivo de la provincia, <strong>FECENE agrupa a las principales instituciones empresarias vinculadas a la energ\u00eda y la construcci\u00f3n en la jurisdicci\u00f3n<\/strong><\/span><span><!----><!----><!----><!----><!----><!----><!----><!----><!----><!----><!----><!----><!----><!----><!----><!----><!----><!----><!----><!----><!----><!----><!----><!----><!----><!----><!----><!----><!----><!----><!----><!----><!----><!----><!----><!----><!----><!----><!----><!----><!----><!----><!----><!----><!----><!----><!----><!----><!----><!----><sup><!----><\/sup><!----><!----><!----><!----><!----><!----><!----><!----><!----><!----><!----><!----><!----><!----><!----><!----><!----><!----><!----><!----><!----><!----><!----><!----><!----><!----><!----><!----><!----><!----><!----><!----><!----><!----><!----><\/span><span>.&nbsp;<span>A trav\u00e9s de esta red, la federaci\u00f3n representa a cientos de pymes contratistas y subcontratistas que sostienen las operaciones log\u00edsticas, edilicias, industriales y de servicios t\u00e9cnicos en los yacimientos no convencionales.&nbsp;<\/span><\/span> <span>Entre las entidades que la integran se destacan la Asociaci\u00f3n del Comercio, Industria, Producci\u00f3n y Afines del Neuqu\u00e9n (ACIPAN), la Asociaci\u00f3n de Industriales del Neuqu\u00e9n (ADINEU), la C\u00e1mara de Empresas de Servicios Petroleros (CAPESPE), la C\u00e1mara de Empresas de Industria y Servicios Cuenca Neuquina (CEIPA) y la sede local de la C\u00e1mara Argentina de la Construcci\u00f3n (CAMARCO)<\/span><span><!----><!----><!----><!----><!----><!----><!----><!----><!----><!----><!----><!----><!----><!----><!----><!----><!----><!----><!----><!----><!----><!----><!----><!----><!----><!----><!----><!----><!----><!----><!----><!----><!----><!----><!----><!----><!----><!----><!----><!----><!----><!----><!----><!----><!----><!----><!----><!----><!----><!----><sup><!----><\/sup><!----><!----><!----><!----><!----><!----><!----><!----><!----><!----><!----><!----><!----><!----><!----><!----><!----><!----><!----><!----><!----><!----><!----><!----><!----><!----><!----><!----><!----><!----><!----><!----><!----><!----><!----><\/span><span>.<\/span> <h2><span>Un gigante internacional con un cierre reciente en Chubut<\/span><\/h2> Por su parte, <strong>Halliburton constituye uno de los mayores gigantes mundiales en la provisi\u00f3n de servicios para la industria de hidrocarburos<\/strong>. La multinacional de origen estadounidense es un actor central en las prestaciones requeridas en la Cuenca Neuquina, destac\u00e1ndose en segmentos cr\u00edticos como la cementaci\u00f3n, la estimulaci\u00f3n hidr\u00e1ulica mediante fracturas masivas y la completaci\u00f3n de pozos. <span>Su envergadura tecnol\u00f3gica y financiera le otorga un peso determinante dentro de la cadena de suministros, donde interact\u00faa constantemente con operadoras de primera l\u00ednea y contratistas de menor tama\u00f1o.&nbsp;<\/span> La trayectoria de la compa\u00f1\u00eda en la Argentina incluye antecedentes de reestructuraci\u00f3n que generan preocupaci\u00f3n en la industria hidrocarbur\u00edfera regional. Hace un a\u00f1o, en un escenario de declino de la producci\u00f3n convencional y contracci\u00f3n de la actividad en el Golfo San Jorge,&nbsp;<strong>Halliburton resolvi\u00f3 el cese de sus operaciones en la provincia de Chubut<\/strong>. Aquella salida definitiva deriv\u00f3 en el <strong>despido masivo de personal e impact\u00f3 fuertemente en las pymes locales dedicadas a la provisi\u00f3n de servicios<\/strong>, un precedente que vuelve a ser analizado por las entidades empresarias ante las recientes decisiones comerciales adoptadas en el no convencional. <h2>Fuerte rechazo de las pymes a la medida<\/h2> <span>En su pronunciamiento, FECENE remarc\u00f3 que &#8220;las empresas proveedoras realizaron <strong>importantes inversiones, incorporaron tecnolog\u00eda, ampliaron su capacidad operativa y generaron miles de puestos de trabajo<\/strong> para responder al crecimiento sostenido de la actividad&#8221; en el no convencional<\/span><span>. <\/span> <span>La federaci\u00f3n se\u00f1al\u00f3 que &#8220;<strong>la pretensi\u00f3n de modificar las condiciones comerciales en forma intempestiva vulnera los compromisos asumidos<\/strong> y compromete seriamente la sustentabilidad de la cadena de valor&#8221;, al tiempo que advirti\u00f3 que la competitividad de &#8220;la industria hidrocarbur\u00edfera no puede construirse sobre el debilitamiento de los actores locales&#8221;<\/span><span><!----><!----><!----><!----><!----><!----><!----><!----><!----><!----><!----><!----><!----><!----><!----><!----><!----><!----><!----><!----><!----><!----><!----><!----><!----><!----><!----><!----><!----><!----><!----><!----><!----><!----><!----><!----><!----><!----><!----><!----><!----><!----><!----><!----><!----><!----><!----><!----><!----><!----><sup><!----><\/sup><!----><!----><!----><!----><!----><!----><!----><!----><!----><!----><!----><!----><!----><!----><!----><!----><!----><!----><!----><!----><!----><!----><!----><!----><!----><!----><!----><!----><!----><!----><!----><!----><!----><!----><!----><\/span><span>.<\/span> <!----><!----><!----><!----><!----><!----><!----><!----> <span>Asimismo, la organizaci\u00f3n empresaria advirti\u00f3 que este tipo de decisiones unilaterales contradicen el esp\u00edritu de la Ley Provincial 3338<\/span><span><!----><!----><!----><!----><!----><!----><!----><!----><!----><!----><!----><!----><!----><!----><!----><!----><!----><!----><!----><!----><!----><!----><!----><!----><!----><!----><!----><!----><!----><!----><!----><!----><!----><!----><!----><!----><!----><!----><!----><!----><!----><!----><!----><!----><!----><!----><!----><!----><!----><!----><sup><!----><\/sup><!----><!----><!----><!----><!----><!----><!----><!----><!----><!----><!----><!----><!----><!----><!----><!----><!----><!----><!----><!----><!----><!----><!----><!----><!----><!----><!----><!----><!----><!----><!----><!----><!----><!----><!----><\/span><span>. Dicha norma fue sancionada expresamente para fortalecer la participaci\u00f3n de las empresas neuquinas en las contrataciones hidrocarbur\u00edferas, promover el desarrollo de proveedores locales y consolidar<strong> una cadena de valor con mayor agregado regional y generaci\u00f3n de empleo<\/strong> en la provincia del Neuqu\u00e9n<\/span><span><!----><!----><!----><!----><!----><!----><!----><!----><!----><!----><!----><!----><!----><!----><!----><!----><!----><!----><!----><!----><!----><!----><!----><!----><!----><!----><!----><!----><!----><!----><!----><!----><!----><!----><!----><!----><!----><!----><!----><!----><!----><!----><!----><!----><!----><!----><!----><!----><!----><!----><sup><!----><\/sup><!----><!----><!----><!----><!----><!----><!----><!----><!----><!----><!----><!----><!----><!----><!----><!----><!----><!----><!----><!----><!----><!----><!----><!----><!----><!----><!----><!----><!----><!----><!----><!----><!----><!----><!----><\/span><span>.<\/span> <!----><!----><!----><!----><!----><!----><!----><!----> <span>Frente a este escenario, <span>la entidad inst\u00f3 a la conducci\u00f3n de Halliburton a &#8220;dejar sin efecto la exigencia e iniciar de manera inmediata una instancia de di\u00e1logo&#8221; en un marco de buena fe que permita hallar alternativas sostenibles<\/span><\/span><span><!----><!----><!----><!----><!----><!----><!----><!----><!----><!----><!----><!----><!----><!----><!----><!----><!----><!----><!----><!----><!----><!----><!----><!----><!----><!----><!----><!----><!----><!----><!----><!----><!----><!----><!----><!----><!----><!----><!----><!----><!----><!----><!----><!----><!----><!----><!----><!----><!----><!----><sup><!----><\/sup><!----><!----><!----><!----><!----><!----><!----><!----><!----><!----><!----><!----><!----><!----><!----><!----><!----><!----><!----><!----><!----><!----><!----><!----><!----><!----><!----><!----><!----><!----><!----><!----><!----><!----><!----><\/span><span><span>.<\/span> De igual modo, la federaci\u00f3n convoc\u00f3 a las operadoras, empresas de servicios, c\u00e1maras del sector y autoridades provinciales a <strong>defender un modelo de desarrollo en Vaca Muerta que priorice la competitividad sin sacrificar a las pymes<\/strong> ni a los trabajadores.<\/span> <h2>Postura del gremio ante el escenario de ajuste<\/h2> <span>El Sindicato de Petr\u00f3leo y Gas Privado de R\u00edo Negro, Neuqu\u00e9n y La Pampa denunci\u00f3 que <strong>la pol\u00edtica comercial adoptada por la firma de servicios especiales ahoga a las contratistas locales y pone en estado de alerta a los trabajadores<\/strong>, en reacci\u00f3n al entredicho entre Halliburton y la Fecene<\/span><span>. <\/span> <span>El secretario general del gremio, Marcelo Rucci, <strong>calific\u00f3 la exigencia como &#8220;una calamidad&#8221; y remarc\u00f3 que &#8220;las empresas locales son grandes generadoras de trabajo <\/strong>y estas decisiones unilaterales golpean directamente sobre el entramado empresario de la cuenca&#8221;<\/span><span><!----><!----><!----><!----><!----><!----><!----><!----><!----><!----><!----><!----><!----><!----><!----><!----><!----><!----><!----><!----><!----><!----><!----><!----><!----><!----><!----><!----><!----><!----><!----><!----><!----><!----><!----><!----><!----><!----><!----><!----><!----><!----><!----><!----><!----><!----><!----><!----><!----><!----><sup><!----><\/sup><!----><!----><!----><!----><!----><!----><!----><!----><!----><!----><!----><!----><!----><!----><!----><!----><!----><!----><!----><!----><!----><!----><!----><!----><!----><!----><!----><!----><!----><!----><!----><!----><!----><!----><!----><\/span><span>. Para la conducci\u00f3n sindical, la medida responde a una decisi\u00f3n corporativa de mejorar los m\u00e1rgenes operativos descargando el costo sobre los eslabones con menor margen de negociaci\u00f3n<\/span><span><!----><!----><!----><!----><!----><!----><!----><!----><!----><!----><!----><!----><!----><!----><!----><!----><!----><!----><!----><!----><!----><!----><!----><!----><!----><!----><!----><!----><!----><!----><!----><!----><!----><!----><!----><!----><!----><!----><!----><!----><!----><!----><!----><!----><!----><!----><!----><!----><!----><!----><sup><!----><\/sup><!----><!----><!----><!----><!----><!----><!----><!----><!----><!----><!----><!----><!----><!----><!----><!----><!----><!----><!----><!----><!----><!----><!----><!----><!----><!----><!----><!----><!----><!----><!----><!----><!----><!----><!----><\/span><span>.<\/span> <!----><!----><!----><!----><!----><!----><!----><!----> <span>El dirigente remarc\u00f3 la paradoja de que la pretensi\u00f3n de recortar un 23% las tarifas a las pymes se produzca en simult\u00e1neo con un contexto financiero favorable a nivel global para la compa\u00f1\u00eda<\/span><span><!----><!----><!----><!----><!----><!----><!----><!----><!----><!----><!----><!----><!----><!----><!----><!----><!----><!----><!----><!----><!----><!----><!----><!----><!----><!----><!----><!----><!----><!----><!----><!----><!----><!----><!----><!----><!----><!----><!----><!----><!----><!----><!----><!----><!----><!----><!----><!----><!----><!----><sup><!----><\/sup><!----><!----><!----><!----><!----><!----><!----><!----><!----><!----><!----><!----><!----><!----><!----><!----><!----><!----><!----><!----><!----><!----><!----><!----><!----><!----><!----><!----><!----><!----><!----><!----><!----><!----><!----><\/span><span>. &#8220;<span>Una compa\u00f1\u00eda global que gana m\u00e1s de 500 millones de d\u00f3lares en un trimestre no puede pretender que una pyme neuquina de treinta empleados sea la que resuelva su problema de competitividad&#8221;<\/span><\/span><span><!----><!----><!----><!----><!----><!----><!----><!----><!----><!----><!----><!----><!----><!----><!----><!----><!----><!----><!----><!----><!----><!----><!----><!----><!----><!----><!----><!----><!----><!----><!----><!----><!----><!----><!----><!----><!----><!----><!----><!----><!----><!----><!----><!----><!----><!----><!----><!----><!----><!----><sup><!----><\/sup><!----><!----><!----><!----><!----><!----><!----><!----><!----><!----><!----><!----><!----><!----><!----><!----><!----><!----><!----><!----><!----><!----><!----><!----><!----><!----><!----><!----><!----><!----><!----><!----><!----><!----><!----><\/span><span><span>, enfatiz\u00f3 Rucci<\/span>, al tiempo que advirti\u00f3 que las peque\u00f1as y medianas empresas regionales no cuentan con la estructura ni el margen financiero para absorber una quita contractual de semejante magnitud sin resentir sus dotaciones de personal<\/span><span><!----><!----><!----><!----><!----><!----><!----><!----><!----><!----><!----><!----><!----><!----><!----><!----><!----><!----><!----><!----><!----><!----><!----><!----><!----><!----><!----><!----><!----><!----><!----><!----><!----><!----><!----><!----><!----><!----><!----><!----><!----><!----><!----><!----><!----><!----><!----><!----><!----><!----><sup><!----><\/sup><!----><!----><!----><!----><!----><!----><!----><!----><!----><!----><!----><!----><!----><!----><!----><!----><!----><!----><!----><!----><!----><!----><!----><!----><!----><!----><!----><!----><!----><!----><!----><!----><!----><!----><!----><\/span><span>.<\/span> <!----><!----><!----><!----><!----><!----><!----><!----> <span>Frente a esta situaci\u00f3n, la organizaci\u00f3n sindical ratific\u00f3 que no tolerar\u00e1 <strong>que la presi\u00f3n econ\u00f3mica sobre la cadena de proveedores se traslade al eslab\u00f3n laboral<\/strong> ni derive en reducciones directas o indirectas de puestos de trabajo en los yacimientos<\/span><span><!----><!----><!----><!----><!----><!----><!----><!----><!----><!----><!----><!----><!----><!----><!----><!----><!----><!----><!----><!----><!----><!----><!----><!----><!----><!----><!----><!----><!----><!----><!----><!----><!----><!----><!----><!----><!----><!----><!----><!----><!----><!----><!----><!----><!----><!----><!----><!----><!----><!----><sup><!----><\/sup><!----><!----><!----><!----><!----><!----><!----><!----><!----><!----><!----><!----><!----><!----><!----><!----><!----><!----><!----><!----><!----><!----><!----><!----><!----><!----><!----><!----><!----><!----><!----><!----><!----><!----><!----><\/span><span>.<\/span> <span>&nbsp;&#8220;Esto no puede afectar a un solo compa\u00f1ero. <strong>La industria recibi\u00f3 enormes beneficios para invertir y producir; cuando se pretende sacar casi una cuarta parte del valor de un contrato en ejecuci\u00f3n<\/strong>, el ajuste termina cayendo sobre el empleo, y eso no lo vamos a permitir&#8221;<\/span><span><!----><!----><!----><!----><!----><!----><!----><!----><!----><!----><!----><!----><!----><!----><!----><!----><!----><!----><!----><!----><!----><!----><!----><!----><!----><!----><!----><!----><!----><!----><!----><!----><!----><!----><!----><!----><!----><!----><!----><!----><!----><!----><!----><!----><!----><!----><!----><!----><!----><!----><sup><!----><\/sup><!----><!----><!----><!----><!----><!----><!----><!----><!----><!----><!----><!----><!----><!----><!----><!----><!----><!----><!----><!----><!----><!----><!----><!----><!----><!----><!----><!----><!----><!----><!----><!----><!----><!----><!----><\/span><span>, concluy\u00f3 el referente gremial, dejando firme la postura de la entidad sindical en la cuenca no convencional<\/span><span><!----><!----><!----><!----><!----><!----><!----><!----><!----><!----><!----><!----><!----><!----><!----><!----><!----><!----><!----><!----><!----><!----><!----><!----><!----><!----><!----><!----><!----><!----><!----><!----><!----><!----><!----><!----><!----><!----><!----><!----><!----><!----><!----><!----><!----><!----><!----><!----><!----><!----><sup><!----><\/sup><!----><!----><!----><!----><!----><!----><!----><!----><!----><!----><!----><!----><!----><!----><!----><!----><!----><!----><!----><!----><!----><!----><!----><!----><!----><!----><!----><!----><!----><!----><!----><!----><!----><!----><!----><\/span><span>.<\/span> <\/div><\/div><\/div><\/p>\n                                        \n                                        \n                                        <p>Fuente: <a href=\"https:\/\/www.iprofesional.com\/energia\/461854-conflicto-en-puerta-en-vaca-muerta-entre-pymes-y-un-gigante-de-servicios-de-eeuu\">Enlace original<\/a><\/p>\n                                        ","protected":false},"excerpt":{"rendered":"<p>Puntos importantes Halliburton exige reducci\u00f3n del 23% en contratos a pymes proveedoras de Neuqu\u00e9n, enfrentando rechazo de FECENE y el gremio. FECENE denuncia la medida unilateral de Halliburton; pymes, clave en Vaca Muerta, ven amenazada su sustentabilidad y empleo. El Sindicato de Petr\u00f3leo y Gas alerta por impacto en empleos; Halliburton tiene antecedente de cierre [&hellip;]<\/p>\n","protected":false},"author":1,"featured_media":820,"comment_status":"open","ping_status":"","sticky":false,"template":"template-ancho-completo.php","format":"standard","meta":{"content-type":"","footnotes":"","jetpack_publicize_message":"","jetpack_publicize_feature_enabled":true,"jetpack_social_post_already_shared":true,"jetpack_social_options":{"image_generator_settings":{"template":"highway","default_image_id":0,"font":"","enabled":false},"version":2}},"categories":[58],"tags":[],"class_list":["post-2502","post","type-post","status-publish","format-standard","has-post-thumbnail","hentry","category-iprofessional"],"aioseo_notices":[],"jetpack_publicize_connections":[],"_links":{"self":[{"href":"https:\/\/contabilidadfamiliar.com\/index.php\/wp-json\/wp\/v2\/posts\/2502","targetHints":{"allow":["GET"]}}],"collection":[{"href":"https:\/\/contabilidadfamiliar.com\/index.php\/wp-json\/wp\/v2\/posts"}],"about":[{"href":"https:\/\/contabilidadfamiliar.com\/index.php\/wp-json\/wp\/v2\/types\/post"}],"author":[{"embeddable":true,"href":"https:\/\/contabilidadfamiliar.com\/index.php\/wp-json\/wp\/v2\/users\/1"}],"replies":[{"embeddable":true,"href":"https:\/\/contabilidadfamiliar.com\/index.php\/wp-json\/wp\/v2\/comments?post=2502"}],"version-history":[{"count":0,"href":"https:\/\/contabilidadfamiliar.com\/index.php\/wp-json\/wp\/v2\/posts\/2502\/revisions"}],"wp:featuredmedia":[{"embeddable":true,"href":"https:\/\/contabilidadfamiliar.com\/index.php\/wp-json\/wp\/v2\/media\/820"}],"wp:attachment":[{"href":"https:\/\/contabilidadfamiliar.com\/index.php\/wp-json\/wp\/v2\/media?parent=2502"}],"wp:term":[{"taxonomy":"category","embeddable":true,"href":"https:\/\/contabilidadfamiliar.com\/index.php\/wp-json\/wp\/v2\/categories?post=2502"},{"taxonomy":"post_tag","embeddable":true,"href":"https:\/\/contabilidadfamiliar.com\/index.php\/wp-json\/wp\/v2\/tags?post=2502"}],"curies":[{"name":"wp","href":"https:\/\/api.w.org\/{rel}","templated":true}]}}