{"id":2493,"date":"2026-08-08T03:12:20","date_gmt":"2026-08-08T03:12:20","guid":{"rendered":"https:\/\/contabilidadfamiliar.com\/index.php\/2026\/08\/08\/dolar-hoy-y-dolar-blue-hoy-minuto-a-minuto-a-cuanto-opera-este-viernes-7-de-agosto\/"},"modified":"2026-08-08T03:12:20","modified_gmt":"2026-08-08T03:12:20","slug":"dolar-hoy-y-dolar-blue-hoy-minuto-a-minuto-a-cuanto-opera-este-viernes-7-de-agosto","status":"publish","type":"post","link":"https:\/\/contabilidadfamiliar.com\/index.php\/2026\/08\/08\/dolar-hoy-y-dolar-blue-hoy-minuto-a-minuto-a-cuanto-opera-este-viernes-7-de-agosto\/","title":{"rendered":"D\u00f3lar hoy y d\u00f3lar blue hoy minuto a minuto: a cu\u00e1nto opera este viernes 7 de agosto"},"content":{"rendered":" \n                                        <p><div class=\"extracted-content\"><div id=\"readability-page-1\" class=\"page\"><section data-td-script-src=\"<scriptjsrc=s\/js-custom\/vendor\/cms\/lbp-share.jscu>&#8220;> <h3>En vivo<\/h3> <ul> <li data-anchor=\"CMSLiveBlogayrx4h661y\"> <a href=\"#CMSLiveBlogayrx4h661y\" rel=\"noopener noreferrer noindex nofollow\"> 19:27 <h4>A contramano del mundo, el S&amp;P Merval tuvo su peor semana desde mayo y el riesgo pa\u00eds super\u00f3 los 450 puntos <\/h4><\/a> <\/li> <li data-anchor=\"CMSLiveBlog49s805gr0cp\"> <a href=\"#CMSLiveBlog49s805gr0cp\" rel=\"noopener noreferrer noindex nofollow\"> 19:26 <h4>Se diluyen las compras del BCRA: registraron la menor cifra semanal en lo que va del a\u00f1o <\/h4><\/a> <\/li> <li data-anchor=\"CMSLiveBlogv1uu7lgunq\"> <a href=\"#CMSLiveBlogv1uu7lgunq\" rel=\"noopener noreferrer noindex nofollow\"> 19:25 <h4>La construcci\u00f3n sigue en modo &#8220;serrucho&#8221;: cay\u00f3 4,1% mensual en junio y anot\u00f3 su cuarta baja en el a\u00f1o <\/h4><\/a> <\/li> <li data-anchor=\"CMSLiveBlog42bm3d8tl0v\"> <a href=\"#CMSLiveBlog42bm3d8tl0v\" rel=\"noopener noreferrer noindex nofollow\"> 19:24 <h4>La industria sum\u00f3 su segunda mejora mensual consecutiva en junio, pero en el primer semestre se contrajo 2,2%<\/h4><\/a> <\/li> <li data-anchor=\"CMSLiveBloge4a682ozopg\"> <a href=\"#CMSLiveBloge4a682ozopg\" rel=\"noopener noreferrer noindex nofollow\"> 19:03 <h4>El d\u00f3lar oficial avanz\u00f3 casi 1% en la semana, pero no pudo romper la barrera de los $1.500<\/h4><\/a> <\/li> <li data-anchor=\"CMSLiveBlog3e866t48oep\"> <a href=\"#CMSLiveBlog3e866t48oep\" rel=\"noopener noreferrer noindex nofollow\"> 14:51 <h4>Wall Street anota su mejor semana en cuatro meses: bajan las chances de que la Fed suba las tasas<\/h4><\/a> <\/li> <li data-anchor=\"CMSLiveBlogzq0l6vl1zw\"> <a href=\"#CMSLiveBlogzq0l6vl1zw\" rel=\"noopener noreferrer noindex nofollow\"> 14:25 <h4>Santiago Bausili, ante la reciente tensi\u00f3n sobre las tasas: &#8220;Los encajes y la liquidez est\u00e1n en niveles adecuados&#8221;<\/h4><\/a> <\/li> <li data-anchor=\"CMSLiveBlogjfk9se4ctp\"> <a href=\"#CMSLiveBlogjfk9se4ctp\" rel=\"noopener noreferrer noindex nofollow\"> 14:02 <h4>El oro trepa a su m\u00e1ximo en casi dos meses luego del mal dato de empleo en EEUU<\/h4><\/a> <\/li> <li data-anchor=\"CMSLiveBlogrr44yyehv8p\"> <a href=\"#CMSLiveBlogrr44yyehv8p\" rel=\"noopener noreferrer noindex nofollow\"> 13:39 <h4>D\u00e9ficit fiscal en Misiones: presentan el proyecto de presupuesto 2027 con un rojo de $787.500 millones<\/h4><\/a> <\/li> <li data-anchor=\"CMSLiveBlogx4kxftsj7ve\"> <a href=\"#CMSLiveBlogx4kxftsj7ve\" rel=\"noopener noreferrer noindex nofollow\"> 13:21 <h4>Sorpresa en EEUU: se perdieron 23.000 empleos en julio y el mercado recalcula las perspectivas para las tasas<\/h4><\/a> <\/li> <li data-anchor=\"CMSLiveBlog1d8jrj5jipc\"> <a href=\"#CMSLiveBlog1d8jrj5jipc\" rel=\"noopener noreferrer noindex nofollow\"> 12:55 <h4>D\u00f3lar blue hoy: a cu\u00e1nto opera este viernes 7 de agosto<\/h4><\/a> <\/li> <li data-anchor=\"CMSLiveBlogds67wq3vrp8\"> <a href=\"#CMSLiveBlogds67wq3vrp8\" rel=\"noopener noreferrer noindex nofollow\"> 12:34 <h4>La producci\u00f3n minera en su auge: trep\u00f3 8,4% en el primer semestre y marc\u00f3 un nuevo r\u00e9cord<\/h4><\/a> <\/li> <li data-anchor=\"CMSLiveBlog9nmp66fq30p\"> <a href=\"#CMSLiveBlog9nmp66fq30p\" rel=\"noopener noreferrer noindex nofollow\"> 12:15 <h4>El riesgo pa\u00eds vuelve a estar presionado y ya se acerca a los 450 puntos b\u00e1sicos<\/h4><\/a> <\/li> <li data-anchor=\"CMSLiveBlog328a0ycfz7i\"> <a href=\"#CMSLiveBlog328a0ycfz7i\" rel=\"noopener noreferrer noindex nofollow\"> 11:48 <h4>El d\u00f3lar mayorista corta una racha de cuatro ruedas al alza y contin\u00faa sin poder quebrar la barrera de los $1.500<\/h4><\/a> <\/li> <li data-anchor=\"CMSLiveBloglyrbbq7dqge\"> <a href=\"#CMSLiveBloglyrbbq7dqge\" rel=\"noopener noreferrer noindex nofollow\"> 11:27 <h4>Bitcoin extiende su repunte y toca los u$s65.000, pero las negociaciones en Medio Oriente generan dudas<\/h4><\/a> <\/li> <li data-anchor=\"CMSLiveBlogwzkqvuvq3x\"> <a href=\"#CMSLiveBlogwzkqvuvq3x\" rel=\"noopener noreferrer noindex nofollow\"> 11:09 <h4>La inflaci\u00f3n en CABA salt\u00f3 al 2,9% en julio, con fuertes subas de servicios y efecto vacaciones de invierno<\/h4><\/a> <\/li> <li data-anchor=\"CMSLiveBlog50fi45a4eh\"> <a href=\"#CMSLiveBlog50fi45a4eh\" rel=\"noopener noreferrer noindex nofollow\"> 10:41 <h4>D\u00f3lar hoy: a cu\u00e1nto cotiza este viernes 7 de agosto<\/h4><\/a> <\/li> <li data-anchor=\"CMSLiveBlog53t8n2x2ry\"> <a href=\"#CMSLiveBlog53t8n2x2ry\" rel=\"noopener noreferrer noindex nofollow\"> 10:23 <h4>Los precios internacionales de los alimentos escalaron en julio a su nivel m\u00e1s alto en tres a\u00f1os<\/h4><\/a> <\/li> <li data-anchor=\"CMSLiveBlognpd7kqsgzd\"> <a href=\"#CMSLiveBlognpd7kqsgzd\" rel=\"noopener noreferrer noindex nofollow\"> 10:01 <h4>Donald Trump aumenta la tensi\u00f3n con China e impone medidas comerciales en energ\u00eda solar y semiconductores<\/h4><\/a> <\/li> <li data-anchor=\"CMSLiveBlogt9po9l9ixwp\"> <a href=\"#CMSLiveBlogt9po9l9ixwp\" rel=\"noopener noreferrer noindex nofollow\"> 09:35 <h4>El d\u00f3lar mayorista presiona contra la barrera de $1.500 y el accionar oficial busca evitar que la supere<\/h4><\/a> <\/li> <li data-anchor=\"CMSLiveBlogs03uwzdeo4f\"> <a href=\"#CMSLiveBlogs03uwzdeo4f\" rel=\"noopener noreferrer noindex nofollow\"> 09:14 <h4>La Fed de Kevin Warsh y la intervenci\u00f3n de Scott Bessent en Jap\u00f3n generaron un problema de confianza en los bonos de EEUU<\/h4><\/a> <\/li> <li data-anchor=\"CMSLiveBlog0efjaso0004\"> <a href=\"#CMSLiveBlog0efjaso0004\" rel=\"noopener noreferrer noindex nofollow\"> 08:54 <h4>Ejecutivos de IDEA: el 80% espera una mejora moderada de la econom\u00eda local<\/h4><\/a> <\/li> <li data-anchor=\"CMSLiveBlog91bc7h1iybh\"> <a href=\"#CMSLiveBlog91bc7h1iybh\" rel=\"noopener noreferrer noindex nofollow\"> 08:32 <h4>Desalojos m\u00e1s r\u00e1pidos y nuevas reglas para alquileres, los cambios para propietarios e inquilinos con la nueva ley<\/h4><\/a> <\/li> <li data-anchor=\"CMSLiveBlogwyxx7ny367\"> <a href=\"#CMSLiveBlogwyxx7ny367\" rel=\"noopener noreferrer noindex nofollow\"> 08:14 <h4>\u00bfSigue el carry trade? Las inversiones en pesos que recomiendan los analistas tras el \u00faltimo REM del BCRA<\/h4><\/a> <\/li> <li data-anchor=\"CMSLiveBloghdxovh3iq1a\"> <a href=\"#CMSLiveBloghdxovh3iq1a\" rel=\"noopener noreferrer noindex nofollow\"> 07:28 <h4>Lo que se dice en las mesas: dos nuevos errores de Javier Milei generan m\u00e1s v\u00e9rtigo entre los inversores<\/h4><\/a> <\/li> <li data-anchor=\"CMSLiveBlogylrsb95valo\"> <a href=\"#CMSLiveBlogylrsb95valo\" rel=\"noopener noreferrer noindex nofollow\"> 07:25 <h4>Gur\u00faes de la city prev\u00e9n una inflaci\u00f3n menor al 30% en 2026, pero recortaron el crecimiento al 2,7%<\/h4><\/a> <\/li> <li data-anchor=\"CMSLiveBlogq9mwadidg8p\"> <a href=\"#CMSLiveBlogq9mwadidg8p\" rel=\"noopener noreferrer noindex nofollow\"> 07:23 <h4>Santiago Bausili, ante la reciente tensi\u00f3n sobre las tasas: &#8220;Los encajes y la liquidez est\u00e1n en niveles adecuados&#8221;<\/h4><\/a> <\/li><\/ul> <\/section><div> <!-- { REGION5 --> <article data-twitter-link=\"https:\/\/twitter.com\/intent\/tweet?url=https:\/\/www.ambito.com\/c6308100&amp;v\u00eda=Ambitocom&amp;related=\u00e1mbito.com&amp;text=\" id=\"note-body\"> <p id=\"p-1786054786523-55449\"><strong>El <a href=\"https:\/\/www.ambito.com\/contenidos\/dolar.html\" target=\"_blank\" rel=\"follow\"> d\u00f3lar<\/a><\/strong><strong> mayorista qued\u00f3 por debajo de los $1.500 este viernes,<\/strong> mientras que el minorista se ubic\u00f3 a <strong>$1.520 <\/strong>en el <strong>Banco Naci\u00f3n<\/strong> y el <strong>blue<\/strong> baj\u00f3 a <strong>$1.525<\/strong>. En tanto, los <strong>bonos<\/strong> en d\u00f3lares y el <strong>S&amp;P Merval<\/strong> finalizaron una semana para el olvido, por lo que el <strong>riesgo pa\u00eds<\/strong> super\u00f3 los 450 puntos b\u00e1sicos.<\/article> <article data-twitter-link=\"https:\/\/twitter.com\/intent\/tweet?url=https:\/\/www.ambito.com\/c6308100&amp;v\u00eda=Ambitocom&amp;related=\u00e1mbito.com&amp;text=\" id=\"note-body\"> <p id=\"p-1786098142121-67213\">Mientras la city monitorea la evoluci\u00f3n del conflicto en <strong>Medio Oriente<\/strong> en el plano internacional, a nivel local el INDEC inform\u00f3 una mejora, aunque con sabor a poco, de la<strong> industria<\/strong> en junio, y un importante retroceso de la<strong> construcci\u00f3n<\/strong>.<\/article> <article data-twitter-link=\"https:\/\/twitter.com\/intent\/tweet?url=https:\/\/www.ambito.com\/c6308100&amp;v\u00eda=Ambitocom&amp;related=\u00e1mbito.com&amp;text=\" id=\"note-body\"> <div onkeyup=\"parent.parent.TinyMCETdcuerpo.handleLiveBlogPostKeyUp( event, 'CMSLiveBlogayrx4h661y')\" id=\"CMSLiveBlogayrx4h661y\" contenteditable=\"false\"> <h2 id=\"p-1786141653137-11461\">A contramano del mundo, el S&amp;P Merval tuvo su peor semana desde mayo y el riesgo pa\u00eds super\u00f3 los 450 puntos<a href=\"https:\/\/www.google.com\/preferences\/source?q=ambito.com\" target=\"_blank\" rel=\"noopener\"><\/a><\/h2> <p id=\"p-1786141687381-60816\">A contramano del mundo, el S&amp;P Merval tuvo su peor semana desde mayo y el riesgo pa\u00eds super\u00f3 los 450 puntos.<a href=\"https:\/\/www.google.com\/preferences\/source?q=ambito.com\" target=\"_blank\" rel=\"noopener\"><\/a> <p id=\"p-1786141709560-41384\"><a href=\"https:\/\/www.ambito.com\/finanzas\/los-bonos-dolares-abren-la-baja-wall-street-y-el-riesgo-pais-vuelve-estar-presionado-n6308156\" target=\"_blank\" rel=\"follow\">Le\u00e9 la nota completa<\/a> <\/div> <div onkeyup=\"parent.parent.TinyMCETdcuerpo.handleLiveBlogPostKeyUp( event, 'CMSLiveBlog49s805gr0cp')\" id=\"CMSLiveBlog49s805gr0cp\" contenteditable=\"false\"> <h2 id=\"p-1786141605175-85543\">Se diluyen las compras del BCRA: registraron la menor cifra semanal en lo que va del a\u00f1o<a href=\"https:\/\/www.google.com\/preferences\/source?q=ambito.com\" target=\"_blank\" rel=\"noopener\"><\/a><\/h2> <p id=\"p-1786135873284-68515\">La autoridad monetaria compr\u00f3 u$s16 millones en la rueda y acumul\u00f3 apenas u$s111 millones en la primera semana de agosto. Aun as\u00ed, las reservas brutas subieron u$s620 millones hasta u$s49.455 millones, impulsadas por la recuperaci\u00f3n del oro. <p id=\"p-1786141638722-90336\"><a href=\"https:\/\/www.ambito.com\/finanzas\/se-diluyen-las-compras-del-bcra-la-semana-registro-el-monto-mas-lo-que-va-del-ano-n6308436\" target=\"_blank\" rel=\"follow noopener\">Le\u00e9 la nota completa<\/a> <\/div> <div onkeyup=\"parent.parent.TinyMCETdcuerpo.handleLiveBlogPostKeyUp( event, 'CMSLiveBlogv1uu7lgunq')\" id=\"CMSLiveBlogv1uu7lgunq\" contenteditable=\"false\"> <h2 id=\"p-1786141549123-65762\">La construcci\u00f3n sigue en modo &#8220;serrucho&#8221;: cay\u00f3 4,1% mensual en junio y anot\u00f3 su cuarta baja en el a\u00f1o<a href=\"https:\/\/www.google.com\/preferences\/source?q=ambito.com\" target=\"_blank\" rel=\"noopener\"><\/a><\/h2> <p id=\"p-1786129438951-39841\">Pese a caer por cuarta vez en el a\u00f1o, la construcci\u00f3n mantiene el tono positivo en el primer semestre (+2,8%) y rebota 4% frente a 2025. Las expectativas de las empresas para el pr\u00f3ximo trimestre contin\u00faan siendo mayormente cautelosas. <p id=\"p-1786141588295-78318\"><a href=\"https:\/\/www.ambito.com\/economia\/la-construccion-sigue-modo-serrucho-cayo-41-mensual-junio-y-anoto-su-cuarta-baja-el-ano-n6308397\" target=\"_blank\" rel=\"follow noopener\">Le\u00e9 la nota completa<\/a> <\/div> <div onkeyup=\"parent.parent.TinyMCETdcuerpo.handleLiveBlogPostKeyUp( event, 'CMSLiveBlog42bm3d8tl0v')\" id=\"CMSLiveBlog42bm3d8tl0v\" contenteditable=\"false\"> <h2 id=\"p-1786141485874-4794\">La industria sum\u00f3 su segunda mejora mensual consecutiva en junio, pero en el primer semestre se contrajo 2,2%<\/h2> <p id=\"p-1786129197819-26559\">La producci\u00f3n aument\u00f3 0,9% respecto de mayo y 2% en t\u00e9rminos anuales. Aun as\u00ed, los analistas no avizoran se\u00f1ales de recuperaci\u00f3n sostenida. <p id=\"p-1786141523029-82962\"><a href=\"https:\/\/www.ambito.com\/economia\/la-industria-reboto-09-mensual-junio-pero-el-primer-semestre-cayo-22-n6308391\" target=\"_blank\" rel=\"follow\">Le\u00e9 la nota completa<\/a> <\/div> <div onkeyup=\"parent.parent.TinyMCETdcuerpo.handleLiveBlogPostKeyUp( event, 'CMSLiveBloge4a682ozopg')\" id=\"CMSLiveBloge4a682ozopg\" contenteditable=\"false\"> <h2 id=\"p-1786140232305-82539\">El d\u00f3lar oficial avanz\u00f3 casi 1% en la semana, pero no pudo romper la barrera de los $1.500<a href=\"https:\/\/www.google.com\/preferences\/source?q=ambito.com\" target=\"_blank\" rel=\"noopener\"><\/a><\/h2> <p id=\"p-1786100471522-39181\">El tipo de cambio mayorista retrocedi\u00f3 tras cuatro jornadas consecutivas al alza y se sostuvo a casi un 24% por debajo del techo de la banda cambiaria. El blue perdi\u00f3 impulso en las cuevas de la city porte\u00f1a. <a href=\"https:\/\/www.ambito.com\/finanzas\/el-dolar-mayorista-presiona-contra-la-barrera-1500-y-el-accionar-oficial-busca-evitar-que-la-supere-n6308124\" target=\"_blank\" rel=\"follow noopener\">Le\u00e9 la nota completa<\/a><\/div> <div onkeyup=\"parent.parent.TinyMCETdcuerpo.handleLiveBlogPostKeyUp( event, 'CMSLiveBlog3e866t48oep')\" id=\"CMSLiveBlog3e866t48oep\" contenteditable=\"false\"> <h2 id=\"p-1786125089376-7633\">Wall Street anota su mejor semana en cuatro meses: bajan las chances de que la Fed suba las tasas<a href=\"https:\/\/www.google.com\/preferences\/source?q=ambito.com\" target=\"_blank\" rel=\"noopener\"><\/a><\/h2> <p id=\"p-1786097295528-4566\">Las acciones suben luego de que el mal dato de empleo de EEUU redujera las chances de que la Reserva Federal suba las tasas en el corto plazo. El petr\u00f3leo opera con leves subas. <p id=\"p-1786125109826-64681\"><a href=\"https:\/\/www.ambito.com\/finanzas\/los-futuros-wall-street-avanzan-cautela-la-espera-del-dato-empleo-eeuu-n6308103\" target=\"_blank\" rel=\"follow\">Le\u00e9 la nota completa<\/a> <\/div> <div onkeyup=\"parent.parent.TinyMCETdcuerpo.handleLiveBlogPostKeyUp( event, 'CMSLiveBlogzq0l6vl1zw')\" id=\"CMSLiveBlogzq0l6vl1zw\" contenteditable=\"false\"> <h2 id=\"p-1786123540188-13854\">Santiago Bausili, ante la reciente tensi\u00f3n sobre las tasas: &#8220;Los encajes y la liquidez est\u00e1n en niveles adecuados&#8221;<\/h2> <p id=\"p-1786054733973-39733\">Las autoridades del BCRA no ven que haya una presi\u00f3n alcista sobre las tasas. Hacia adelante, son optimistas respecto de la recomposici\u00f3n del cr\u00e9dito en pesos y la demanda de dinero. <p id=\"p-1786123566792-19549\">Por <a href=\"https:\/\/www.ambito.com\/perfil\/1000896-santiago-reina\" title=\"\u00e1mbito.com | Santiago Reina\" alt=\"\u00e1mbito.com | Santiago Reina\" target=\"_blank\" rel=\"noopener\">Santiago Reina<\/a> <p id=\"p-1786123572434-89909\"><a href=\"https:\/\/www.ambito.com\/economia\/santiago-bausili-la-reciente-tension-las-tasas-los-encajes-y-la-liquidez-estan-niveles-adecuados-n6308000\" target=\"_blank\" rel=\"follow\">Le\u00e9 la nota completa<\/a> <\/div> <div onkeyup=\"parent.parent.TinyMCETdcuerpo.handleLiveBlogPostKeyUp( event, 'CMSLiveBlogjfk9se4ctp')\" id=\"CMSLiveBlogjfk9se4ctp\" contenteditable=\"false\"> <h2 id=\"p-1786122135557-74260\">El oro trepa a su m\u00e1ximo en casi dos meses luego del mal dato de empleo en EEUU<a href=\"https:\/\/www.google.com\/preferences\/source?q=ambito.com\" target=\"_blank\" rel=\"noopener\"><\/a><\/h2> <p id=\"p-1786115534245-20091\">Las n\u00f3minas no agr\u00edcolas cayeron inesperadamente, reduciendo la probabilidad de suba de tasas de la Fed. Los detalles, en la nota. <p id=\"p-1786122147230-32742\"><a href=\"https:\/\/www.ambito.com\/finanzas\/el-oro-trepa-su-maximo-casi-dos-meses-luego-del-mal-dato-empleo-eeuu-n6308266\" target=\"_blank\" rel=\"follow\">Le\u00e9 la nota completa<\/a> <\/div> <div onkeyup=\"parent.parent.TinyMCETdcuerpo.handleLiveBlogPostKeyUp( event, 'CMSLiveBlogrr44yyehv8p')\" id=\"CMSLiveBlogrr44yyehv8p\" contenteditable=\"false\"> <h2 id=\"p-1786120766574-51835\">D\u00e9ficit fiscal en Misiones: presentan el proyecto de presupuesto 2027 con un rojo de $787.500 millones<\/h2> <p id=\"p-1786111408302-94235\">El gobernador Hugo Pasalacqua acus\u00f3 al Gobierno nacional de desfinanciar a las provincias con recortes de gastos. Este a\u00f1o Misiones sufre una ca\u00edda de coparticipaci\u00f3n de 1,2%. <p id=\"p-1786120857859-27681\">Por <a href=\"https:\/\/www.ambito.com\/perfil\/715288-carlos-lamiral\" title=\"\u00e1mbito.com | Carlos Lamiral\" alt=\"\u00e1mbito.com | Carlos Lamiral\" target=\"_blank\" rel=\"noopener\">Carlos Lamiral<\/a> <p id=\"p-1786120777543-97580\"><a href=\"https:\/\/www.ambito.com\/economia\/deficit-fiscal-misiones-presentan-el-proyecto-presupuesto-2027-un-rojo-787500-millones-n6308219\" target=\"_blank\" rel=\"follow\">Le\u00e9 la nota completa<\/a> <\/div> <div onkeyup=\"parent.parent.TinyMCETdcuerpo.handleLiveBlogPostKeyUp( event, 'CMSLiveBlogx4kxftsj7ve')\" id=\"CMSLiveBlogx4kxftsj7ve\" contenteditable=\"false\"> <h2 id=\"p-1786119665652-70180\">Sorpresa en EEUU: se perdieron 23.000 empleos en julio y el mercado recalcula las perspectivas para las tasas<\/h2> <p id=\"p-1786107011215-37174\">La fuerte desaceleraci\u00f3n del mercado laboral estadounidense gener\u00f3 dudas sobre si la Reserva Federal subir\u00e1 las tasas de inter\u00e9s en un futuro pr\u00f3ximo. <p id=\"p-1786119686779-39616\">Por <a href=\"https:\/\/www.ambito.com\/perfil\/1005108-juan-marcos-pollio\" title=\"\u00e1mbito.com | Juan Marcos Pollio\" alt=\"\u00e1mbito.com | Juan Marcos Pollio\" target=\"_blank\" rel=\"noopener\">Juan Marcos Pollio<\/a><a href=\"https:\/\/www.google.com\/preferences\/source?q=ambito.com\" target=\"_blank\" rel=\"noopener\"><\/a> <p id=\"p-1786119693820-53355\"><a href=\"https:\/\/www.ambito.com\/economia\/sorpresa-eeuu-se-perdieron-23000-empleos-julio-y-el-mercado-recalcula-las-perspectivas-las-tasas-n6308184\" target=\"_blank\" rel=\"follow\">Le\u00e9 la nota completa<\/a> <\/div> <div onkeyup=\"parent.parent.TinyMCETdcuerpo.handleLiveBlogPostKeyUp( event, 'CMSLiveBlog1d8jrj5jipc')\" id=\"CMSLiveBlog1d8jrj5jipc\" contenteditable=\"false\"> <h2 id=\"p-1786118156752-80188\">D\u00f3lar blue hoy: a cu\u00e1nto opera este viernes 7 de agosto<\/h2> <p id=\"p-1786118180502-69689\">Conoc\u00e9 las cotizaciones d\u00f3lar blue, el oficial, el MEP y el CCL. <p id=\"p-1786118182706-41786\"><a href=\"https:\/\/www.ambito.com\/finanzas\/dolar-blue-hoy-cuanto-opera-este-viernes-7-agosto-n6308075\" target=\"_blank\" rel=\"follow\">Le\u00e9 la nota completa<\/a> <\/div> <div onkeyup=\"parent.parent.TinyMCETdcuerpo.handleLiveBlogPostKeyUp( event, 'CMSLiveBlogds67wq3vrp8')\" id=\"CMSLiveBlogds67wq3vrp8\" contenteditable=\"false\"> <h2 id=\"p-1786116851083-88280\">La producci\u00f3n minera en su auge: trep\u00f3 8,4% en el primer semestre y marc\u00f3 un nuevo r\u00e9cord<a href=\"https:\/\/www.google.com\/preferences\/source?q=ambito.com\" target=\"_blank\" rel=\"noopener\"><\/a><\/h2> <p id=\"p-1786112333329-68954\">La producci\u00f3n minera tuvo su mayor n\u00famero desde el comienzo del \u00edndice en 2017. Con un crecimiento del sector caracterizado por la heterogeneidad, las exportaciones alcanzaron u$s4.742 millones, liderado por el litio. <p id=\"p-1786116861419-72432\"><a href=\"https:\/\/www.ambito.com\/economia\/la-produccion-minera-su-auge-trepo-84-el-primer-semestre-y-marco-un-nuevo-record-n6308228\" target=\"_blank\" rel=\"follow\">Le\u00e9 la nota completa<\/a> <\/div> <div onkeyup=\"parent.parent.TinyMCETdcuerpo.handleLiveBlogPostKeyUp( event, 'CMSLiveBlog9nmp66fq30p')\" id=\"CMSLiveBlog9nmp66fq30p\" contenteditable=\"false\"> <h2 id=\"p-1786115793673-23359\">El riesgo pa\u00eds vuelve a estar presionado y ya se acerca a los 450 puntos b\u00e1sicos<a href=\"https:\/\/www.google.com\/preferences\/source?q=ambito.com\" target=\"_blank\" rel=\"noopener\"><\/a><\/h2> <p id=\"p-1786106162925-96307\">Las acciones y los t\u00edtulos soberanos enfrentan la \u00faltima jornada de esta semana. El indicador de riesgo comienza a preocupar a los inversores. <p id=\"p-1786115778581-65946\"><a href=\"https:\/\/www.ambito.com\/finanzas\/los-bonos-dolares-abren-la-baja-wall-street-y-el-riesgo-pais-vuelve-estar-presionado-n6308156\" target=\"_blank\" rel=\"follow\">Le\u00e9 la nota completa<\/a> <\/div> <div onkeyup=\"parent.parent.TinyMCETdcuerpo.handleLiveBlogPostKeyUp( event, 'CMSLiveBlog328a0ycfz7i')\" id=\"CMSLiveBlog328a0ycfz7i\" contenteditable=\"false\"> <h2 id=\"p-1786114091882-90711\">El d\u00f3lar mayorista corta una racha de cuatro ruedas al alza y contin\u00faa sin poder quebrar la barrera de los $1.500<a href=\"https:\/\/www.google.com\/preferences\/source?q=ambito.com\" target=\"_blank\" rel=\"noopener\"><\/a><\/h2> <p id=\"p-1786100471522-39181\">La cotizaci\u00f3n del d\u00f3lar oficial, se sostiene a un 23,7% por debajo del techo de la banda cambiaria, mientras el blue pierde impulso en las cuevas de la city porte\u00f1a. <p id=\"p-1786114106799-20194\"><a href=\"https:\/\/www.ambito.com\/finanzas\/el-dolar-mayorista-presiona-contra-la-barrera-1500-y-el-accionar-oficial-busca-evitar-que-la-supere-n6308124\" target=\"_blank\" rel=\"follow\">Le\u00e9 la nota completa<\/a> <\/div> <div onkeyup=\"parent.parent.TinyMCETdcuerpo.handleLiveBlogPostKeyUp( event, 'CMSLiveBloglyrbbq7dqge')\" id=\"CMSLiveBloglyrbbq7dqge\" contenteditable=\"false\"> <h2 id=\"p-1786112835785-67187\">Bitcoin extiende su repunte y toca los u$s65.000, pero las negociaciones en Medio Oriente generan dudas<a href=\"https:\/\/www.google.com\/preferences\/source?q=ambito.com\" target=\"_blank\" rel=\"noopener\"><\/a><\/h2> <p id=\"p-1786104419526-72667\">Los ETF de bitcoin suman u$s754,69 millones en la semana, en camino a su mejor performance desde abril, y la demanda institucional da se\u00f1ales de recuperaci\u00f3n. Sin embargo, las condiciones que plantea Ir\u00e1n para reabrir el estrecho de Ormuz no convencen al mercado, y el Senado de EEUU posterg\u00f3 el debate sobre la CLARITY Act hasta despu\u00e9s del receso de verano. <p id=\"p-1786112844246-29122\"><a href=\"https:\/\/www.ambito.com\/finanzas\/bitcoin-extiende-su-repunte-y-toca-los-us65000-pero-las-negociaciones-medio-oriente-generan-dudas-n6308140\" target=\"_blank\" rel=\"follow\">Le\u00e9 la nota completa<\/a> <\/div> <div onkeyup=\"parent.parent.TinyMCETdcuerpo.handleLiveBlogPostKeyUp( event, 'CMSLiveBlogwzkqvuvq3x')\" id=\"CMSLiveBlogwzkqvuvq3x\" contenteditable=\"false\"> <h2 id=\"p-1786111754618-58141\">La inflaci\u00f3n en CABA salt\u00f3 al 2,9% en julio, con fuertes subas de servicios y efecto vacaciones de invierno<a href=\"https:\/\/www.google.com\/preferences\/source?q=ambito.com\" target=\"_blank\" rel=\"noopener\"><\/a><\/h2> <p id=\"p-1786110165455-13070\">Mientras REM estim\u00f3 un IPC del 2% para el mes pasado, el dato de la Ciudad abri\u00f3 un signo de interrogaci\u00f3n sobre el registro nacional, que publicar\u00e1 el INDEC la pr\u00f3xima semana. <p id=\"p-1786111782119-1694\"><a href=\"https:\/\/www.ambito.com\/economia\/la-inflacion-caba-salto-al-29-julio-fuertes-subas-servicios-y-efecto-vacaciones-invierno-n6308214\" target=\"_blank\" rel=\"follow\">Le\u00e9 la nota completa<\/a> <\/div> <div onkeyup=\"parent.parent.TinyMCETdcuerpo.handleLiveBlogPostKeyUp( event, 'CMSLiveBlog50fi45a4eh')\" id=\"CMSLiveBlog50fi45a4eh\" contenteditable=\"false\"> <h2 id=\"p-1786110105392-30387\">D\u00f3lar hoy: a cu\u00e1nto cotiza este viernes 7 de agosto<a href=\"https:\/\/www.google.com\/preferences\/source?q=ambito.com\" target=\"_blank\" rel=\"noopener\"><\/a><\/h2> <p id=\"p-1786110113618-53613\">Conoc\u00e9 las cotizaciones d\u00f3lar blue, el oficial, el MEP y el CCL. <p id=\"p-1786110118019-84765\"><a href=\"https:\/\/www.ambito.com\/finanzas\/dolar-hoy-cuanto-cotiza-este-viernes-7-agosto-n6308074\" target=\"_blank\" rel=\"follow\">Le\u00e9 la nota completa<\/a> <\/div> <div onkeyup=\"parent.parent.TinyMCETdcuerpo.handleLiveBlogPostKeyUp( event, 'CMSLiveBlog53t8n2x2ry')\" id=\"CMSLiveBlog53t8n2x2ry\" contenteditable=\"false\"> <h2 id=\"p-1786109030300-61661\">Los precios internacionales de los alimentos escalaron en julio a su nivel m\u00e1s alto en tres a\u00f1os<a href=\"https:\/\/www.google.com\/preferences\/source?q=ambito.com\" target=\"_blank\" rel=\"noopener\"><\/a><\/h2> <p id=\"p-1786105151023-58119\">El \u00edndice subi\u00f3 a 131,1 puntos, impulsado por los cereales. Clima adverso, encarecimiento de los suministros y conflictos b\u00e9licos encarecieron los mercados globales. Los detalles, en la nota. <p id=\"p-1786109047724-10328\"><a href=\"https:\/\/www.ambito.com\/economia\/los-precios-internacionales-los-alimentos-escalaron-julio-su-nivel-mas-alto-tres-anos-n6308178\" target=\"_blank\" rel=\"follow\">Le\u00e9 la nota completa<\/a> <\/div> <div onkeyup=\"parent.parent.TinyMCETdcuerpo.handleLiveBlogPostKeyUp( event, 'CMSLiveBlognpd7kqsgzd')\" id=\"CMSLiveBlognpd7kqsgzd\" contenteditable=\"false\"> <h2 id=\"p-1786107669225-36907\">Donald Trump aumenta la tensi\u00f3n con China e impone medidas comerciales en energ\u00eda solar y semiconductores<a href=\"https:\/\/www.google.com\/preferences\/source?q=ambito.com\" target=\"_blank\" rel=\"noopener\"><\/a><\/h2> <p id=\"p-1786103665957-9851\">La medida busca fortalecer las cadenas de suministro nacionales de chips y energ\u00eda solar frente a China. Se fijaron precios de importaci\u00f3n para polisilicio, lingotes, obleas, c\u00e9lulas y m\u00f3dulos solares. <p id=\"p-1786107687357-84940\"><a href=\"https:\/\/www.ambito.com\/economia\/donald-trump-aumenta-la-tension-china-e-impone-medidas-comerciales-energia-solar-y-semiconductores-n6308129\" target=\"_blank\" rel=\"follow\">Le\u00e9 la nota completa<\/a> <\/div> <div onkeyup=\"parent.parent.TinyMCETdcuerpo.handleLiveBlogPostKeyUp( event, 'CMSLiveBlogt9po9l9ixwp')\" id=\"CMSLiveBlogt9po9l9ixwp\" contenteditable=\"false\"> <h2 id=\"p-1786106101712-74134\">El d\u00f3lar mayorista presiona contra la barrera de $1.500 y el accionar oficial busca evitar que la supere<a href=\"https:\/\/www.google.com\/preferences\/source?q=ambito.com\" target=\"_blank\" rel=\"noopener\"><\/a><\/h2> <p id=\"p-1786100471522-39181\">La cotizaci\u00f3n del d\u00f3lar oficial, un 23,6% por debajo del techo de la banda cambiaria, mientras que el blue cotiza a $1.530, luego de haber alcanzado m\u00e1ximos nominales de $1.570 d\u00edas atr\u00e1s. <p id=\"p-1786106110725-82018\"><a href=\"https:\/\/www.ambito.com\/finanzas\/el-dolar-mayorista-presiona-contra-la-barrera-1500-y-el-accionar-oficial-busca-evitar-que-la-supere-n6308124\" target=\"_blank\" rel=\"follow\">Le\u00e9 la nota completa<\/a> <\/div> <div onkeyup=\"parent.parent.TinyMCETdcuerpo.handleLiveBlogPostKeyUp( event, 'CMSLiveBlogs03uwzdeo4f')\" id=\"CMSLiveBlogs03uwzdeo4f\" contenteditable=\"false\"> <h2 id=\"p-1786104891458-36075\">La Fed de Kevin Warsh y la intervenci\u00f3n de Scott Bessent en Jap\u00f3n generaron un problema de confianza en los bonos de EEUU<\/h2> <p id=\"p-1786032071364-69894\">Las \u00faltimas decisiones tomadas tanto por la Reserva Federal como por el Departamento del Tesoro reavivaron el debate por el &#8220;debasement trade&#8221;, es decir, la estrategia financiera de desprenderse de la deuda soberana norteamericana. <p id=\"p-1786104904210-60465\"><a href=\"https:\/\/www.ambito.com\/economia\/la-fed-kevin-warsh-y-la-intervencion-scott-bessent-japon-generaron-un-problema-confianza-los-bonos-eeuu-n6307869\" target=\"_blank\" rel=\"follow\">Le\u00e9 la nota completa<\/a> <\/div> <div onkeyup=\"parent.parent.TinyMCETdcuerpo.handleLiveBlogPostKeyUp( event, 'CMSLiveBlog0efjaso0004')\" id=\"CMSLiveBlog0efjaso0004\" contenteditable=\"false\"> <h2 id=\"p-1786103690321-54368\">Ejecutivos de IDEA: el 80% espera una mejora moderada de la econom\u00eda local<a href=\"https:\/\/www.google.com\/preferences\/source?q=ambito.com\" target=\"_blank\" rel=\"noopener\"><\/a><\/h2> <p id=\"p-1786062493637-10882\">El relevamiento, realizado entre 218 directivos de empresas socias de IDEA, muestra una visi\u00f3n positiva para los pr\u00f3ximos 12 meses, aunque con una evaluaci\u00f3n m\u00e1s cautelosa del \u00faltimo a\u00f1o. <p id=\"p-1786103699317-62535\"><a href=\"https:\/\/www.ambito.com\/economia\/ejecutivos-idea-el-80-espera-una-mejora-moderada-la-local-n6308047\" target=\"_blank\" rel=\"follow\">Le\u00e9 la nota completa<\/a> <\/div> <div onkeyup=\"parent.parent.TinyMCETdcuerpo.handleLiveBlogPostKeyUp( event, 'CMSLiveBlog91bc7h1iybh')\" id=\"CMSLiveBlog91bc7h1iybh\" contenteditable=\"false\"> <h2 id=\"p-1786102337287-88165\">Desalojos m\u00e1s r\u00e1pidos y nuevas reglas para alquileres, los cambios para propietarios e inquilinos con la nueva ley<a href=\"https:\/\/www.google.com\/preferences\/source?q=ambito.com\" target=\"_blank\" rel=\"noopener\"><\/a><\/h2> <p id=\"p-1786101437680-72500\">El proyecto aprobado por el Senado acelera los procesos judiciales para recuperar inmuebles ante incumplimientos u ocupaciones y fija nuevas pautas. La iniciativa todav\u00eda debe ser tratada por la C\u00e1mara de Diputados. <p id=\"p-1786102345504-11591\"><a href=\"https:\/\/www.ambito.com\/politica\/desalojos-mas-rapidos-y-nuevas-reglas-alquileres-los-cambios-propietarios-e-inquilinos-la-nueva-ley-n6308112\" target=\"_blank\" rel=\"follow\">Le\u00e9 la nota completa<\/a> <\/div> <div onkeyup=\"parent.parent.TinyMCETdcuerpo.handleLiveBlogPostKeyUp( event, 'CMSLiveBlogwyxx7ny367')\" id=\"CMSLiveBlogwyxx7ny367\" contenteditable=\"false\"> <h2 id=\"p-1786101254528-43241\">\u00bfSigue el carry trade? Las inversiones en pesos que recomiendan los analistas tras el \u00faltimo REM del BCRA<a href=\"https:\/\/www.google.com\/preferences\/source?q=ambito.com\" target=\"_blank\" rel=\"noopener\"><\/a><\/h2> <p id=\"p-1786052851245-57994\">El sondeo del BCRA recort\u00f3 la proyecci\u00f3n del tipo de cambio para diciembre y mantuvo un escenario de desinflaci\u00f3n gradual, con tasas pr\u00e1cticamente estables. En ese contexto, las estrategias vuelven a inclinarse hacia los bonos CER y los duales <p id=\"p-1786101264822-93142\"><a href=\"https:\/\/www.ambito.com\/finanzas\/sigue-el-carry-trade-las-inversiones-pesos-que-recomiendan-los-analistas-el-ultimo-rem-del-bcra-n6308016\" target=\"_blank\" rel=\"follow\">Le\u00e9 la nota completa<\/a> <\/div> <div onkeyup=\"parent.parent.TinyMCETdcuerpo.handleLiveBlogPostKeyUp( event, 'CMSLiveBloghdxovh3iq1a')\" id=\"CMSLiveBloghdxovh3iq1a\" contenteditable=\"false\"> <h2 id=\"p-1786098496052-43788\">Lo que se dice en las mesas: dos nuevos errores de Javier Milei generan m\u00e1s v\u00e9rtigo entre los inversores<a href=\"https:\/\/www.google.com\/preferences\/source?q=ambito.com\" target=\"_blank\" rel=\"noopener\"><\/a><\/h2> <p id=\"p-1786058555285-52389\">Desde las mesas expresan preocupaci\u00f3n por dos equivocaciones del Presidente, el conflicto diplom\u00e1tico con Brasil y la campa\u00f1a contra su vice Villarruel. A pesar de esta incertidumbre, prev\u00e9n una buena oferta de divisas para 2027. La visita del Papa Le\u00f3n XIV, tambi\u00e9n genera dudas en el c\u00edrculo \u00edntimo libertario. <p id=\"p-1786098645791-88866\"><a href=\"https:\/\/www.ambito.com\/economia\/lo-que-se-dice-las-mesas-dos-nuevos-errores-javier-milei-generan-mas-vertigo-los-inversores-n6308034\" target=\"_blank\" rel=\"follow\">Le\u00e9 la nota completa<\/a> <\/div> <div onkeyup=\"parent.parent.TinyMCETdcuerpo.handleLiveBlogPostKeyUp( event, 'CMSLiveBlogylrsb95valo')\" id=\"CMSLiveBlogylrsb95valo\" contenteditable=\"false\"> <h2 id=\"p-1786098323742-88672\">Gur\u00faes de la city prev\u00e9n una inflaci\u00f3n menor al 30% en 2026, pero recortaron el crecimiento al 2,7%<a href=\"https:\/\/www.google.com\/preferences\/source?q=ambito.com\" target=\"_blank\" rel=\"noopener\"><\/a><\/h2> <p id=\"p-1786043380337-7106\">El mercado prev\u00e9 que el tipo de cambio oficial cierre 2026 con una suba 14,1%, menos de la mitad de la inflaci\u00f3n proyectada para todo el a\u00f1o. <p id=\"p-1786098374707-61395\"><a href=\"https:\/\/www.ambito.com\/economia\/gurues-la-city-preven-una-inflacion-menor-al-30-2026-pero-recortaron-el-crecimiento-al-27-n6307928\" target=\"_blank\" rel=\"follow\">Le\u00e9 la nota completa<\/a> <\/div> <div onkeyup=\"parent.parent.TinyMCETdcuerpo.handleLiveBlogPostKeyUp( event, 'CMSLiveBlogq9mwadidg8p')\" id=\"CMSLiveBlogq9mwadidg8p\" contenteditable=\"false\"> <h2 id=\"p-1786098200588-91540\">Santiago Bausili, ante la reciente tensi\u00f3n sobre las tasas: &#8220;Los encajes y la liquidez est\u00e1n en niveles adecuados&#8221;<\/h2> <p id=\"p-1786054733973-39733\">Las autoridades del BCRA no ven que haya una presi\u00f3n alcista sobre las tasas. Hacia adelante, son optimistas respecto de la recomposici\u00f3n del cr\u00e9dito en pesos y la demanda de dinero. <p id=\"p-1786098269252-10903\">Por <a href=\"https:\/\/www.ambito.com\/perfil\/1000896-santiago-reina\" title=\"\u00e1mbito.com | Santiago Reina\" alt=\"\u00e1mbito.com | Santiago Reina\" target=\"_blank\" rel=\"noopener\">Santiago Reina<\/a> <p id=\"p-1786098281401-40639\"><a href=\"https:\/\/www.ambito.com\/economia\/santiago-bausili-la-reciente-tension-las-tasas-los-encajes-y-la-liquidez-estan-niveles-adecuados-n6308000\" target=\"_blank\" rel=\"follow\">Le\u00e9 la nota completa<\/a> <\/div> <\/article> <article data-twitter-link=\"https:\/\/twitter.com\/intent\/tweet?url=https:\/\/www.ambito.com\/c6308100&amp;v\u00eda=Ambitocom&amp;related=\u00e1mbito.com&amp;text=\" id=\"note-body\"><\/article> <article data-twitter-link=\"https:\/\/twitter.com\/intent\/tweet?url=https:\/\/www.ambito.com\/c6308100&amp;v\u00eda=Ambitocom&amp;related=\u00e1mbito.com&amp;text=\" id=\"note-body\"><\/article> <article data-twitter-link=\"https:\/\/twitter.com\/intent\/tweet?url=https:\/\/www.ambito.com\/c6308100&amp;v\u00eda=Ambitocom&amp;related=\u00e1mbito.com&amp;text=\" id=\"note-body\"><\/article> <!-- REGION5 } --><\/div><\/div><\/div><\/p>\n                                        \n                                        \n                                        <p>Fuente: <a href=\"https:\/\/www.ambito.com\/finanzas\/dolar-hoy-y-dolar-blue-hoy-minuto-minuto-cuanto-opera-este-viernes-7-agosto-n6308100\">Enlace original<\/a><\/p>\n                                        ","protected":false},"excerpt":{"rendered":"","protected":false},"author":1,"featured_media":820,"comment_status":"open","ping_status":"","sticky":false,"template":"template-ancho-completo.php","format":"standard","meta":{"content-type":"","footnotes":"","jetpack_publicize_message":"","jetpack_publicize_feature_enabled":true,"jetpack_social_post_already_shared":true,"jetpack_social_options":{"image_generator_settings":{"template":"highway","default_image_id":0,"font":"","enabled":false},"version":2}},"categories":[57],"tags":[],"class_list":["post-2493","post","type-post","status-publish","format-standard","has-post-thumbnail","hentry","category-ambitofinanciero"],"aioseo_notices":[],"jetpack_publicize_connections":[],"_links":{"self":[{"href":"https:\/\/contabilidadfamiliar.com\/index.php\/wp-json\/wp\/v2\/posts\/2493","targetHints":{"allow":["GET"]}}],"collection":[{"href":"https:\/\/contabilidadfamiliar.com\/index.php\/wp-json\/wp\/v2\/posts"}],"about":[{"href":"https:\/\/contabilidadfamiliar.com\/index.php\/wp-json\/wp\/v2\/types\/post"}],"author":[{"embeddable":true,"href":"https:\/\/contabilidadfamiliar.com\/index.php\/wp-json\/wp\/v2\/users\/1"}],"replies":[{"embeddable":true,"href":"https:\/\/contabilidadfamiliar.com\/index.php\/wp-json\/wp\/v2\/comments?post=2493"}],"version-history":[{"count":0,"href":"https:\/\/contabilidadfamiliar.com\/index.php\/wp-json\/wp\/v2\/posts\/2493\/revisions"}],"wp:featuredmedia":[{"embeddable":true,"href":"https:\/\/contabilidadfamiliar.com\/index.php\/wp-json\/wp\/v2\/media\/820"}],"wp:attachment":[{"href":"https:\/\/contabilidadfamiliar.com\/index.php\/wp-json\/wp\/v2\/media?parent=2493"}],"wp:term":[{"taxonomy":"category","embeddable":true,"href":"https:\/\/contabilidadfamiliar.com\/index.php\/wp-json\/wp\/v2\/categories?post=2493"},{"taxonomy":"post_tag","embeddable":true,"href":"https:\/\/contabilidadfamiliar.com\/index.php\/wp-json\/wp\/v2\/tags?post=2493"}],"curies":[{"name":"wp","href":"https:\/\/api.w.org\/{rel}","templated":true}]}}