{"id":2492,"date":"2026-08-08T03:11:12","date_gmt":"2026-08-08T03:11:12","guid":{"rendered":"https:\/\/contabilidadfamiliar.com\/index.php\/2026\/08\/08\/las-dos-caras-del-consumo-crece-el-gasto-privado-pero-cae-la-venta-de-productos-masivos-y-se-resiente-el-humor-social\/"},"modified":"2026-08-08T03:11:12","modified_gmt":"2026-08-08T03:11:12","slug":"las-dos-caras-del-consumo-crece-el-gasto-privado-pero-cae-la-venta-de-productos-masivos-y-se-resiente-el-humor-social","status":"publish","type":"post","link":"https:\/\/contabilidadfamiliar.com\/index.php\/2026\/08\/08\/las-dos-caras-del-consumo-crece-el-gasto-privado-pero-cae-la-venta-de-productos-masivos-y-se-resiente-el-humor-social\/","title":{"rendered":"Las dos caras del consumo: crece el gasto privado, pero cae la venta de productos masivos y se resiente el humor social"},"content":{"rendered":" \n                                        <p><div class=\"extracted-content\"><div id=\"readability-page-1\" class=\"page\"><article><div contenteditable=\"false\" id=\"8262007-Libre-1315166613_wrap\">  <div id=\"p-1786144154426-81637\"><p id=\"p-1786144174498-18003\">&#8220;El consumo masivo es lo que m\u00e1s cambia el humor social de las personas y hay que considerarlo en un per\u00edodo electoral&#8221;, advirtieron. <\/div> <\/div> <p id=\"p-1786142954768-12251\"><strong>&#8220;El consumo masivo es lo m\u00e1s sensible, es lo que m\u00e1s cambia el humor social de las personas y hay que considerarlo en un per\u00edodo electoral&#8221;<\/strong>, advirti\u00f3 <strong>Osvaldo del R\u00edo<\/strong>, titular de la Scentia, durante el <strong>CtB Summit<\/strong>, organizado por la <strong>C\u00e1mara de Empresas de Investigaci\u00f3n Social y de Mercado (CEIM)<\/strong>. En ese sentido, compar\u00f3 la situaci\u00f3n con la del gobierno de <strong>Mauricio Macri<\/strong>, que ven\u00eda desacelerando la ca\u00edda, aunque <strong>&#8220;2019 fue el peor a\u00f1o y, cuando reaccion\u00f3 despu\u00e9s de las PASO, ya era tarde&#8221;<\/strong>.<\/article><article><p id=\"p-1786142954768-91902\"> El <strong>crecimiento de los canales digitales<\/strong>, como ocurre en pr\u00e1cticamente todos los segmentos del consumo, fue descollante: escal\u00f3 <strong>41%<\/strong> y es el \u00fanico que exhibe un avance, aunque solo representa <strong>tres puntos del consumo masivo<\/strong> en t\u00e9rminos de volumen. Eso explica que el <strong>nivel de gasto<\/strong>, medido en volumen, contin\u00fae por debajo de los registros del a\u00f1o pasado. <div contenteditable=\"false\" id=\"8262022-Libre-1322316106_wrap\">  <\/div> <h2 id=\"p-1786142954768-16382\">La baja de la inflaci\u00f3n no alcanza y los hogares profundizan el ajuste<\/h2> <p id=\"p-1786142954768-39650\">La <strong>inflaci\u00f3n dej\u00f3 de ser el principal problema para los consumidores argentinos<\/strong>, pero eso todav\u00eda no se traduce en una <strong>recuperaci\u00f3n del consumo<\/strong>. El bolsillo sigue bajo presi\u00f3n y las familias <strong>compran menos, priorizan productos esenciales, reducen el tama\u00f1o de las compras y eval\u00faan cada gasto con un nivel de racionalidad in\u00e9dito<\/strong>. <p id=\"p-1786142954768-67529\"><strong>&#8220;La macro todo bien, pero \u00bfla micro cu\u00e1ndo llega?&#8221;<\/strong>, resumi\u00f3 el especialista frente al auditorio de la <strong>Torre de Banco Macro<\/strong>, donde tambi\u00e9n se encontraba la exgobernadora de la provincia de Buenos Aires, <strong>Mar\u00eda Eugenia Vidal<\/strong>, en un d\u00eda clave para la pol\u00edtica, ya que el Senado debat\u00eda la <strong>Ley de Inviolabilidad de la Propiedad Privada<\/strong>. <p id=\"p-1786142954768-11863\"><strong>&#8220;La ca\u00edda del consumo es un tema de todos&#8221;<\/strong>, subray\u00f3 <strong>Guillermo Oliveto, fundador y CEO de la consultora W.<\/strong> Destac\u00f3 que el fen\u00f3meno alcanza a <strong>todos los estratos sociales<\/strong>, incluso a los de mayores ingresos, que hist\u00f3ricamente son los menos golpeados. <p id=\"p-1786142954768-78622\"><strong>&#8220;Limitaci\u00f3n, restricci\u00f3n, ajuste, recorte; est\u00e1 muy dif\u00edcil para todos&#8221;<\/strong>, apunt\u00f3. Adem\u00e1s, remarc\u00f3 que los sectores de mayores ingresos tambi\u00e9n perciben el deterioro, ya sea por cambios en sus gastos de esparcimiento o, sobre todo, por la situaci\u00f3n de sus empresas, donde comienzan a reducir costos y, en el peor de los casos, personal. <p id=\"p-1786142954768-83877\">Tal es as\u00ed que el principal problema que identifica la gente est\u00e1 relacionado con el <strong>trabajo<\/strong> y la <strong>actividad econ\u00f3mica<\/strong>, seg\u00fan datos de la consultora <strong>Aurelio<\/strong>. Esto se explica porque durante el actual Gobierno se perdieron <strong>m\u00e1s de 235.000 empleos<\/strong>, seg\u00fan datos del <strong>SIPA<\/strong>. <p id=\"p-1786142954768-26084\">A su vez, la ca\u00edda del <strong>salario registrado<\/strong> es otro de los factores que impiden la recuperaci\u00f3n del <strong>consumo masivo<\/strong>. El salario promedio se ubica <strong>8,7%<\/strong> por debajo del nivel de noviembre de 2023. Sin embargo, al observar el detalle, los <strong>empleados p\u00fablicos<\/strong> acumulan una p\u00e9rdida de <strong>17,8%<\/strong>, mientras que los <strong>privados<\/strong> retroceden <strong>3,7%<\/strong> hasta julio. <p id=\"p-1786142954768-65832\">En ese sentido, uno de los datos que m\u00e1s preocupa es el <strong>ingreso disponible<\/strong>, que se ubica <strong>38% por debajo de 2017<\/strong>, seg\u00fan datos de <strong>Ecolatina<\/strong> citados por <strong>Oliveto<\/strong>. <p id=\"p-1786142954768-91958\">A la debilidad del empleo y de los ingresos se suma el <strong>crecimiento del endeudamiento para cubrir gastos corrientes<\/strong>, una tendencia que se profundiz\u00f3 en los \u00faltimos meses. Seg\u00fan datos de <strong>Aurelio<\/strong>, el <strong>59%<\/strong> de los encuestados respondi\u00f3 que <strong>tiene deudas<\/strong>; apenas un <strong>17%<\/strong> asegur\u00f3 estar al d\u00eda, mientras que un <strong>27%<\/strong> es parcialmente moroso y otro <strong>15%<\/strong> registra demoras importantes en sus pagos. <h2 id=\"p-1786142954768-42700\">Menos consumo, m\u00e1s c\u00e1lculo<\/h2> <p id=\"p-1786142954768-35314\">El cambio ya <strong>se refleja<\/strong> en los h\u00e1bitos de consumo. Los estudios muestran que las personas dejaron atr\u00e1s la l\u00f3gica de comprar por impulso y pasaron a analizar cada decisi\u00f3n. <strong>&#8220;La compra dej\u00f3 de ser &#8216;lo que quiero&#8217; para convertirse en &#8216;lo que puedo comprar, pero tratando de comprar bien'&#8221;<\/strong>, explicaron. <p id=\"p-1786142954768-94949\">El consumidor <strong>busca promociones, compara precios, cambia de marcas y privilegia la mejor relaci\u00f3n entre precio y calidad<\/strong> antes que el menor precio posible. <p id=\"p-1786142954768-7517\">La consecuencia es un <strong>patr\u00f3n de consumo mucho m\u00e1s selectivo<\/strong>. Las familias reducen la frecuencia de compra, eligen formatos de menor desembolso y migran hacia comercios de cercan\u00eda para evitar gastos adicionales o compras impulsivas. Esa estrategia ya no distingue niveles socioecon\u00f3micos: alcanza tanto a hogares de ingresos bajos como medios y altos. <p id=\"p-1786142954768-90027\">Los datos de <strong>NielsenIQ<\/strong> muestran que <strong>el 54% de las categor\u00edas migr\u00f3 hacia formatos de menor desembolso<\/strong>, mientras que <strong>el 34% de las ventas de consumo masivo se realiza bajo promociones<\/strong>. Adem\u00e1s, los consumidores recurren cada vez m\u00e1s a <strong>marcas econ\u00f3micas<\/strong> y a <strong>canales alternativos<\/strong> para sostener el nivel de consumo. <p id=\"p-1786142954768-24010\">Desde <strong>Kantar<\/strong> agregaron otro dato que ilustra el momento: apenas <strong>el 11% de las categor\u00edas de consumo masivo se encuentra en expansi\u00f3n<\/strong>, mientras que <strong>el 44% registra una contracci\u00f3n sostenida<\/strong> tanto en el \u00faltimo a\u00f1o como en el trimestre m\u00e1s reciente. <p id=\"p-1786142954768-77647\">Sin embargo, los especialistas se\u00f1alaron que detr\u00e1s de esa ca\u00edda aparecen <strong>cambios estructurales en la forma de consumir<\/strong>. Los hogares ya no organizan sus compras \u00fanicamente por categor\u00eda, sino por la <strong>necesidad que buscan satisfacer<\/strong>. Crecen as\u00ed las decisiones asociadas al <strong>bienestar<\/strong>, el <strong>autocuidado<\/strong> y los productos que ofrecen un <strong>beneficio funcional claro<\/strong>, incluso en un contexto de ajuste. <h2 id=\"p-1786142954768-12907\">Un escenario desafiante<\/h2> <p id=\"p-1786142954768-66030\">Las consultoras coincidieron en que el <strong>consumo podr\u00eda comenzar a mostrar una desaceleraci\u00f3n en la ca\u00edda<\/strong> si la inflaci\u00f3n contin\u00faa bajando, aunque descartaron un <strong>rebote significativo<\/strong> en el corto plazo. <p id=\"p-1786142954768-88712\"><strong>&#8220;Es posible que a partir de julio empecemos a ver una desaceleraci\u00f3n en la ca\u00edda. Tal vez el a\u00f1o no termine tan mal y pueda empatar o incluso dar levemente positivo, siempre que la inflaci\u00f3n siga bajando. Independientemente de que los ingresos no se recuperen tan r\u00e1pido, con que la gente tenga la sensaci\u00f3n de que el avance de los precios empieza a ser menos impactante, gana cierta confianza y le cambia el humor&#8221;<\/strong>, destac\u00f3<strong> Del R\u00edo<\/strong>. <p id=\"p-1786142954768-82414\">Por su parte, <strong>Oliveto<\/strong> sostuvo que los salarios podr\u00edan mejorar, aunque aclar\u00f3 que el avance ser\u00eda muy gradual: <strong>&#8220;Todo lo que pase de ac\u00e1 en adelante va a ser muy lento&#8221;<\/strong>. En l\u00ednea con Del R\u00edo, consider\u00f3 que esa mejora podr\u00eda ayudar a recomponer el consumo. <p id=\"p-1786142954768-43721\">En ese contexto, el desaf\u00edo para las empresas ya no pasa \u00fanicamente por competir con precios. <strong>La mayor apertura comercial, el regreso de marcas internacionales y un consumidor mucho m\u00e1s racional<\/strong> obligan a revisar <strong>estrategias comerciales, portafolios e innovaci\u00f3n<\/strong>.<\/article><\/div><\/div><\/p>\n                                        \n                                        \n                                        <p>Fuente: <a href=\"https:\/\/www.ambito.com\/economia\/las-dos-caras-del-consumo-crece-el-gasto-privado-pero-cae-la-venta-productos-masivos-y-se-resiente-el-humor-social-n6308456\">Enlace original<\/a><\/p>\n                                        ","protected":false},"excerpt":{"rendered":"<p>&#8220;El consumo masivo es lo que m\u00e1s cambia el humor social de las personas y hay que considerarlo en un per\u00edodo electoral&#8221;, advirtieron. &#8220;El consumo masivo es lo m\u00e1s sensible, es lo que m\u00e1s cambia el humor social de las personas y hay que considerarlo en un per\u00edodo electoral&#8221;, advirti\u00f3 Osvaldo del R\u00edo, titular de [&hellip;]<\/p>\n","protected":false},"author":1,"featured_media":820,"comment_status":"open","ping_status":"","sticky":false,"template":"template-ancho-completo.php","format":"standard","meta":{"content-type":"","footnotes":"","jetpack_publicize_message":"","jetpack_publicize_feature_enabled":true,"jetpack_social_post_already_shared":true,"jetpack_social_options":{"image_generator_settings":{"template":"highway","default_image_id":0,"font":"","enabled":false},"version":2}},"categories":[57],"tags":[],"class_list":["post-2492","post","type-post","status-publish","format-standard","has-post-thumbnail","hentry","category-ambitofinanciero"],"aioseo_notices":[],"jetpack_publicize_connections":[],"_links":{"self":[{"href":"https:\/\/contabilidadfamiliar.com\/index.php\/wp-json\/wp\/v2\/posts\/2492","targetHints":{"allow":["GET"]}}],"collection":[{"href":"https:\/\/contabilidadfamiliar.com\/index.php\/wp-json\/wp\/v2\/posts"}],"about":[{"href":"https:\/\/contabilidadfamiliar.com\/index.php\/wp-json\/wp\/v2\/types\/post"}],"author":[{"embeddable":true,"href":"https:\/\/contabilidadfamiliar.com\/index.php\/wp-json\/wp\/v2\/users\/1"}],"replies":[{"embeddable":true,"href":"https:\/\/contabilidadfamiliar.com\/index.php\/wp-json\/wp\/v2\/comments?post=2492"}],"version-history":[{"count":0,"href":"https:\/\/contabilidadfamiliar.com\/index.php\/wp-json\/wp\/v2\/posts\/2492\/revisions"}],"wp:featuredmedia":[{"embeddable":true,"href":"https:\/\/contabilidadfamiliar.com\/index.php\/wp-json\/wp\/v2\/media\/820"}],"wp:attachment":[{"href":"https:\/\/contabilidadfamiliar.com\/index.php\/wp-json\/wp\/v2\/media?parent=2492"}],"wp:term":[{"taxonomy":"category","embeddable":true,"href":"https:\/\/contabilidadfamiliar.com\/index.php\/wp-json\/wp\/v2\/categories?post=2492"},{"taxonomy":"post_tag","embeddable":true,"href":"https:\/\/contabilidadfamiliar.com\/index.php\/wp-json\/wp\/v2\/tags?post=2492"}],"curies":[{"name":"wp","href":"https:\/\/api.w.org\/{rel}","templated":true}]}}