{"id":2488,"date":"2026-08-06T04:28:39","date_gmt":"2026-08-06T04:28:39","guid":{"rendered":"https:\/\/contabilidadfamiliar.com\/index.php\/2026\/08\/06\/arcor-empieza-a-generar-su-propia-energia-renovable-para-exportar-mas\/"},"modified":"2026-08-06T04:28:39","modified_gmt":"2026-08-06T04:28:39","slug":"arcor-empieza-a-generar-su-propia-energia-renovable-para-exportar-mas","status":"publish","type":"post","link":"https:\/\/contabilidadfamiliar.com\/index.php\/2026\/08\/06\/arcor-empieza-a-generar-su-propia-energia-renovable-para-exportar-mas\/","title":{"rendered":"Arcor empieza a generar su propia energ\u00eda renovable para exportar m\u00e1s"},"content":{"rendered":" \n                                        <p><div class=\"extracted-content\"><div id=\"readability-page-1\" class=\"page\"><div id=\"cuerpo\">Arcor, una de las principales productoras de alimentos del pa\u00eds, y mayor exportadora de golosinas, <strong>sum\u00f3 su primer parque de energ\u00eda solar<\/strong> esta semana para abastecer la planta de gomitas y mogul ubicada en Recreo, provincia de Catamarca.<strong>Con una inversi\u00f3n de US$ 3,8 millones,<\/strong> este parque<strong> cubre entre el 70% y el 90% de la energ\u00eda que demanda la planta<\/strong> y forma parte de una estrategia que aceler\u00f3 la empresa de <strong>sumar generaci\u00f3n propia<\/strong>.Estos cerca de once mil paneles que re\u00fanen una potencia instalada de 6,6 megawatts, se suman a dos centrales de biomasa y una <strong>usina t\u00e9rmica, que opera Arcor para abastecer su demanda de electricidad.<\/strong> La empresa no descarta sumar m\u00e1s inversiones en este sentido y profundizar su participaci\u00f3n en uno de los sectores estrella de la Argentina de Javier Milei: el energ\u00e9tico.El anuncio, que se realiz\u00f3 este martes en Recreo y coincide con las celebraciones por el <a href=\"https:\/\/www.clarin.com\/80-aniversario\/consumo\/arcor-pequena-fabrica-arroyito-lider-global-alimentos-golosinas_0_B4rYQAMy8m.html\" target=\"_blank\" title=\"75\u00b0 aniversario \" alt=\"75\u00b0 aniversario \">75\u00b0 aniversario <\/a>de una de las marcas m\u00e1s populares del pa\u00eds, cont\u00f3 con la presencia del <strong>presidente de Arcor, Alfredo Pagani,<\/strong> y el gobernador local, Ra\u00fal Jalil. Sucede en un contexto de consumo amesetado en el pa\u00eds. Para el <strong>CEO, Andr\u00e9s Graziosi<\/strong>, <strong>se trata de un evento coyuntural.<\/strong> Y observa una din\u00e1mica dual, en la que conviven <strong>una serie de productos que &#8220;les cuesta m\u00e1s&#8221; y otros que &#8220;est\u00e1n bien&#8221;.<\/strong><div id=\"element-body-4\"><picture><source media=\"(min-width: 975px)\" width=\"720\" height=\"480\" srcset=\"https:\/\/www.clarin.com\/img\/2026\/08\/05\/wSh99_T9F_720x0__1.jpg\"><span><\/span><\/picture><\/div>Graziosi, que lleva un a\u00f1o en el cargo tras una larga trayectoria en la industria farmac\u00e9utica, celebra el ordenamiento de la macroeconom\u00eda llevado adelante por el presidente Milei. Sostiene que esta &#8220;normalidad&#8221;, basada principalmente en la <strong>baja de la inflaci\u00f3n<\/strong>, <strong>permite a las empresas desarrollar mejor su negocio.<\/strong>Para el ejecutivo, esta nueva normalidad lleva a la empresa a enfocarse en tres puntos: crecimiento con<strong> internacionalizaci\u00f3n, eficiencia e innovaci\u00f3n. <\/strong>Respecto al segundo punto, Graziosi dijo que &#8220;se viene una Argentina distinta que <strong>nos obliga a mirarnos m\u00e1s hacia adentro&#8221;<\/strong>. A la innovaci\u00f3n, el CEO la vincul\u00f3 con la exigencia que demanda &#8220;la normalidad del pa\u00eds&#8221;. Bajo esa premisa la compa\u00f1\u00eda desarroll\u00f3 el negocio energ\u00e9tico que le permiti\u00f3 lograr un autoabastecimiento cercano al 55% y profundizar la estrategia sustentable: m\u00e1s del 60% de la energ\u00eda utilizada por el Grupo, tanto el\u00e9ctrica como t\u00e9rmica, proviene de fuentes renovables.Seg\u00fan explic\u00f3 Bruno Brunetti, gerente corporativo de Energ\u00eda y Servicios en Grupo Arcor, tienen estudiadas a todas las plantas en las nueve provincias donde operan para expandir este modelo.En un breve contacto con la prensa, Graziosi dej\u00f3 dos conceptos m\u00e1s. Primero, que <strong>&#8220;la coyuntura no debe tapar el foco&#8221;<\/strong>. Luego se\u00f1al\u00f3 que esta normalidad o estabilidad macro &#8220;te permite planificar&#8221;.&#8221;El Parque Solar, la Escuela T\u00e9cnica y la Reserva Natural Urbana reflejan una convicci\u00f3n que acompa\u00f1a a Arcor desde sus or\u00edgenes: crecer junto a las comunidades donde estamos presentes. Comparten una visi\u00f3n de largo plazo y <strong>muestran el valor de la articulaci\u00f3n p\u00fablico-privada para impulsar iniciativas<\/strong> que generan desarrollo y dejan una huella positiva. Hace casi 40 a\u00f1os elegimos estar en Recreo y hoy renovamos esa decisi\u00f3n&#8221;, afirm\u00f3 Alfredo Pagani, Presidente de Grupo Arcor.En el primer trimestre del a\u00f1o, la compa\u00f1\u00eda report\u00f3 ganancias por $ 75.892 millones tras ventas por $ 466.698 millones, que implicaron una ca\u00edda del 5,43% respecto al mismo per\u00edodo del 2025.Arcor cuenta con 49 plantas industriales en todo el mundo de las cuales 37 est\u00e1n en Argentina. A nivel global genera 20.000 puestos de trabajo: cerca del 75% est\u00e1n en el pa\u00eds. La empresa ve en la expansi\u00f3n global un motor de crecimiento. Uno de los hitos recientes fue la <strong>inauguraci\u00f3n de una planta en Angola en 2022,<\/strong> en un mercado, el africano, que continuar\u00e1n explorando.Impulsan tambi\u00e9n un crecimiento a trav\u00e9s de un modelo basado en alianzas de largo plazo junto a socios estrat\u00e9gicos. Uno de esos socios es Danone. Juntos, formalizaron esta semana la reorganizaci\u00f3n societaria tras la adquisici\u00f3n de la participaci\u00f3n restante en Mastellone Hnos,<a href=\"https:\/\/www.clarin.com\/economia\/serenisima-nuevos-duenos-siglo-manos-fundadores_0_5EuImbPmdP.html\" target=\"_blank\" title=\" de la cual surge \u201cLa Seren\u00edsima Unida\u201d.\" alt=\" de la cual surge \u201cLa Seren\u00edsima Unida\u201d.\"> de la cual surge \u201cLa Seren\u00edsima Unida\u201d.<\/a><em>NE<\/em><\/div><\/div><\/div><\/p>\n                                        \n                                        \n                                        <p>Fuente: <a href=\"https:\/\/www.clarin.com\/economia\/arcor-empieza-generar-propia-energia-renovable-bajar-costos-medio-consumo-debil_0_fEaJNTGND0.html\">Enlace original<\/a><\/p>\n                                        ","protected":false},"excerpt":{"rendered":"<p>Arcor, una de las principales productoras de alimentos del pa\u00eds, y mayor exportadora de golosinas, sum\u00f3 su primer parque de energ\u00eda solar esta semana para abastecer la planta de gomitas y mogul ubicada en Recreo, provincia de Catamarca.Con una inversi\u00f3n de US$ 3,8 millones, este parque cubre entre el 70% y el 90% de la [&hellip;]<\/p>\n","protected":false},"author":1,"featured_media":820,"comment_status":"open","ping_status":"","sticky":false,"template":"template-ancho-completo.php","format":"standard","meta":{"content-type":"","footnotes":"","jetpack_publicize_message":"","jetpack_publicize_feature_enabled":true,"jetpack_social_post_already_shared":true,"jetpack_social_options":{"image_generator_settings":{"template":"highway","default_image_id":0,"font":"","enabled":false},"version":2}},"categories":[125],"tags":[],"class_list":["post-2488","post","type-post","status-publish","format-standard","has-post-thumbnail","hentry","category-clarin"],"aioseo_notices":[],"jetpack_publicize_connections":[],"_links":{"self":[{"href":"https:\/\/contabilidadfamiliar.com\/index.php\/wp-json\/wp\/v2\/posts\/2488","targetHints":{"allow":["GET"]}}],"collection":[{"href":"https:\/\/contabilidadfamiliar.com\/index.php\/wp-json\/wp\/v2\/posts"}],"about":[{"href":"https:\/\/contabilidadfamiliar.com\/index.php\/wp-json\/wp\/v2\/types\/post"}],"author":[{"embeddable":true,"href":"https:\/\/contabilidadfamiliar.com\/index.php\/wp-json\/wp\/v2\/users\/1"}],"replies":[{"embeddable":true,"href":"https:\/\/contabilidadfamiliar.com\/index.php\/wp-json\/wp\/v2\/comments?post=2488"}],"version-history":[{"count":0,"href":"https:\/\/contabilidadfamiliar.com\/index.php\/wp-json\/wp\/v2\/posts\/2488\/revisions"}],"wp:featuredmedia":[{"embeddable":true,"href":"https:\/\/contabilidadfamiliar.com\/index.php\/wp-json\/wp\/v2\/media\/820"}],"wp:attachment":[{"href":"https:\/\/contabilidadfamiliar.com\/index.php\/wp-json\/wp\/v2\/media?parent=2488"}],"wp:term":[{"taxonomy":"category","embeddable":true,"href":"https:\/\/contabilidadfamiliar.com\/index.php\/wp-json\/wp\/v2\/categories?post=2488"},{"taxonomy":"post_tag","embeddable":true,"href":"https:\/\/contabilidadfamiliar.com\/index.php\/wp-json\/wp\/v2\/tags?post=2488"}],"curies":[{"name":"wp","href":"https:\/\/api.w.org\/{rel}","templated":true}]}}