{"id":2478,"date":"2026-08-06T03:47:34","date_gmt":"2026-08-06T03:47:34","guid":{"rendered":"https:\/\/contabilidadfamiliar.com\/index.php\/2026\/08\/06\/los-dolares-del-banco-central-son-de-la-gente-no-del-presidente-la-advertencia-de-redrado-tras-la-reforma-de-milei\/"},"modified":"2026-08-06T03:47:34","modified_gmt":"2026-08-06T03:47:34","slug":"los-dolares-del-banco-central-son-de-la-gente-no-del-presidente-la-advertencia-de-redrado-tras-la-reforma-de-milei","status":"publish","type":"post","link":"https:\/\/contabilidadfamiliar.com\/index.php\/2026\/08\/06\/los-dolares-del-banco-central-son-de-la-gente-no-del-presidente-la-advertencia-de-redrado-tras-la-reforma-de-milei\/","title":{"rendered":"&#8220;Los d\u00f3lares del Banco Central son de la gente, no del Presidente&#8221;: la advertencia de Redrado tras la reforma de Milei"},"content":{"rendered":" \n                                        <p><div class=\"extracted-content\"><div id=\"readability-page-1\" class=\"page\"><article> <strong>Mart\u00edn Redrado<\/strong> respald\u00f3 la reforma de la Carta Org\u00e1nica del <a href=\"https:\/\/eleconomista.com.ar\/tags\/bcra-t1187\"><strong>BCRA<\/strong><\/a> que impulsa el Gobierno, aunque advirti\u00f3 que todav\u00eda faltan cambios para fortalecer la independencia de la entidad. En paralelo, record\u00f3 su duro enfrentamiento con <a href=\"https:\/\/eleconomista.com.ar\/tags\/argentina-t190\"><strong>Argentina<\/strong><\/a> y con Cristina Fern\u00e1ndez de Kirchner en 2010, cuando se neg\u00f3 a usar las reservas para financiar al Estado. &#8220;<strong>Los d\u00f3lares y los pesos no son del presidente de la Naci\u00f3n, son de la gente<\/strong>&#8220;, afirm\u00f3. <h2><strong>El recuerdo de su enfrentamiento con Cristina Kirchner<\/strong><\/h2>Redrado sostuvo que es &#8220;central erradicar esta idea que instal\u00f3 estos \u00faltimos a\u00f1os Cristina Kirchner, de que los <a href=\"https:\/\/eleconomista.com.ar\/tags\/dolar-t910\"><strong>d\u00f3lares<\/strong><\/a> y los pesos son del presidente de la Naci\u00f3n y no de la gente&#8221;. Para ilustrarlo, record\u00f3 una reuni\u00f3n del <strong>6 de enero de 2010<\/strong>, cuando la entonces presidenta le pidi\u00f3 utilizar reservas del Banco Central. &#8220;Primero pidi\u00f3 US$ 6.500 millones, que luego fueron US$ 10.000 millones, pero yo ya me hab\u00eda ido&#8221;, relat\u00f3. &#8220;<strong>Yo le respond\u00ed que los d\u00f3lares no eran de ella ni m\u00edos, sino que yo era un mero administrador de US$ 50.000 millones que eran de toda la gente<\/strong>&#8220;, record\u00f3. Seg\u00fan cont\u00f3, la discusi\u00f3n termin\u00f3 con un decreto para desplazarlo del cargo, aunque luego obtuvo un fallo judicial favorable. &#8220;Una jueza independiente, de las buenas que hay en el pa\u00eds, la jueza Sarmiento, me restituy\u00f3 en el cargo e hicimos caer el decreto del Bicentenario&#8221;. Sin embargo, aclar\u00f3 que finalmente renunci\u00f3 porque &#8220;<strong>primero est\u00e1 la instituci\u00f3n, despu\u00e9s las personas<\/strong>&#8220;. <h2><strong>Qu\u00e9 cambios propone para la reforma del Banco Central<\/strong><\/h2>Consultado sobre la iniciativa enviada por <a href=\"https:\/\/eleconomista.com.ar\/tags\/javier-milei-t1464\"><strong>Javier Milei<\/strong><\/a> al Congreso, Redrado consider\u00f3 que &#8220;hoy es importante la nueva Carta Org\u00e1nica, que elimina la posibilidad de las Letras Intransferibles, que son los papelitos de colores que se dieron despu\u00e9s de mi salida&#8221;. No obstante, sostuvo que la reforma deber\u00eda incorporar otros cambios para garantizar su continuidad. Entre sus principales propuestas mencion\u00f3: <div> <a href=\"https:\/\/eleconomista.com.ar\/economia\/el-bcra-lanzo-una-alerta-urgente-una-estafa-usa-su-imagen-robar-datos-dinero-n97164\" title=\"El BCRA lanz\u00f3 una alerta urgente por una estafa que usa su imagen para robar datos y dinero\"><\/a>  <\/div> <ul><li><strong>Que la designaci\u00f3n y remoci\u00f3n de las autoridades del <\/strong><a href=\"https:\/\/eleconomista.com.ar\/tags\/bcra-t1187\"><strong>BCRA<\/strong><\/a><strong> requieran las mismas mayor\u00edas especiales en el Congreso.<\/strong><\/li><li><strong>Reducir el directorio de diez a seis miembros, con cuatro representantes del oficialismo y dos de la oposici\u00f3n.<\/strong><\/li><li><strong>Que la nueva ley entre en vigencia para el pr\u00f3ximo gobierno y no para la actual gesti\u00f3n.<\/strong><\/li><\/ul>&#8220;<strong>Aplicar una ley para s\u00ed mismo trae suspicacias<\/strong>&#8220;, advirti\u00f3. De todos modos, aclar\u00f3 que &#8220;<strong>este gobierno ha respetado no manotear el <\/strong><a href=\"https:\/\/eleconomista.com.ar\/tags\/bcra-t1187\"><strong>BCRA<\/strong><\/a><strong>. A nadie le cabe duda de que este presidente no va a manotear ni <\/strong><a href=\"https:\/\/eleconomista.com.ar\/tags\/dolar-t910\"><strong>d\u00f3lares<\/strong><\/a><strong> ni pesos del Banco Central<\/strong>&#8220;. <h2><strong>Las tasas, el cr\u00e9dito y la situaci\u00f3n de empresas y familias<\/strong><\/h2>El economista tambi\u00e9n cuestion\u00f3 el uso de los encajes bancarios para financiar al Estado y propuso prohibir que esos fondos se coloquen en t\u00edtulos p\u00fablicos. &#8220;Si sac\u00e1s los t\u00edtulos p\u00fablicos, va a haber m\u00e1s pesos para dar m\u00e1s cr\u00e9dito y van a bajar las tasas de inter\u00e9s&#8221;, asegur\u00f3. Respecto del creciente endeudamiento, revel\u00f3 que la situaci\u00f3n preocupa al sector privado. &#8220;<strong>Desde marzo hasta ac\u00e1, una vez por semana nos viene a buscar una empresa mediana para decirnos que no pueden pagar la deuda y que los ayudemos a representarlos frente a los bancos<\/strong>&#8220;, cont\u00f3. Sobre las familias, recomend\u00f3 renegociar directamente con las entidades financieras: &#8220;<strong>Que vayan a su oficial de cr\u00e9dito y le digan que en lugar de pagar 10 pesos por mes, pueden pagar 1 peso por mes<\/strong>&#8220;. <div> <a href=\"https:\/\/eleconomista.com.ar\/economia\/hasta-16000-reintegro-bancos-billeteras-te-devuelven-pasaje-subte-colectivo-n97161\" title=\"Hasta $16.000 de reintegro: qu\u00e9 bancos y billeteras te devuelven el pasaje del subte y colectivo\"><\/a>  <\/div> <h2><strong>&#8220;No alcanza con estabilizar la econom\u00eda&#8221;<\/strong><\/h2>Para Redrado, consolidar el equilibrio fiscal y garantizar la independencia del <a href=\"https:\/\/eleconomista.com.ar\/tags\/bcra-t1187\"><strong>BCRA<\/strong><\/a> es apenas el primer paso. &#8220;<strong>Lo que hay que discutir es c\u00f3mo generamos un pa\u00eds para 48 millones de argentinos. M\u00e1s de lo mismo nos va a llevar a cristalizar un pa\u00eds para 10 millones de argentinos<\/strong>&#8220;, afirm\u00f3. En ese sentido, propuso avanzar con una <strong>reforma impositiva<\/strong> que incentive el empleo formal, mejorar la <strong>infraestructura log\u00edstica<\/strong> y ampliar el <strong>cr\u00e9dito dom\u00e9stico<\/strong> mediante una reducci\u00f3n de los encajes y una reorganizaci\u00f3n de activos del Fondo de Garant\u00eda de Sustentabilidad. Adem\u00e1s, insisti\u00f3 en que <a href=\"https:\/\/eleconomista.com.ar\/tags\/argentina-t190\"><strong>Argentina<\/strong><\/a> debe eliminar las restricciones cambiarias: &#8220;<mark><strong>Lo que hay que discutir es eliminar las restricciones del mercado cambiario<\/strong><\/mark>&#8220;, concluy\u00f3. <div> <a href=\"https:\/\/eleconomista.com.ar\/economia\/dolar-hoy-cuanto-cotiza-miercoles-5-agosto-n97155\" title=\"D\u00f3lar hoy: a cu\u00e1nto cotiza este mi\u00e9rcoles 5 de agosto\"><\/a>  <\/div> <a href=\"https:\/\/www.google.com\/preferences\/source?q=eleconomista.com.ar\" target=\"_blank\" rel=\"noopener nofollow\">   <span>Segu\u00ed a El Economista en Google<\/span> <span>Agreganos a tus medios preferidos.<\/span>  + Agregar <\/a> <\/article><\/div><\/div><\/p>\n                                        \n                                        \n                                        <p>Fuente: <a href=\"https:\/\/eleconomista.com.ar\/economia\/los-dolares-banco-central-son-gente-presidente-advertencia-redrado-tras-reforma-milei-n97167\">Enlace original<\/a><\/p>\n                                        ","protected":false},"excerpt":{"rendered":"<p>Mart\u00edn Redrado respald\u00f3 la reforma de la Carta Org\u00e1nica del BCRA que impulsa el Gobierno, aunque advirti\u00f3 que todav\u00eda faltan cambios para fortalecer la independencia de la entidad. En paralelo, record\u00f3 su duro enfrentamiento con Argentina y con Cristina Fern\u00e1ndez de Kirchner en 2010, cuando se neg\u00f3 a usar las reservas para financiar al Estado. [&hellip;]<\/p>\n","protected":false},"author":1,"featured_media":820,"comment_status":"open","ping_status":"","sticky":false,"template":"template-ancho-completo.php","format":"standard","meta":{"content-type":"","footnotes":"","jetpack_publicize_message":"","jetpack_publicize_feature_enabled":true,"jetpack_social_post_already_shared":true,"jetpack_social_options":{"image_generator_settings":{"template":"highway","default_image_id":0,"font":"","enabled":false},"version":2}},"categories":[59],"tags":[],"class_list":["post-2478","post","type-post","status-publish","format-standard","has-post-thumbnail","hentry","category-eleconomista"],"aioseo_notices":[],"jetpack_publicize_connections":[],"_links":{"self":[{"href":"https:\/\/contabilidadfamiliar.com\/index.php\/wp-json\/wp\/v2\/posts\/2478","targetHints":{"allow":["GET"]}}],"collection":[{"href":"https:\/\/contabilidadfamiliar.com\/index.php\/wp-json\/wp\/v2\/posts"}],"about":[{"href":"https:\/\/contabilidadfamiliar.com\/index.php\/wp-json\/wp\/v2\/types\/post"}],"author":[{"embeddable":true,"href":"https:\/\/contabilidadfamiliar.com\/index.php\/wp-json\/wp\/v2\/users\/1"}],"replies":[{"embeddable":true,"href":"https:\/\/contabilidadfamiliar.com\/index.php\/wp-json\/wp\/v2\/comments?post=2478"}],"version-history":[{"count":0,"href":"https:\/\/contabilidadfamiliar.com\/index.php\/wp-json\/wp\/v2\/posts\/2478\/revisions"}],"wp:featuredmedia":[{"embeddable":true,"href":"https:\/\/contabilidadfamiliar.com\/index.php\/wp-json\/wp\/v2\/media\/820"}],"wp:attachment":[{"href":"https:\/\/contabilidadfamiliar.com\/index.php\/wp-json\/wp\/v2\/media?parent=2478"}],"wp:term":[{"taxonomy":"category","embeddable":true,"href":"https:\/\/contabilidadfamiliar.com\/index.php\/wp-json\/wp\/v2\/categories?post=2478"},{"taxonomy":"post_tag","embeddable":true,"href":"https:\/\/contabilidadfamiliar.com\/index.php\/wp-json\/wp\/v2\/tags?post=2478"}],"curies":[{"name":"wp","href":"https:\/\/api.w.org\/{rel}","templated":true}]}}