{"id":2472,"date":"2026-08-06T03:36:48","date_gmt":"2026-08-06T03:36:48","guid":{"rendered":"https:\/\/contabilidadfamiliar.com\/index.php\/2026\/08\/06\/la-aerolinea-american-jet-apuesta-a-vuelos-internos-en-esta-provincia-con-dos-rutas-nuevas\/"},"modified":"2026-08-06T03:36:48","modified_gmt":"2026-08-06T03:36:48","slug":"la-aerolinea-american-jet-apuesta-a-vuelos-internos-en-esta-provincia-con-dos-rutas-nuevas","status":"publish","type":"post","link":"https:\/\/contabilidadfamiliar.com\/index.php\/2026\/08\/06\/la-aerolinea-american-jet-apuesta-a-vuelos-internos-en-esta-provincia-con-dos-rutas-nuevas\/","title":{"rendered":"La aerol\u00ednea American Jet apuesta a vuelos internos en esta provincia con dos rutas nuevas"},"content":{"rendered":" \n                                        <p><div class=\"extracted-content\"><div id=\"readability-page-1\" class=\"page\"><div>  La compa\u00f1\u00eda a\u00e9rea, que de a poco intenta establecer rutas comerciales dentro del pa\u00eds, confirm\u00f3 el inicio de operaciones interprovinciales  <strong>05\/08\/2026<\/strong> &#8211; 18:46hs <div> <picture> <source type=\"image\/webp\" media=\"(max-width: 642px)\" srcset=\"https:\/\/resizer.iproimg.com\/unsafe\/384x\/filters:format(webp):quality(75):max_bytes(102400)\/https:\/\/assets.iprofesional.com\/assets\/jpg\/2026\/07\/620588.jpg 384w, https:\/\/resizer.iproimg.com\/unsafe\/512x\/filters:format(webp):quality(75):max_bytes(102400)\/https:\/\/assets.iprofesional.com\/assets\/jpg\/2026\/07\/620588.jpg 512w, https:\/\/resizer.iproimg.com\/unsafe\/640x\/filters:format(webp):quality(75):max_bytes(102400)\/https:\/\/assets.iprofesional.com\/assets\/jpg\/2026\/07\/620588.jpg 640w\" sizes=\"100vw\"> <source type=\"image\/webp\" media=\"(min-width: 642.01px) and (max-width: 1270px)\" srcset=\"https:\/\/resizer.iproimg.com\/unsafe\/614x\/filters:format(webp):quality(75):max_bytes(102400)\/https:\/\/assets.iprofesional.com\/assets\/jpg\/2026\/07\/620588.jpg 614w\" sizes=\"614px\"> <source type=\"image\/webp\" media=\"(min-width: 1270.01px) and (max-width: 1898px)\" srcset=\"https:\/\/resizer.iproimg.com\/unsafe\/928x\/filters:format(webp):quality(75):max_bytes(102400)\/https:\/\/assets.iprofesional.com\/assets\/jpg\/2026\/07\/620588.jpg 928w\" sizes=\"928px\"> <source type=\"image\/webp\" media=\"(min-width: 1898.01px)\" srcset=\"https:\/\/resizer.iproimg.com\/unsafe\/1270x\/filters:format(webp):quality(75):max_bytes(102400)\/https:\/\/assets.iprofesional.com\/assets\/jpg\/2026\/07\/620588.jpg 1270w\" sizes=\"1270px\"> <\/picture> <\/div> <\/div><div> El mapa del transporte a\u00e9reo argentino suma un hito clave en materia de federalizaci\u00f3n y conectividad regional. La compa\u00f1\u00eda a\u00e9rea <strong>American Jet<\/strong>, caracterizada por identificar y explotar nichos comerciales poco atendidos por las grandes aerol\u00edneas \u2014como ocurre con su flamante ruta entre Aeroparque y Perito Moreno\u2014, confirm\u00f3 la apertura de <strong>dos nuevos tramos intraprovinciales en la provincia de Neuqu\u00e9n. <\/strong>El anuncio fue encabezado por el gobernador Rolando Figueroa durante los actos oficiales por el 139\u00b0 aniversario de la ciudad de Chos Malal, donde se ratific\u00f3 que <strong>la empresa unir\u00e1 la capital provincial con el norte neuquino y con el aeropuerto de Chapelco.<\/strong> El <strong>regreso de la conectividad a\u00e9rea a Chos Malal<\/strong> se materializar\u00e1 formalmente a partir del pr\u00f3ximo lunes 14 de septiembre, devolviendo <a href=\"https:\/\/www.iprofesional.com\/turismo\/461453-inminente-estreno-de-los-nuevos-vuelos-directos-a-europa-desde-inedita-ciudad-del-interior\" target=\"_blank\" rel=\"noopener noreferrer\">los vuelos regulares<\/a> a la capital hist\u00f3rica de la provincia. Esta concreci\u00f3n fue posible gracias a un plan integral de rehabilitaci\u00f3n del aer\u00f3dromo local llevado a cabo por el gobierno neuquino, el cual incluy\u00f3 la construcci\u00f3n de una nueva pista de aterrizaje, la remodelaci\u00f3n total de la terminal de pasajeros y trabajos de balizamiento e iluminaci\u00f3n. A su vez, la empresa sumar\u00e1 una <strong>ruta in\u00e9dita para conectar de forma directa la ciudad de Neuqu\u00e9n con San Mart\u00edn de los Andes, fortaleciendo el esquema de movilidad interna.<\/strong> Los pasajes para ambas rutas se pondr\u00e1n oficialmente a la venta el pr\u00f3ximo 14 de agosto. Inicialmente, los tickets podr\u00e1n adquirirse de forma directa a trav\u00e9s del <a href=\"https:\/\/americanjet.com.ar\/\" target=\"_blank\" rel=\"nofollow noopener noreferrer\">sitio web oficial de la compa\u00f1\u00eda<\/a>, previendo incorporar progresivamente la comercializaci\u00f3n mediante agencias de viajes de todo el pa\u00eds. <h2>Vuelos de American Jet en Neuqu\u00e9n: el detalle a Chos Malal y Chapelco<\/h2> La programaci\u00f3n dispuesta por American Jet para conectar los destinos neuquinos contempla un esquema de operaciones dise\u00f1ado para cubrir tanto la demanda corporativa como la tur\u00edstica: <ul> <li><strong>Neuqu\u00e9n \u2013 Chos Malal (2 frecuencias semanales):<\/strong> <ul> <li>Lunes: Salida desde la capital neuquina a las 10:00 hs con arribo a Chos Malal a las 10:50 hs. El vuelo de regreso despega a las 11:20 hs y aterriza en Neuqu\u00e9n a las 12:10 hs.<\/li> <li>Jueves: Salida desde Neuqu\u00e9n a las 13:10 hs y llegada a Chos Malal a las 13:55 hs. La ruta de vuelta parte a las 14:25 hs y arriba a la capital a las 15:10 hs.<\/li> <\/ul> <\/li> <li><strong>Neuqu\u00e9n \u2013 Chapelco \/ San Mart\u00edn de los Andes (3 frecuencias semanales):<\/strong> <ul> <li>Martes, jueves y s\u00e1bados: Salida desde la ciudad de Neuqu\u00e9n a las 10:00 hs con llegada al Aeropuerto Aviador Carlos Campos a las 10:50 hs. El tramo inverso despegar\u00e1 desde Chapelco a las 11:20 hs, aterrizando en la capital provincial a las 12:10 hs.<\/li> <\/ul> <\/li> <\/ul> <div>El aeropuerto de Chapelco (y San Mart\u00edn de los Andes) tendr\u00e1 conexi\u00f3n directa con la ciudad de Neuqu\u00e9n <\/div> <h2>Neuqu\u00e9n como hub regional y las inversiones en infraestructura<\/h2> El desembarco de estos nuevos tramos se da en un contexto de fuerte expansi\u00f3n de la actividad aeron\u00e1utica en la provincia, que consolid\u00f3 a la capital como un hub regional estrat\u00e9gico. Durante el primer semestre de 2026, el flujo de pasajeros en el aeropuerto de la ciudad de Neuqu\u00e9n alcanz\u00f3 los 647.260 usuarios (frente a los 500.916 registrados en 2024), mientras que la terminal de Chapelco moviliz\u00f3 149.233 pasajeros en el mismo per\u00edodo (superando los 129.352 de 2024). Entre los corredores de mayor volumen de tr\u00e1fico conducidos en la provincia durante los primeros seis meses del a\u00f1o destacaron la ruta Neuqu\u00e9n-Aeroparque (61,1% de participaci\u00f3n), Chapelco-Aeroparque (15,2%) y Neuqu\u00e9n-C\u00f3rdoba (7,6%). En tanto, los tramos de mayor crecimiento interanual fueron Neuqu\u00e9n-Ezeiza (+86,8%) y la ruta hacia Rinc\u00f3n de los Sauces \u2014que experiment\u00f3 un incremento del 3.100%\u2014, a lo que se sum\u00f3 el lanzamiento del vuelo internacional Neuqu\u00e9n-Santiago de Chile. Para sostener este incremento del tr\u00e1fico a\u00e9reo, la provincia viene ejecutando importantes obras edilicias. En el Aeropuerto de Chapelco se duplic\u00f3 la superficie operativa con m\u00e1s de 1.000 metros cuadrados cubiertos que incorporaron un nuevo hall de embarque para 108 personas, ocho locales comerciales, sanitarios renovados y oficinas. Asimismo, durante este a\u00f1o se puso en marcha una obra complementaria por 654,6 millones de pesos para reforzar sectores estructurales del edificio, garantizando la operatividad normal de los vuelos. <\/div><\/div><\/div><\/p>\n                                        \n                                        \n                                        <p>Fuente: <a href=\"https:\/\/www.iprofesional.com\/negocios\/461657-la-aerolinea-american-jet-apuesta-a-vuelos-internos-en-esta-provincia-con-dos-rutas-nuevas\">Enlace original<\/a><\/p>\n                                        ","protected":false},"excerpt":{"rendered":"<p>La compa\u00f1\u00eda a\u00e9rea, que de a poco intenta establecer rutas comerciales dentro del pa\u00eds, confirm\u00f3 el inicio de operaciones interprovinciales 05\/08\/2026 &#8211; 18:46hs El mapa del transporte a\u00e9reo argentino suma un hito clave en materia de federalizaci\u00f3n y conectividad regional. La compa\u00f1\u00eda a\u00e9rea American Jet, caracterizada por identificar y explotar nichos comerciales poco atendidos por [&hellip;]<\/p>\n","protected":false},"author":1,"featured_media":820,"comment_status":"open","ping_status":"","sticky":false,"template":"template-ancho-completo.php","format":"standard","meta":{"content-type":"","footnotes":"","jetpack_publicize_message":"","jetpack_publicize_feature_enabled":true,"jetpack_social_post_already_shared":true,"jetpack_social_options":{"image_generator_settings":{"template":"highway","default_image_id":0,"font":"","enabled":false},"version":2}},"categories":[58],"tags":[],"class_list":["post-2472","post","type-post","status-publish","format-standard","has-post-thumbnail","hentry","category-iprofessional"],"aioseo_notices":[],"jetpack_publicize_connections":[],"_links":{"self":[{"href":"https:\/\/contabilidadfamiliar.com\/index.php\/wp-json\/wp\/v2\/posts\/2472","targetHints":{"allow":["GET"]}}],"collection":[{"href":"https:\/\/contabilidadfamiliar.com\/index.php\/wp-json\/wp\/v2\/posts"}],"about":[{"href":"https:\/\/contabilidadfamiliar.com\/index.php\/wp-json\/wp\/v2\/types\/post"}],"author":[{"embeddable":true,"href":"https:\/\/contabilidadfamiliar.com\/index.php\/wp-json\/wp\/v2\/users\/1"}],"replies":[{"embeddable":true,"href":"https:\/\/contabilidadfamiliar.com\/index.php\/wp-json\/wp\/v2\/comments?post=2472"}],"version-history":[{"count":0,"href":"https:\/\/contabilidadfamiliar.com\/index.php\/wp-json\/wp\/v2\/posts\/2472\/revisions"}],"wp:featuredmedia":[{"embeddable":true,"href":"https:\/\/contabilidadfamiliar.com\/index.php\/wp-json\/wp\/v2\/media\/820"}],"wp:attachment":[{"href":"https:\/\/contabilidadfamiliar.com\/index.php\/wp-json\/wp\/v2\/media?parent=2472"}],"wp:term":[{"taxonomy":"category","embeddable":true,"href":"https:\/\/contabilidadfamiliar.com\/index.php\/wp-json\/wp\/v2\/categories?post=2472"},{"taxonomy":"post_tag","embeddable":true,"href":"https:\/\/contabilidadfamiliar.com\/index.php\/wp-json\/wp\/v2\/tags?post=2472"}],"curies":[{"name":"wp","href":"https:\/\/api.w.org\/{rel}","templated":true}]}}