{"id":2450,"date":"2026-08-04T04:35:55","date_gmt":"2026-08-04T04:35:55","guid":{"rendered":"https:\/\/contabilidadfamiliar.com\/index.php\/2026\/08\/04\/el-consumo-volvio-a-caer-en-junio-perdio-16-contra-mayo\/"},"modified":"2026-08-04T04:35:55","modified_gmt":"2026-08-04T04:35:55","slug":"el-consumo-volvio-a-caer-en-junio-perdio-16-contra-mayo","status":"publish","type":"post","link":"https:\/\/contabilidadfamiliar.com\/index.php\/2026\/08\/04\/el-consumo-volvio-a-caer-en-junio-perdio-16-contra-mayo\/","title":{"rendered":"El consumo volvi\u00f3 a caer en junio: perdi\u00f3 1,6% contra mayo"},"content":{"rendered":" \n                                        <p><div class=\"extracted-content\"><div id=\"readability-page-1\" class=\"page\"><div id=\"cuerpo\">En junio de 2026, el Indicador de <a href=\"https:\/\/www.clarin.com\/economia\/mundial-crecen-expectativas-repunte-llegara-reactivacion-segundo-semestre_0_rwialaesJL.html\" target=\"_blank\" title=\"Consumo\" alt=\"Consumo\">Consumo<\/a> (IC) de la C\u00e1mara Argentina de Comercio y Servicios (CAC) <strong>cay\u00f3 1% contra el mismo mes el a\u00f1o anterior y cedi\u00f3 1,6% frente a mayo de 2026.<\/strong>Con estos datos, el indicador se suma a otros registros que dan cuenta de una retracci\u00f3n en el consumo que no termina de tocar fondo.Este indicador desarrollado por la CAC<strong> refleja la evoluci\u00f3n del consumo de los hogares en bienes y servicios finales con una periodicidad mensual<\/strong> y permite complementar los aportes de informaci\u00f3n que realiza la C\u00e1mara al seguimiento del comercio y la actividad econ\u00f3mica.El rubro de indumentaria y calzado tuvo <strong>una ca\u00edda de 4,6% <\/strong>interanual en junio, mientras el cap\u00edtulo de transporte y veh\u00edculos mostr\u00f3 un retroceso del 7,4%. El desempe\u00f1o de este rubro se explica por la baja en el patentamiento de autom\u00f3viles, que atraves\u00f3<strong> una contracci\u00f3n interanual de 17,9%.<\/strong>Recreaci\u00f3n y cultura mostr\u00f3 en junio <strong>una merma de 8,1%. &#8220;<\/strong>Ante un ingreso real que contin\u00faa sin mostrar un vigoroso crecimiento, las actividades de ocio y placer son relativamente relegadas&#8221;, plantea el informe de la CAC.El apartado de vivienda, alquileres y servicios p\u00fablicos <strong>mostr\u00f3 un crecimiento estimado de 9,4% en juni<\/strong>o respecto al mismo mes de 2025. Este fuerte alza est\u00e1 explicada por un gran avance de la demanda el\u00e9ctrica, que creci\u00f3 18,5% interanual.<strong>Despu\u00e9s de dos meses positivos, el \u00edndice de la CAC volvi\u00f3 a caer en junio<\/strong>. &#8220;La <a href=\"https:\/\/www.clarin.com\/economia\/mundial-crecen-expectativas-repunte-llegara-reactivacion-segundo-semestre_0_rwialaesJL.html\" target=\"_blank\" title=\"desaceleraci\u00f3n de la inflaci\u00f3n \" alt=\"desaceleraci\u00f3n de la inflaci\u00f3n \">desaceleraci\u00f3n de la inflaci\u00f3n <\/a>observada durante los \u00faltimos meses descomprime la presi\u00f3n sobre los ingresos reales de los hogares. Si bien el ingreso disponible retrocedi\u00f3 en t\u00e9rminos interanuales durante los meses recientes, cabe considerar que esta comparaci\u00f3n se hace contra aquellos de 2025 donde ya hab\u00eda sucedido una recuperaci\u00f3n de niveles tras el fuerte descenso de 2024. La continuaci\u00f3n del sendero desinflacionario puede ser la clave para volver a empujar el crecimiento del ingreso de los hogares (y por ende su capacidad de consumo) en los pr\u00f3ximos meses&#8221;, consignaron.Pese al retroceso que muestra el consumo, la C\u00e1mara estima un ingreso nominal promedio por hogar de <strong>$ 3.164.000 <\/strong>en junio, un avance real de 0,8% respecto a mayo.A la vez, el informe menciona que <strong>el cr\u00e9dito a los hogares contin\u00faa en una tendencia declinante, aunque ha moderado su ca\u00edda<\/strong>. As\u00ed, &#8220;pone un l\u00edmite al consumo de bienes durables&#8221;.Tambi\u00e9n apuntan que <strong>&#8220;parece incierto cu\u00e1l puede ser el rubro que estimule el consumo durante los pr\u00f3ximos meses si los durables detienen su marcha<\/strong>. La ca\u00edda en la mora y la consecuente reaparici\u00f3n del cr\u00e9dito ser\u00e1n condiciones necesarias para volver a encender el consumo de veh\u00edculos, electrodom\u00e9sticos e inmuebles, que puede llevar al consumo general a niveles superiores&#8221;. <\/div><\/div><\/div><\/p>\n                                        \n                                        \n                                        <p>Fuente: <a href=\"https:\/\/www.clarin.com\/economia\/consumo-volvio-caer-junio-perdio-16-mayo_0_rMDwjBPf77.html\">Enlace original<\/a><\/p>\n                                        ","protected":false},"excerpt":{"rendered":"<p>En junio de 2026, el Indicador de Consumo (IC) de la C\u00e1mara Argentina de Comercio y Servicios (CAC) cay\u00f3 1% contra el mismo mes el a\u00f1o anterior y cedi\u00f3 1,6% frente a mayo de 2026.Con estos datos, el indicador se suma a otros registros que dan cuenta de una retracci\u00f3n en el consumo que no [&hellip;]<\/p>\n","protected":false},"author":1,"featured_media":820,"comment_status":"open","ping_status":"","sticky":false,"template":"template-ancho-completo.php","format":"standard","meta":{"content-type":"","footnotes":"","jetpack_publicize_message":"","jetpack_publicize_feature_enabled":true,"jetpack_social_post_already_shared":true,"jetpack_social_options":{"image_generator_settings":{"template":"highway","default_image_id":0,"font":"","enabled":false},"version":2}},"categories":[125],"tags":[],"class_list":["post-2450","post","type-post","status-publish","format-standard","has-post-thumbnail","hentry","category-clarin"],"aioseo_notices":[],"jetpack_publicize_connections":[],"_links":{"self":[{"href":"https:\/\/contabilidadfamiliar.com\/index.php\/wp-json\/wp\/v2\/posts\/2450","targetHints":{"allow":["GET"]}}],"collection":[{"href":"https:\/\/contabilidadfamiliar.com\/index.php\/wp-json\/wp\/v2\/posts"}],"about":[{"href":"https:\/\/contabilidadfamiliar.com\/index.php\/wp-json\/wp\/v2\/types\/post"}],"author":[{"embeddable":true,"href":"https:\/\/contabilidadfamiliar.com\/index.php\/wp-json\/wp\/v2\/users\/1"}],"replies":[{"embeddable":true,"href":"https:\/\/contabilidadfamiliar.com\/index.php\/wp-json\/wp\/v2\/comments?post=2450"}],"version-history":[{"count":0,"href":"https:\/\/contabilidadfamiliar.com\/index.php\/wp-json\/wp\/v2\/posts\/2450\/revisions"}],"wp:featuredmedia":[{"embeddable":true,"href":"https:\/\/contabilidadfamiliar.com\/index.php\/wp-json\/wp\/v2\/media\/820"}],"wp:attachment":[{"href":"https:\/\/contabilidadfamiliar.com\/index.php\/wp-json\/wp\/v2\/media?parent=2450"}],"wp:term":[{"taxonomy":"category","embeddable":true,"href":"https:\/\/contabilidadfamiliar.com\/index.php\/wp-json\/wp\/v2\/categories?post=2450"},{"taxonomy":"post_tag","embeddable":true,"href":"https:\/\/contabilidadfamiliar.com\/index.php\/wp-json\/wp\/v2\/tags?post=2450"}],"curies":[{"name":"wp","href":"https:\/\/api.w.org\/{rel}","templated":true}]}}