{"id":2446,"date":"2026-08-04T04:19:31","date_gmt":"2026-08-04T04:19:31","guid":{"rendered":"https:\/\/contabilidadfamiliar.com\/index.php\/2026\/08\/04\/nineras-cuanto-cobran-por-hora-y-por-mes-en-agosto-de-2026\/"},"modified":"2026-08-04T04:19:31","modified_gmt":"2026-08-04T04:19:31","slug":"nineras-cuanto-cobran-por-hora-y-por-mes-en-agosto-de-2026","status":"publish","type":"post","link":"https:\/\/contabilidadfamiliar.com\/index.php\/2026\/08\/04\/nineras-cuanto-cobran-por-hora-y-por-mes-en-agosto-de-2026\/","title":{"rendered":"Ni\u00f1eras: cu\u00e1nto cobran por hora y por mes en agosto de 2026"},"content":{"rendered":" \n                                        <p><div class=\"extracted-content\"><div id=\"readability-page-1\" class=\"page\"><article> Las <strong>ni\u00f1eras<\/strong> seguir\u00e1n cobrando en <strong>agosto de 2026<\/strong> los mismos valores vigentes desde julio, ya que <mark><strong>no habr\u00e1 aumentos salariales<\/strong><\/mark> durante este mes. La escala fue fijada por la <strong>Comisi\u00f3n Nacional de Trabajo en Casas Particulares<\/strong> y contempla diferencias seg\u00fan la modalidad <strong>con o sin retiro<\/strong>, adem\u00e1s de adicionales por <strong>antig\u00fcedad<\/strong> y <strong>zona desfavorable<\/strong>. <h2><strong>Cu\u00e1nto cobra una ni\u00f1era por hora en agosto<\/strong><\/h2>Las ni\u00f1eras integran la categor\u00eda de <strong>&#8220;asistencia y cuidado no terap\u00e9utico de personas&#8221;<\/strong>, que incluye el cuidado de <strong>ni\u00f1os<\/strong>, <strong>adolescentes<\/strong>, adultos mayores y personas con discapacidad o enfermedad, siempre que no se trate de tareas terap\u00e9uticas. En <strong>agosto<\/strong>, el valor m\u00ednimo es de <strong>$3.996,45 por hora con retiro<\/strong> y <strong>$4.435,86 por hora sin retiro<\/strong>. En tanto, el salario mensual asciende a <strong>$505.302,76 con retiro<\/strong> y <strong>$558.972,92 sin retiro<\/strong>. Estos montos corresponden a la \u00faltima actualizaci\u00f3n salarial, que incorpor\u00f3 de manera definitiva al sueldo b\u00e1sico la totalidad de la suma no remunerativa acordada en marzo. El \u00faltimo incremento fue del <strong>1,4%<\/strong> y comenz\u00f3 a regir en julio. <h2><strong>C\u00f3mo quedan los salarios de las empleadas dom\u00e9sticas<\/strong><\/h2>La escala salarial del personal de casas particulares contin\u00faa sin cambios durante agosto. Los valores m\u00ednimos por categor\u00eda son los siguientes: <div> <a href=\"https:\/\/eleconomista.com.ar\/economia\/arca-elimino-limite-clave-exportar-correo-cambia-ahora-n97109\" title=\"ARCA elimin\u00f3 un l\u00edmite clave para exportar por correo: qu\u00e9 cambia desde ahora\"><\/a>  <\/div> <ul><li><strong>Supervisores:<\/strong> $4.438,77 por hora con retiro y $4.829,13 sin retiro. Sueldo mensual: $553.725,91 y $612.673,11.<\/li><li><strong>Tareas espec\u00edficas:<\/strong> $4.223,25 por hora con retiro y $4.597,18 sin retiro. Sueldo mensual: $517.006,43 y $571.426,17.<\/li><li><strong>Caseros:<\/strong> $3.996,45 por hora y $505.302,76 mensuales.<\/li><li><strong>Asistencia y cuidado de personas (ni\u00f1eras):<\/strong> $3.996,45 por hora con retiro y $4.435,86 sin retiro. Sueldo mensual: $505.302,76 y $558.972,92.<\/li><li><strong>Tareas generales:<\/strong> $3.733,72 por hora con retiro y $3.996,45 sin retiro. Sueldo mensual: $458.053,22 y $505.302,76.<\/li><\/ul>Si una trabajadora realiza tareas correspondientes a m\u00e1s de una categor\u00eda, deber\u00e1 percibir el salario de la <strong>categor\u00eda mejor remunerada<\/strong>. <h2><strong>Qu\u00e9 adicionales pueden aumentar el salario<\/strong><\/h2>Adem\u00e1s del sueldo b\u00e1sico, pueden sumarse dos adicionales previstos por la normativa vigente. El primero es el <strong>adicional por antig\u00fcedad<\/strong>, equivalente al <strong>1% del salario mensual por cada a\u00f1o trabajado<\/strong> desde el 1\u00b0 de septiembre de 2020. El segundo es el <strong>adicional por zona desfavorable<\/strong>, que representa un <strong>31% sobre el salario m\u00ednimo<\/strong> y corresponde a quienes trabajan en <strong>La Pampa<\/strong>, <strong>R\u00edo Negro<\/strong>, <strong>Neuqu\u00e9n<\/strong>, <strong>Chubut<\/strong>, <strong>Santa Cruz<\/strong>, <strong>Tierra del Fuego<\/strong>, <strong>Ant\u00e1rtida e Islas del Atl\u00e1ntico Sur<\/strong>, adem\u00e1s del partido bonaerense de <strong>Patagones<\/strong>. <div> <a href=\"https:\/\/eleconomista.com.ar\/economia\/cavallo-respaldo-reforma-banco-central-milei-pero-le-hizo-dos-pedidos-clave-n97107\" title=\"Cavallo respald\u00f3 la reforma del Banco Central de Milei, pero le hizo dos pedidos clave\"><\/a>  <\/div> <h2><strong>Por qu\u00e9 no hubo aumento en agosto<\/strong><\/h2>La \u00faltima actualizaci\u00f3n salarial fue establecida por la <strong>Resoluci\u00f3n N\u00b0 4\/2026<\/strong>, que dispuso incrementos escalonados entre abril y julio. Con la suba del <strong>1,4% aplicada en julio<\/strong>, el acuerdo paritario qued\u00f3 completamente ejecutado y, hasta el momento, <strong>la Comisi\u00f3n Nacional de Trabajo en Casas Particulares no convoc\u00f3 a una nueva negociaci\u00f3n salarial<\/strong>. Por ese motivo, <strong>los valores de agosto son exactamente los mismos que los de julio<\/strong> y seguir\u00e1n vigentes hasta que se alcance un nuevo acuerdo paritario. <div> <a href=\"https:\/\/eleconomista.com.ar\/economia\/las-billeteras-virtuales-ya-desplazaron-efectivo-argentina-dato-impactante-confirma-cambio-n97105\" title=\"Las billeteras virtuales ya desplazaron al efectivo en Argentina: el dato impactante que confirma el cambio\"><\/a>  <\/div> <a href=\"https:\/\/www.google.com\/preferences\/source?q=eleconomista.com.ar\" target=\"_blank\" rel=\"noopener nofollow\">   <span>Segu\u00ed a El Economista en Google<\/span> <span>Agreganos a tus medios preferidos.<\/span>  + Agregar <\/a> <\/article><\/div><\/div><\/p>\n                                        \n                                        \n                                        <p>Fuente: <a href=\"https:\/\/eleconomista.com.ar\/economia\/nineras-cuanto-cobran-hora-mes-agosto-2026-n97110\">Enlace original<\/a><\/p>\n                                        ","protected":false},"excerpt":{"rendered":"<p>Las ni\u00f1eras seguir\u00e1n cobrando en agosto de 2026 los mismos valores vigentes desde julio, ya que no habr\u00e1 aumentos salariales durante este mes. La escala fue fijada por la Comisi\u00f3n Nacional de Trabajo en Casas Particulares y contempla diferencias seg\u00fan la modalidad con o sin retiro, adem\u00e1s de adicionales por antig\u00fcedad y zona desfavorable. Cu\u00e1nto [&hellip;]<\/p>\n","protected":false},"author":1,"featured_media":820,"comment_status":"open","ping_status":"","sticky":false,"template":"template-ancho-completo.php","format":"standard","meta":{"content-type":"","footnotes":"","jetpack_publicize_message":"","jetpack_publicize_feature_enabled":true,"jetpack_social_post_already_shared":true,"jetpack_social_options":{"image_generator_settings":{"template":"highway","default_image_id":0,"font":"","enabled":false},"version":2}},"categories":[59],"tags":[],"class_list":["post-2446","post","type-post","status-publish","format-standard","has-post-thumbnail","hentry","category-eleconomista"],"aioseo_notices":[],"jetpack_publicize_connections":[],"_links":{"self":[{"href":"https:\/\/contabilidadfamiliar.com\/index.php\/wp-json\/wp\/v2\/posts\/2446","targetHints":{"allow":["GET"]}}],"collection":[{"href":"https:\/\/contabilidadfamiliar.com\/index.php\/wp-json\/wp\/v2\/posts"}],"about":[{"href":"https:\/\/contabilidadfamiliar.com\/index.php\/wp-json\/wp\/v2\/types\/post"}],"author":[{"embeddable":true,"href":"https:\/\/contabilidadfamiliar.com\/index.php\/wp-json\/wp\/v2\/users\/1"}],"replies":[{"embeddable":true,"href":"https:\/\/contabilidadfamiliar.com\/index.php\/wp-json\/wp\/v2\/comments?post=2446"}],"version-history":[{"count":0,"href":"https:\/\/contabilidadfamiliar.com\/index.php\/wp-json\/wp\/v2\/posts\/2446\/revisions"}],"wp:featuredmedia":[{"embeddable":true,"href":"https:\/\/contabilidadfamiliar.com\/index.php\/wp-json\/wp\/v2\/media\/820"}],"wp:attachment":[{"href":"https:\/\/contabilidadfamiliar.com\/index.php\/wp-json\/wp\/v2\/media?parent=2446"}],"wp:term":[{"taxonomy":"category","embeddable":true,"href":"https:\/\/contabilidadfamiliar.com\/index.php\/wp-json\/wp\/v2\/categories?post=2446"},{"taxonomy":"post_tag","embeddable":true,"href":"https:\/\/contabilidadfamiliar.com\/index.php\/wp-json\/wp\/v2\/tags?post=2446"}],"curies":[{"name":"wp","href":"https:\/\/api.w.org\/{rel}","templated":true}]}}