{"id":2445,"date":"2026-08-04T04:15:25","date_gmt":"2026-08-04T04:15:25","guid":{"rendered":"https:\/\/contabilidadfamiliar.com\/index.php\/2026\/08\/04\/pymes-caputo-anuncio-una-devolucion-de-iva-por-50-000-millones\/"},"modified":"2026-08-04T04:15:25","modified_gmt":"2026-08-04T04:15:25","slug":"pymes-caputo-anuncio-una-devolucion-de-iva-por-50-000-millones","status":"publish","type":"post","link":"https:\/\/contabilidadfamiliar.com\/index.php\/2026\/08\/04\/pymes-caputo-anuncio-una-devolucion-de-iva-por-50-000-millones\/","title":{"rendered":"Pymes: Caputo anunci\u00f3 una devoluci\u00f3n de IVA por $50.000 millones"},"content":{"rendered":" \n                                        <p><div class=\"extracted-content\"><div id=\"readability-page-1\" class=\"page\"><article> El ministro de Econom\u00eda, <strong>Luis Caputo<\/strong>, anunci\u00f3 que el Gobierno ampliar\u00e1 el esquema de devoluci\u00f3n del <strong>Impuesto al Valor Agregado (IVA)<\/strong> para las <strong>pymes<\/strong>, con un monto de reintegros que ascender\u00e1 a <mark><strong>$50.000 millones<\/strong><\/mark>. La iniciativa busca <strong>mejorar la liquidez<\/strong> de las empresas en un contexto de <strong>elevado costo financiero<\/strong> y dificultades para acceder al cr\u00e9dito, aunque especialistas plantearon interrogantes sobre c\u00f3mo se implementar\u00e1. <h2><strong>Qu\u00e9 anunci\u00f3 Caputo para las pymes<\/strong><\/h2>Durante una entrevista televisiva, el ministro sostuvo que las peque\u00f1as y medianas empresas enfrentan actualmente dos grandes problemas: <strong>el alto costo del financiamiento<\/strong> y las fiscalizaciones de organismos como <strong>ARCA<\/strong> y <strong>ARBA<\/strong>. <strong>&#8220;Sacamos la moratoria y ahora vamos a aumentar el monto de los reintegros por IVA que muchas pymes tienen. Y el aumento que estamos haciendo, que va a ser $50.000 millones, va a ser especialmente para pymes. Esperamos que le d\u00e9 un alivio importante&#8221;<\/strong>, afirm\u00f3 Caputo. La medida comenzar\u00e1 a aplicarse en los pr\u00f3ximos d\u00edas. <h2><strong>Qu\u00e9 saldos de IVA se devolver\u00e1n<\/strong><\/h2>Fuentes del Ministerio de Econom\u00eda precisaron que el esquema abarcar\u00e1 <strong>el IVA por bienes de uso<\/strong>, <strong>el IVA vinculado a exportaciones<\/strong> y <strong>los saldos de libre disponibilidad<\/strong>, aunque aclararon que <strong>&#8220;la mayor\u00eda son IVA exportaciones&#8221;<\/strong>. El objetivo es acelerar la devoluci\u00f3n de cr\u00e9ditos fiscales que hoy permanecen inmovilizados en ARCA para que esos recursos vuelvan al circuito productivo y reduzcan el costo financiero que enfrentan las empresas. Seg\u00fan explic\u00f3 a Infobae <strong>Noelia Girardi<\/strong>, gerente de Impuestos de Lisicki, Litvin &amp; Abelovich, estos saldos a favor se generan cuando las compras superan a las ventas gravadas, por la adquisici\u00f3n de bienes de capital o por operaciones de exportaci\u00f3n. <strong>&#8220;Ese IVA se puede generar porque el contribuyente compra m\u00e1s de lo que vende; o porque compra bienes de uso; o porque exporta bienes o servicios y esas actividades no est\u00e1n alcanzadas por IVA, pero cuando hac\u00e9s compras para lo que est\u00e1s exportando genera el saldo a favor&#8221;<\/strong>, detall\u00f3. <h2><strong>Las dudas de los tributaristas<\/strong><\/h2>Pese al anuncio, algunos especialistas manifestaron reparos sobre el alcance de la medida. <strong>Sebasti\u00e1n Dom\u00ednguez<\/strong>, CEO de SDC Asesores Tributarios, se\u00f1al\u00f3: <strong>&#8220;Es medio raro, porque para el recupero de IVA vinculado a exportaciones eso no tiene ning\u00fan tope presupuestario. S\u00ed, como hay retrasos, pueden adelantar la devoluci\u00f3n, pero es raro que sea para las dos cosas&#8221;<\/strong>. El tributarista explic\u00f3 que el recupero de IVA por exportaciones ya est\u00e1 previsto en la legislaci\u00f3n y que el principal problema son las demoras administrativas. <strong>&#8220;Puede ser que destinen m\u00e1s fondos para devolv\u00e9rselo m\u00e1s r\u00e1pido, lo que es muy positivo, porque cuando ese saldo est\u00e1 inmovilizado genera un costo financiero que se traslada a los precios de los productos o servicios que se exportan. Lo que me suena raro es que se aplique a las dos cosas indistintamente; hay menos casos de devoluci\u00f3n de IVA por bienes de uso, tiene muchas condiciones, es peligroso pedirlo&#8221;<\/strong>, advirti\u00f3 a Infobae. <h2><strong>El anuncio lleg\u00f3 tras el mensaje del FMI<\/strong><\/h2>La decisi\u00f3n se conoci\u00f3 pocos d\u00edas despu\u00e9s de la visita de <strong>Kristalina Georgieva<\/strong> a <strong>Argentina<\/strong>. Durante su paso por el pa\u00eds, la directora gerente del <strong>FMI<\/strong> puso el foco en la situaci\u00f3n de las pymes y destac\u00f3 que son <strong>las principales generadoras de empleo formal<\/strong>, al tiempo que remarc\u00f3 la importancia de fortalecer su acceso al financiamiento. El anuncio tambi\u00e9n se produce despu\u00e9s de que, meses atr\u00e1s, se registrara un fuerte freno en las devoluciones de IVA. En marzo, los informes oficiales mostraron que <strong>los reintegros fueron nulos<\/strong>, mientras que un a\u00f1o antes hab\u00edan alcanzado <strong>$50.000 millones<\/strong>, un contexto que hab\u00eda generado reclamos del sector exportador y de las empresas que acumulaban cr\u00e9ditos fiscales. <a href=\"https:\/\/www.google.com\/preferences\/source?q=eleconomista.com.ar\" target=\"_blank\" rel=\"noopener nofollow\">   <span>Segu\u00ed a El Economista en Google<\/span> <span>Agreganos a tus medios preferidos.<\/span>  + Agregar <\/a> <\/article><\/div><\/div><\/p>\n                                        \n                                        \n                                        <p>Fuente: <a href=\"https:\/\/eleconomista.com.ar\/economia\/pymes-caputo-anuncio-una-devolucion-iva-50000-millones-n97111\">Enlace original<\/a><\/p>\n                                        ","protected":false},"excerpt":{"rendered":"<p>El ministro de Econom\u00eda, Luis Caputo, anunci\u00f3 que el Gobierno ampliar\u00e1 el esquema de devoluci\u00f3n del Impuesto al Valor Agregado (IVA) para las pymes, con un monto de reintegros que ascender\u00e1 a $50.000 millones. La iniciativa busca mejorar la liquidez de las empresas en un contexto de elevado costo financiero y dificultades para acceder al [&hellip;]<\/p>\n","protected":false},"author":1,"featured_media":820,"comment_status":"open","ping_status":"","sticky":false,"template":"template-ancho-completo.php","format":"standard","meta":{"content-type":"","footnotes":"","jetpack_publicize_message":"","jetpack_publicize_feature_enabled":true,"jetpack_social_post_already_shared":true,"jetpack_social_options":{"image_generator_settings":{"template":"highway","default_image_id":0,"font":"","enabled":false},"version":2}},"categories":[59],"tags":[],"class_list":["post-2445","post","type-post","status-publish","format-standard","has-post-thumbnail","hentry","category-eleconomista"],"aioseo_notices":[],"jetpack_publicize_connections":[],"_links":{"self":[{"href":"https:\/\/contabilidadfamiliar.com\/index.php\/wp-json\/wp\/v2\/posts\/2445","targetHints":{"allow":["GET"]}}],"collection":[{"href":"https:\/\/contabilidadfamiliar.com\/index.php\/wp-json\/wp\/v2\/posts"}],"about":[{"href":"https:\/\/contabilidadfamiliar.com\/index.php\/wp-json\/wp\/v2\/types\/post"}],"author":[{"embeddable":true,"href":"https:\/\/contabilidadfamiliar.com\/index.php\/wp-json\/wp\/v2\/users\/1"}],"replies":[{"embeddable":true,"href":"https:\/\/contabilidadfamiliar.com\/index.php\/wp-json\/wp\/v2\/comments?post=2445"}],"version-history":[{"count":0,"href":"https:\/\/contabilidadfamiliar.com\/index.php\/wp-json\/wp\/v2\/posts\/2445\/revisions"}],"wp:featuredmedia":[{"embeddable":true,"href":"https:\/\/contabilidadfamiliar.com\/index.php\/wp-json\/wp\/v2\/media\/820"}],"wp:attachment":[{"href":"https:\/\/contabilidadfamiliar.com\/index.php\/wp-json\/wp\/v2\/media?parent=2445"}],"wp:term":[{"taxonomy":"category","embeddable":true,"href":"https:\/\/contabilidadfamiliar.com\/index.php\/wp-json\/wp\/v2\/categories?post=2445"},{"taxonomy":"post_tag","embeddable":true,"href":"https:\/\/contabilidadfamiliar.com\/index.php\/wp-json\/wp\/v2\/tags?post=2445"}],"curies":[{"name":"wp","href":"https:\/\/api.w.org\/{rel}","templated":true}]}}