{"id":2439,"date":"2026-08-04T03:50:37","date_gmt":"2026-08-04T03:50:37","guid":{"rendered":"https:\/\/contabilidadfamiliar.com\/index.php\/2026\/08\/04\/la-recaudacion-crecio-empujada-por-ganancias-y-el-iva-dio-una-senal-positiva-sobre-la-reactivacion\/"},"modified":"2026-08-04T03:50:37","modified_gmt":"2026-08-04T03:50:37","slug":"la-recaudacion-crecio-empujada-por-ganancias-y-el-iva-dio-una-senal-positiva-sobre-la-reactivacion","status":"publish","type":"post","link":"https:\/\/contabilidadfamiliar.com\/index.php\/2026\/08\/04\/la-recaudacion-crecio-empujada-por-ganancias-y-el-iva-dio-una-senal-positiva-sobre-la-reactivacion\/","title":{"rendered":"La recaudaci\u00f3n creci\u00f3 empujada por Ganancias y el IVA dio una se\u00f1al positiva sobre la reactivaci\u00f3n"},"content":{"rendered":" \n                                        <p><div class=\"extracted-content\"><div id=\"readability-page-1\" class=\"page\"><div> <h3>Puntos importantes<\/h3>  <span>La recaudaci\u00f3n tributaria de julio aument\u00f3 1% real interanual, impulsada por Ganancias con un +64,7% por vencimientos.<\/span>   <span>Sin Ganancias, la recaudaci\u00f3n fiscal total cay\u00f3 3,8% real; el IVA subi\u00f3 5,8%, una luz de esperanza para el consumo.<\/span>   <span>Los aranceles de importaci\u00f3n se desplomaron 26% real, evidenciando una ca\u00edda en compras de capital e industria.<\/span>  <\/div><div> <span>El Gobierno est\u00e1 celebrando <strong>el regreso al aumento de la recaudaci\u00f3n tributaria<\/strong>, algo que se esperaba con ansiedad despu\u00e9s del d\u00e9ficit en las cuentas fiscales registrado el mes pasado. Pero, tal como hab\u00eda ocurrido en mayo, hay factores en el pago de <strong>Ganancias <\/strong>que <strong>distorsionan la comparaci\u00f3n <\/strong>contra el a\u00f1o pasado. <\/span> Eso implica que es todav\u00eda pronto como para <a href=\"https:\/\/www.iprofesional.com\/economia\/460234-luis-caputo-explica-por-que-hubo-deficit-fiscal-junio-2026\" target=\"_blank\" rel=\"noopener noreferrer\">afirmar que la caja de ARCA <\/a>est\u00e1 en recuperaci\u00f3n. <span>La <strong>recaudaci\u00f3n total mostr\u00f3 en julio un aumento nominal de 35,1%<\/strong>, lo que en t\u00e9rminos reales -es decir, descontando la inflaci\u00f3n- significa&nbsp;<strong>una leve suba de 1% <\/strong>respecto del a\u00f1o pasado. Pero el propio comunicado oficial explica que el mayor rubro de suba, con un 64,7% fue el impuesto a las Ganancias, como consecuencia del<strong> vencimiento especial para el pago<\/strong>&nbsp;del saldo de declaraci\u00f3n jurada, que el a\u00f1o pasado hab\u00eda sido en junio.<\/span> <span>Adem\u00e1s, la recaudaci\u00f3n de Ganancias tambi\u00e9n se vio impactada por la entrada en vigencia de la ley de presunci\u00f3n de inocencia fiscal, que hizo subir los aportes. <\/span><span>Dado que Ganancias<strong> representa un 22% del total <\/strong>de la &#8220;torta&#8221; tributaria, cada situaci\u00f3n que afecte la entrada de ingresos tiene un impacto fuerte sobre toda la recaudaci\u00f3n de impuestos.<\/span> <span>Es as\u00ed que, si se excluye a Ganancias del c\u00e1lculo, entonces el resto de los impuestos ya no muestra una suba interanual sino una ca\u00edda de 3,8%.<\/span> <h2><span>Una luz de esperanza para Luis Caputo en el IVA&nbsp;<\/span><\/h2> <span>Aun as\u00ed, hubo en julio una noticia positiva:<strong> el IVA<\/strong>, que es por excelencia el reflejo de la actividad en la industria y <strong>el comercio tuvo un aumento de 41,4%<\/strong> -sin contar lo que se recauda en la Aduana-. En t\u00e9rminos reales, <strong>implica una mejora interanual de 5,8%<\/strong>.<\/span> <span>No toda esa variaci\u00f3n se explica por un aumento en las ventas, dado que tambi\u00e9n hubo un factor an\u00f3malo: este a\u00f1o, se usaron saldos a favor de otros impuestos para cancelar obligaciones del <strong>IVA<\/strong>, lo cual abulta las cifras.<\/span> <span><span>De todas formas, esta estad\u00edstica da pie a quienes argumentan que empieza a notarse una mejora en el consumo interno.<\/span> Ese es, precisamente, uno de los mayores puntos de controversia entre los economistas, dado que hay<a href=\"https:\/\/www.iprofesional.com\/economia\/460977-los-productos-de-supermercado-que-los-argentinos-compran-cada-vez-menos\" target=\"_blank\" rel=\"noopener noreferrer\"> analistas que contradicen las cifras oficiales<\/a> y sostienen que ya est\u00e1 en curso un proceso recesivo como consecuencia de los bajos salarios y jubilaciones.<\/span> <span>El otro impuesto ligado a la actividad econ\u00f3mica que mostro un crecimiento importante fue<strong> el de los Combustibles,<\/strong> que tuvo una<strong> suba real de 12,5%<\/strong>. Naturalmente, el contexto de crisis global que dispar\u00f3 los precios del petr\u00f3leo y el gas llevaron a que la al\u00edcuota se actualizara acorde a la cotizaci\u00f3n internacional. En consecuencia, lo recaudado por este impuesto aument\u00f3 su incidencia en la recaudaci\u00f3n total: el a\u00f1o pasado era un 2,2% y <strong>ahora representa un 2,8%<\/strong> de lo que ingresa a ARCA.<\/span> <h2><span>Exportaci\u00f3n sube, recaudaci\u00f3n baja<\/span><span><\/span><\/h2> <span>El comunicado oficial destaca, una vez m\u00e1s, la baja din\u00e1mica de las retenciones a la exportaci\u00f3n. Pero <a href=\"https:\/\/www.iprofesional.com\/economia\/458910-nueva-preocupacion-para-luis-caputo-recaudacion-impositiva-volvio-a-caer-fuerte-en-junio\" target=\"_blank\" rel=\"noopener noreferrer\">se trata, esencialmente, de un fen\u00f3meno estad\u00edstico<\/a>. Dado que el a\u00f1o pasado, a esta altura, reg\u00eda un recorte temporario en ese impuesto, se produjo una concentraci\u00f3n extraordinaria de liquidaciones del agro, que luego tuvo una contrapartida de una ca\u00edda exportadora en los meses siguientes.<\/span> <span>Y, efectivamente, la estad\u00edstica muestra que hace un a\u00f1o las retenciones a la exportaci\u00f3n representaron un 6,8% de la recaudaci\u00f3n total. Ahora, en cambio, <strong>el porcentaje baj\u00f3 a un 5%<\/strong>.<\/span> <span>Esto no implica necesariamente que el campo est\u00e9 en un mal momento exportador. M\u00e1s bien al contrario,<span> se acaba de conocer el dato de que el complejo oleaginoso-cerealero -principalmente, soja y derivados-, tuvo un aporte de u$s2.918 millones.<\/span><\/span> <span>Adem\u00e1s de las diferencias en el volumen exportado, tambi\u00e9n influye la <strong>disminuci\u00f3n de la al\u00edcuota<\/strong> del impuesto que, para el caso de la soja, <strong>pas\u00f3 del 26% al 24%<\/strong>. La conjunci\u00f3n de esos factores hizo que el dinero recaudado en julio por las retenciones aparezca peque\u00f1o en relaci\u00f3n con la base de comparaci\u00f3n del a\u00f1o pasado.<\/span> <span><span>La expectativa en el sector agr\u00edcola es<strong> que en los pr\u00f3ximos meses se revierta este fen\u00f3meno<\/strong>, y empiece a notarse un aumento en el aporte de las retenciones a las arcas fiscales. <\/span>Como la comparaci\u00f3n se har\u00e1 contra una base baja de liquidaciones, entonces el rubro de derechos de exportaci\u00f3n volver\u00e1 a empujar la recaudaci\u00f3n.<\/span> <h2><span>Importaciones sin nafta<\/span><\/h2> <span>Mientras tanto, la ca\u00edda que m\u00e1s llama la atenci\u00f3n los rubros de comercio exterior no fue la de retenciones a la exportaci\u00f3n, sino la de los <strong>aranceles y tasas a la importaci\u00f3n<\/strong>, con un desplome de 26% real contra el a\u00f1o pasado.<\/span> <span><span>Es cierto que el gobierno dispuso un recorte en el gravamen para varias categor\u00edas de productos provenientes del exterior, pero se esperaba que eso fuera compensado con un aumento en el volumen de la importaci\u00f3n<\/span>. En cambio, lo que est\u00e1 mostrando la estad\u00edstica del intercambio comercial es que <a href=\"https:\/\/www.iprofesional.com\/economia\/460670-dato-clave-de-balanza-comercial-anticipa-que-industria-nacional-seguira-estancada\" target=\"_blank\" rel=\"noopener noreferrer\">las importaciones siguen cayendo, sobre todo en la compra de bienes de capital y accesorios<\/a> para la industria, lo cual muchos economistas consideran <strong>un s\u00edntoma recesivo.<\/strong><\/span> <span>Eso es, tambi\u00e9n, lo que explica por qu\u00e9 se producen cifras r\u00e9cord de super\u00e1vit comercial: mientras la exportaci\u00f3n de beneficia por una cosecha agr\u00edcola extraordinaria y un boom del precio petrolero, las compras del exterior no mueven la aguja.<\/span> <span>En cuanto a las importaciones de <strong>bienes de consumo<\/strong> y de autom\u00f3viles, las cifras se mantienen estables luego de un gran empuje ocurrido el a\u00f1o pasado. En este momento, <strong>representan m\u00e1s de 20%<\/strong> de las importaciones totales, cuando hace dos a\u00f1os no llegaban a un 15%.<\/span> <\/div><\/div><\/div><\/p>\n                                        \n                                        \n                                        <p>Fuente: <a href=\"https:\/\/www.iprofesional.com\/economia\/461457-arca-recaudacion-volvio-a-crecer-y-el-iva-dio-una-senal-positiva-para-caputo\">Enlace original<\/a><\/p>\n                                        ","protected":false},"excerpt":{"rendered":"<p>Puntos importantes La recaudaci\u00f3n tributaria de julio aument\u00f3 1% real interanual, impulsada por Ganancias con un +64,7% por vencimientos. Sin Ganancias, la recaudaci\u00f3n fiscal total cay\u00f3 3,8% real; el IVA subi\u00f3 5,8%, una luz de esperanza para el consumo. Los aranceles de importaci\u00f3n se desplomaron 26% real, evidenciando una ca\u00edda en compras de capital e [&hellip;]<\/p>\n","protected":false},"author":1,"featured_media":820,"comment_status":"open","ping_status":"","sticky":false,"template":"template-ancho-completo.php","format":"standard","meta":{"content-type":"","footnotes":"","jetpack_publicize_message":"","jetpack_publicize_feature_enabled":true,"jetpack_social_post_already_shared":true,"jetpack_social_options":{"image_generator_settings":{"template":"highway","default_image_id":0,"font":"","enabled":false},"version":2}},"categories":[58],"tags":[],"class_list":["post-2439","post","type-post","status-publish","format-standard","has-post-thumbnail","hentry","category-iprofessional"],"aioseo_notices":[],"jetpack_publicize_connections":[],"_links":{"self":[{"href":"https:\/\/contabilidadfamiliar.com\/index.php\/wp-json\/wp\/v2\/posts\/2439","targetHints":{"allow":["GET"]}}],"collection":[{"href":"https:\/\/contabilidadfamiliar.com\/index.php\/wp-json\/wp\/v2\/posts"}],"about":[{"href":"https:\/\/contabilidadfamiliar.com\/index.php\/wp-json\/wp\/v2\/types\/post"}],"author":[{"embeddable":true,"href":"https:\/\/contabilidadfamiliar.com\/index.php\/wp-json\/wp\/v2\/users\/1"}],"replies":[{"embeddable":true,"href":"https:\/\/contabilidadfamiliar.com\/index.php\/wp-json\/wp\/v2\/comments?post=2439"}],"version-history":[{"count":0,"href":"https:\/\/contabilidadfamiliar.com\/index.php\/wp-json\/wp\/v2\/posts\/2439\/revisions"}],"wp:featuredmedia":[{"embeddable":true,"href":"https:\/\/contabilidadfamiliar.com\/index.php\/wp-json\/wp\/v2\/media\/820"}],"wp:attachment":[{"href":"https:\/\/contabilidadfamiliar.com\/index.php\/wp-json\/wp\/v2\/media?parent=2439"}],"wp:term":[{"taxonomy":"category","embeddable":true,"href":"https:\/\/contabilidadfamiliar.com\/index.php\/wp-json\/wp\/v2\/categories?post=2439"},{"taxonomy":"post_tag","embeddable":true,"href":"https:\/\/contabilidadfamiliar.com\/index.php\/wp-json\/wp\/v2\/tags?post=2439"}],"curies":[{"name":"wp","href":"https:\/\/api.w.org\/{rel}","templated":true}]}}