{"id":2437,"date":"2026-08-04T03:42:22","date_gmt":"2026-08-04T03:42:22","guid":{"rendered":"https:\/\/contabilidadfamiliar.com\/index.php\/2026\/08\/04\/donde-estara-la-nueva-ypf-black-con-locales-comerciales-gastronomicos-y-arquitectura-top\/"},"modified":"2026-08-04T03:42:22","modified_gmt":"2026-08-04T03:42:22","slug":"donde-estara-la-nueva-ypf-black-con-locales-comerciales-gastronomicos-y-arquitectura-top","status":"publish","type":"post","link":"https:\/\/contabilidadfamiliar.com\/index.php\/2026\/08\/04\/donde-estara-la-nueva-ypf-black-con-locales-comerciales-gastronomicos-y-arquitectura-top\/","title":{"rendered":"D\u00f3nde estar\u00e1 la nueva YPF Black con locales comerciales, gastron\u00f3micos y arquitectura top"},"content":{"rendered":" \n                                        <p><div class=\"extracted-content\"><div id=\"readability-page-1\" class=\"page\"><div>  El flamante modelo de estaci\u00f3n de servicio llega a una de las rutas m\u00e1s transitadas del pa\u00eds y estar\u00e1 orientada solo a veh\u00edculos livianos  <strong>03\/08\/2026<\/strong> &#8211; 20:16hs <div> <picture> <source type=\"image\/webp\" media=\"(max-width: 642px)\" srcset=\"https:\/\/resizer.iproimg.com\/unsafe\/384x\/filters:format(webp):quality(75):max_bytes(102400)\/https:\/\/assets.iprofesional.com\/assets\/jpg\/2026\/08\/623066.jpg 384w, https:\/\/resizer.iproimg.com\/unsafe\/512x\/filters:format(webp):quality(75):max_bytes(102400)\/https:\/\/assets.iprofesional.com\/assets\/jpg\/2026\/08\/623066.jpg 512w, https:\/\/resizer.iproimg.com\/unsafe\/640x\/filters:format(webp):quality(75):max_bytes(102400)\/https:\/\/assets.iprofesional.com\/assets\/jpg\/2026\/08\/623066.jpg 640w\" sizes=\"100vw\"> <source type=\"image\/webp\" media=\"(min-width: 642.01px) and (max-width: 1270px)\" srcset=\"https:\/\/resizer.iproimg.com\/unsafe\/614x\/filters:format(webp):quality(75):max_bytes(102400)\/https:\/\/assets.iprofesional.com\/assets\/jpg\/2026\/08\/623066.jpg 614w\" sizes=\"614px\"> <source type=\"image\/webp\" media=\"(min-width: 1270.01px) and (max-width: 1898px)\" srcset=\"https:\/\/resizer.iproimg.com\/unsafe\/928x\/filters:format(webp):quality(75):max_bytes(102400)\/https:\/\/assets.iprofesional.com\/assets\/jpg\/2026\/08\/623066.jpg 928w\" sizes=\"928px\"> <source type=\"image\/webp\" media=\"(min-width: 1898.01px)\" srcset=\"https:\/\/resizer.iproimg.com\/unsafe\/1270x\/filters:format(webp):quality(75):max_bytes(102400)\/https:\/\/assets.iprofesional.com\/assets\/jpg\/2026\/08\/623066.jpg 1270w\" sizes=\"1270px\"> <\/picture> <\/div> <\/div><div> El ingreso a <a href=\"https:\/\/www.iprofesional.com\/turismo\/461453-inminente-estreno-de-los-nuevos-vuelos-directos-a-europa-desde-inedita-ciudad-del-interior\" target=\"_blank\" rel=\"noopener noreferrer\">la ciudad de Rosario<\/a> sumar\u00e1 un megaproyecto de infraestructura y servicios de categor\u00eda internacional. En el marco del plan de <strong>modernizaci\u00f3n de la Autopista Rosario-Santa Fe<\/strong>, el Gobierno provincial confirm\u00f3 que en los pr\u00f3ximos meses comenzar\u00e1 la <strong>construcci\u00f3n de una estaci\u00f3n de servicio bajo el concepto YPF Black, el nuevo formato premium desarrollado por la petrolera de bandera<\/strong>. El flamante establecimiento estar\u00e1 ubicado en el kil\u00f3metro 5 del corredor vial, a muy pocos metros de la intersecci\u00f3n con la avenida Circunvalaci\u00f3n, y estar\u00e1 pensado exclusivamente para veh\u00edculos livianos, excluyendo de manera definitiva el ingreso de camiones y transporte pesado. Seg\u00fan precis\u00f3 el ministro de Obras P\u00fablicas de Santa Fe, Lisandro Enrico, este emprendimiento responde al sostenido incremento de tr\u00e1nsito que experimenta el acceso sur al corredor y busca <strong>igualar los est\u00e1ndares de las grandes paradas viales de los accesos a Buenos Aires o las autopistas cordobesas.<\/strong> La estaci\u00f3n combinar\u00e1 el expendio de combustibles con arquitectura de vanguardia, m\u00faltiples franquicias comerciales, una selecci\u00f3n culinaria de alto nivel y un entorno adaptado al confort absoluto del automovilista de tr\u00e1nsito liviano. <div>El ingreso a Rosario tendr\u00e1 una YPF Black, el nuevo modelo premium de estaci\u00f3n de servicio <\/div> <h2>Qu\u00e9 es YPF Black: gastronom\u00eda de autor y experiencia de clase mundial<\/h2> El concepto YPF Black fue dise\u00f1ado por la compa\u00f1\u00eda nacional como la m\u00e1xima expresi\u00f3n de su red de estaciones de servicio, representando una metamorfosis en el segmento de retail energ\u00e9tico. La marca comenz\u00f3 la segmentaci\u00f3n de sus m\u00e1s de 1.700 estaciones en tres categor\u00edas: el modelo Refiplus (versi\u00f3n accesible para zonas de menor densidad), el modelo N\u00facleo (la tienda tradicional adaptada a los centros urbanos) y el formato Black, destinado a nodos viales estrat\u00e9gicos y p\u00fablicos exigentes. La propuesta Black busca transformar la parada t\u00e9cnica en un destino en s\u00ed mismo. Entre sus pilares principales se destacan: <ul> <li><strong>Atenci\u00f3n y &#8220;Pit Stop&#8221;: <\/strong>Playeros especializados brindan asistencia t\u00e9cnica personalizada al conductor. Adem\u00e1s, incorpora el espacio YPF Pit Stop, dise\u00f1ado para resolver chequeos mec\u00e1nicos r\u00e1pidos y mantenimiento preventivo de forma \u00e1gil y segura.<\/li> <li><strong>Propuesta gastron\u00f3mica de alto nivel: <\/strong>Incorpora alianzas de marca premium y gastronom\u00eda de autor, incluyendo caf\u00e9 de especialidad y la integraci\u00f3n de cadenas de prestigio (como las hamburguesas Carne, desarrolladas por el reconocido chef internacional Mauro Colagreco).<\/li> <li><strong>Espacios de confort e incentivos:<\/strong> Zonas de descanso con dise\u00f1o de vanguardia, conectividad para el trabajo en ruta, puntos de carga para veh\u00edculos el\u00e9ctricos y beneficios exclusivos a trav\u00e9s del programa Serviclub.<\/li> <\/ul> <h2>Santa Fe y el plan para modernizar el resto de las estaciones de la autopista<\/h2> La llegada del formato YPF Black al kil\u00f3metro 5 se enmarca en una renovaci\u00f3n integral de los servicios a lo largo de los 156 kil\u00f3metros que unen a Rosario con la capital provincial, tras la extensi\u00f3n y aprobaci\u00f3n legislativa de la concesi\u00f3n con la petrolera estatal. El plan de obras se ejecuta en dos etapas consecutivas para no interrumpir el abastecimiento en el corredor. Las tareas comenzaron en la estaci\u00f3n ubicada a la altura de <strong>Arocena (kil\u00f3metro 101),<\/strong> que permanecer\u00e1 cerrada por remodelaci\u00f3n completa hasta fines de febrero. Una vez concluidos los trabajos, las obras se trasladar\u00e1n a la boca de expendio de&nbsp;<strong>Villa La Ribera (kil\u00f3metro 28)<\/strong>, donde las tareas de modernizaci\u00f3n de tanques, sanitarios, repavimentaci\u00f3n e iluminaci\u00f3n se extender\u00e1n a lo largo de 2027. Estas intervenciones se suman al mantenimiento permanente del fideicomiso vial, la incorporaci\u00f3n de nuevas tecnolog\u00edas en peajes y el avance de las obras del tercer carril de la autopista. <\/div><\/div><\/div><\/p>\n                                        \n                                        \n                                        <p>Fuente: <a href=\"https:\/\/www.iprofesional.com\/energia\/461463-donde-estara-la-nueva-ypf-black-con-locales-comerciales-gastronomicos-y-arquitectura-top\">Enlace original<\/a><\/p>\n                                        ","protected":false},"excerpt":{"rendered":"<p>El flamante modelo de estaci\u00f3n de servicio llega a una de las rutas m\u00e1s transitadas del pa\u00eds y estar\u00e1 orientada solo a veh\u00edculos livianos 03\/08\/2026 &#8211; 20:16hs El ingreso a la ciudad de Rosario sumar\u00e1 un megaproyecto de infraestructura y servicios de categor\u00eda internacional. En el marco del plan de modernizaci\u00f3n de la Autopista Rosario-Santa [&hellip;]<\/p>\n","protected":false},"author":1,"featured_media":820,"comment_status":"open","ping_status":"","sticky":false,"template":"template-ancho-completo.php","format":"standard","meta":{"content-type":"","footnotes":"","jetpack_publicize_message":"","jetpack_publicize_feature_enabled":true,"jetpack_social_post_already_shared":true,"jetpack_social_options":{"image_generator_settings":{"template":"highway","default_image_id":0,"font":"","enabled":false},"version":2}},"categories":[58],"tags":[],"class_list":["post-2437","post","type-post","status-publish","format-standard","has-post-thumbnail","hentry","category-iprofessional"],"aioseo_notices":[],"jetpack_publicize_connections":[],"_links":{"self":[{"href":"https:\/\/contabilidadfamiliar.com\/index.php\/wp-json\/wp\/v2\/posts\/2437","targetHints":{"allow":["GET"]}}],"collection":[{"href":"https:\/\/contabilidadfamiliar.com\/index.php\/wp-json\/wp\/v2\/posts"}],"about":[{"href":"https:\/\/contabilidadfamiliar.com\/index.php\/wp-json\/wp\/v2\/types\/post"}],"author":[{"embeddable":true,"href":"https:\/\/contabilidadfamiliar.com\/index.php\/wp-json\/wp\/v2\/users\/1"}],"replies":[{"embeddable":true,"href":"https:\/\/contabilidadfamiliar.com\/index.php\/wp-json\/wp\/v2\/comments?post=2437"}],"version-history":[{"count":0,"href":"https:\/\/contabilidadfamiliar.com\/index.php\/wp-json\/wp\/v2\/posts\/2437\/revisions"}],"wp:featuredmedia":[{"embeddable":true,"href":"https:\/\/contabilidadfamiliar.com\/index.php\/wp-json\/wp\/v2\/media\/820"}],"wp:attachment":[{"href":"https:\/\/contabilidadfamiliar.com\/index.php\/wp-json\/wp\/v2\/media?parent=2437"}],"wp:term":[{"taxonomy":"category","embeddable":true,"href":"https:\/\/contabilidadfamiliar.com\/index.php\/wp-json\/wp\/v2\/categories?post=2437"},{"taxonomy":"post_tag","embeddable":true,"href":"https:\/\/contabilidadfamiliar.com\/index.php\/wp-json\/wp\/v2\/tags?post=2437"}],"curies":[{"name":"wp","href":"https:\/\/api.w.org\/{rel}","templated":true}]}}