{"id":2426,"date":"2026-08-04T03:08:40","date_gmt":"2026-08-04T03:08:40","guid":{"rendered":"https:\/\/contabilidadfamiliar.com\/index.php\/2026\/08\/04\/gustavo-arengo-ministro-de-hacienda-de-caba-no-veo-al-dolar-yendo-hacia-el-techo-de-las-bandas\/"},"modified":"2026-08-04T03:08:40","modified_gmt":"2026-08-04T03:08:40","slug":"gustavo-arengo-ministro-de-hacienda-de-caba-no-veo-al-dolar-yendo-hacia-el-techo-de-las-bandas","status":"publish","type":"post","link":"https:\/\/contabilidadfamiliar.com\/index.php\/2026\/08\/04\/gustavo-arengo-ministro-de-hacienda-de-caba-no-veo-al-dolar-yendo-hacia-el-techo-de-las-bandas\/","title":{"rendered":"Gustavo Arengo, ministro de Hacienda de CABA: &#8220;No veo al d\u00f3lar yendo hacia el techo de las bandas&#8221;"},"content":{"rendered":" \n                                        <p><div class=\"extracted-content\"><div id=\"readability-page-1\" class=\"page\"><article><h2 id=\"p-1785797041158-21010\"> El impacto de la ca\u00edda de la econom\u00eda en CABA<\/h2> <p id=\"p-1785789676983-71348\">A pesar del orden macro, a nivel micro la <strong>Ciudad<\/strong> refleja los <strong>cambios econ\u00f3micos que atraviesa el pa\u00eds<\/strong>. Y, en particular, sufre el impacto en los ingresos. &#8220;Lo que viene pasando es algo bastante similar a lo que sucede a nivel nacional. La evoluci\u00f3n de la actividad econ\u00f3mica es bastante heterog\u00e9nea. As\u00ed como a nivel nacional ten\u00e9s sectores ganadores como el agro, energ\u00eda, miner\u00eda, <strong>en la Ciudad el sector financiero es el que ven\u00eda creciendo y era uno de los ganadores. Pero tambi\u00e9n tenemos algunos con ciertas ca\u00eddas como la construcci\u00f3n, la industria y el comercio<\/strong>. <strong>Esa heterogeneidad hace que en este \u00faltimo tiempo, sobre todo desde marzo, empezamos a tener ca\u00eddas de Ingresos Brutos<\/strong>&#8220;, se\u00f1al\u00f3 el ministro. <p id=\"p-1785789838565-71880\">La ca\u00edda en la actividad econ\u00f3mica se refleja tambi\u00e9n en la recaudaci\u00f3n, reconoci\u00f3 Arengo, aunque manifest\u00f3 su optimismo respecto a una recuperaci\u00f3n. &#8220;En estos \u00faltimos meses, con la inflaci\u00f3n cayendo, recuper\u00f3 un poco el salario real de los trabajadores del sector privado como p\u00fablico. Eso motoriza un poco la actividad econ\u00f3mica. Con la baja de tasas de este \u00faltimo tiempo empieza a mejorar un poco la econom\u00eda y estos sectores, que son los m\u00e1s perjudicados, empiezan a crecer&#8221;, expres\u00f3. <p id=\"p-1785790031013-33072\">Respecto a las medidas paliativas para los sectores m\u00e1s golpeados, Arengo se\u00f1al\u00f3 que CABA ha implementado un alivio fiscal mediante la eliminaci\u00f3n de impuestos al trabajo y al consumo. A la exenci\u00f3n de IIBB que rige para profesionales se le sum\u00f3 en el \u00faltimo tiempo la supresi\u00f3n del cobro para servicios no profesionales: <strong>&#8220;Eliminamos IIBB para las primeras tres categor\u00edas de monotributo para servicios no profesionales y a las cinco siguientes se le aplica una reducci\u00f3n del 75%. Esto impacta en m\u00e1s de 140.000 contribuyentes&#8221;. <\/strong> <div contenteditable=\"false\" id=\"7876223-Libre-157778289_wrap\"> <div id=\"p-1785797080744-91694\"><p id=\"p-1785797096350-41294\">Gustavo Arengo y Jorge Macri. <\/div> <\/div> <p id=\"p-1785790345863-21602\">El ministro de Hacienda porte\u00f1o tambi\u00e9n resalt\u00f3 que a ra\u00edz del aumento de la morosidad crediticia en los \u00faltimos a\u00f1os, CABA tom\u00f3 medidas para reducir el impacto en las familias. <strong>&#8220;Hay muchas familias que se est\u00e1n financiando a trav\u00e9s de la tarjeta de cr\u00e9dito. Por ese motivo tomamos la decisi\u00f3n de eliminar el impuesto de Sellos al financiamiento de la tarjeta de cr\u00e9dito&#8221;,<\/strong> dijo. Esto genera un impacto directo en 1.500.000 tarjetas en la Ciudad, cambio que vino de la mano con un aumento del m\u00ednimo de exenci\u00f3n de Sellos para la compra de Vivienda \u00danica, que pas\u00f3 de u$s50.000 a u$s150.000. <p id=\"p-1785790555061-20092\">En t\u00e9rminos de <strong>ABL,<\/strong> Arengo se\u00f1al\u00f3 que se <strong>eximi\u00f3 el pago durante el primer semestre a todo el sector hotelero y gastron\u00f3mico en la Ciudad<\/strong>, uno de los sectores m\u00e1s relevantes dado el inter\u00e9s tur\u00edstico que tiene el distrito. La medida fue impulsada en la Legislatura por el legislador del peronismo, <strong>Mat\u00edas Lammens,<\/strong> y cont\u00f3 con el aval del PRO. &#8220;Venimos tomando muchas medidas para paliar esta situaci\u00f3n. <strong>Sabemos que es complejo y no alcanza, pero es parte de lo que el jefe de Gobierno, Jorge Macri, nos viene pidiendo&#8221;, remarc\u00f3.<\/strong> <p id=\"p-1785790757345-80967\"><strong> Para Arengo, los cambios en la matriz productiva argentina, enfocada en sectores como la energ\u00eda, la miner\u00eda y el agro, &#8220;en parte vinieron para quedarse&#8221;.<\/strong> &#8220;Sabemos que gran parte de este modelo tiene mucho m\u00e1s movimiento en la zona de cordillera a trav\u00e9s de energ\u00eda o miner\u00eda,o tambi\u00e9n en el agro, y por ah\u00ed tiene menor impacto en los grandes centros de consumo&#8221;, explic\u00f3. <p id=\"p-1785796187921-81600\">Respecto a CABA a\u00f1adi\u00f3: &#8220;Siempre se caracteriz\u00f3 por ser un hub de servicios, entonces tenemos que trabajar para ver c\u00f3mo seguimos atrayendo inversiones para despu\u00e9s prestar servicios, no s\u00f3lo al interior del pa\u00eds, sino tambi\u00e9n al mundo. Y <strong>ac\u00e1 tenemos muchas personas calificadas. Como dice Jorge (Macri): la Ciudad de Buenos Aires no tiene litio, no tiene energ\u00eda, no tiene miner\u00eda, no tiene la pampa h\u00fameda, pero s\u00ed tiene capital humano muy calificado&#8221;.<\/strong> <h2 id=\"p-1785796196456-68722\">La relaci\u00f3n entre CABA y Naci\u00f3n<\/h2> <p id=\"p-1785791112486-23410\">Durante la entrevista, <strong>Arengo fue consultado sobre la relaci\u00f3n entre Ciudad y Naci\u00f3n <\/strong>a ra\u00edz de las tensiones que marcaron el 2025 y del acercamiento que tuvo lugar en el primer semestre del 2026 entre el mandatario porte\u00f1o y Milei que culmin\u00f3 con el acuerdo por la <strong>deuda de la coparticipaci\u00f3n.<\/strong> &#8220;Creo que es importante destacar la buena relaci\u00f3n que venimos teniendo. <strong>Particularmente en Hacienda con el Ministerio de Econom\u00eda tenemos relaci\u00f3n continua. <\/strong>Hablo con ellos pr\u00e1cticamente dos o tres veces por semana. Con este Gobierno nacional firmamos un acuerdo para que nos empiecen a transferir y a cumplir el fallo de la Corte Suprema que Alberto Fern\u00e1ndez nos quit\u00f3 de un d\u00eda para el otro&#8221;, sentenci\u00f3. <p id=\"p-1785791434713-91709\">Respecto a la deuda de la coparticipaci\u00f3n, reconoci\u00f3 que en el \u00faltimo semestre del 2025 &#8220;empez\u00f3 a haber alguna discontinuidad de esas transferencias&#8221;, pero dijo que Macri y el equipo econ\u00f3mico porte\u00f1o entendi\u00f3 la situaci\u00f3n que atraviesa Naci\u00f3n. <strong>&#8220;Sabemos que ellos tienen un objetivo de cumplimiento de metas fiscales para mantener el equilibrio y que es parte del sostenimiento de la macro. Entend\u00edamos esa situaci\u00f3n y por eso tambi\u00e9n pudimos llegar este a\u00f1o a un acuerdo en mayo en el cual firmamos el pago de esa deuda a trav\u00e9s de bonos&#8221;<\/strong>, a\u00f1adi\u00f3. <p id=\"p-1785791614331-98661\"><strong>Arengo destac\u00f3 que el &#8220;muy buen di\u00e1logo&#8221;<\/strong> es muy importante para que CABA pueda acceder a financiamiento para el que requieren de la aprobaci\u00f3n de Naci\u00f3n, como las aprobaciones de las emisiones de deuda o el nuevo pedido por u$s150 millones. <strong>&#8220;Lo estamos trabajando con ellos para financiar los pasos bajo nivel que estamos haciendo, como el Anillo Pampa, que es el m\u00e1s relevante, pero tambi\u00e9n para la compra de nuevos vagones de la l\u00ednea A y C&#8221;<\/strong>, dijo y tambi\u00e9n puso como ejemplo el acceso al mercado: &#8220;En mayo emitimos u$s500 millones a 10 a\u00f1os. Pudimos acceder al mercado este \u00faltimo tiempo a tasas que durante mucho tiempo la Ciudad no pudo acceder&#8221;. <p id=\"p-1785791848958-77432\">Luego de haber emitido en el mercado internacional, el ministro porte\u00f1o revel\u00f3 que tienen previsto nueva salida pero a nivel local. &#8220;Tenemos previsto emitir u$s150 millones, pero en el mercado local y en pesos. Nuestra idea despu\u00e9s de haber emitido en el mercado internacional, es tambi\u00e9n poder trabajar en emisiones locales. Pese a que el stock de deuda es del 20% y es muy bajo sobre ingreso, hoy est\u00e1 pr\u00e1cticamente dolarizado. <div contenteditable=\"false\" id=\"8142349-Libre-2063291698_wrap\">  <div id=\"p-1785797136368-15329\"><p id=\"p-1785797153107-99831\">CABA avanza en la planificaci\u00f3n del subte F. <\/div> <\/div> <h2 id=\"p-1785796252306-68599\">El endeudamiento de las provincias y la l\u00ednea F<\/h2> <p id=\"p-1785792218974-27567\">Consultado sobre si fue un error o no el nivel de endeudamiento en d\u00f3lares de las provincias durante el gobierno de Juntos por el Cambio, el funcionario del gobierno de Macri consider\u00f3 que no fue una equivocaci\u00f3n haber salido a emitir al mercado internacional. <strong>&#8220;Lo que uno tiene que tener en cuenta en ese caso es si genera o no genera d\u00f3lares y qu\u00e9 capacidad tiene despu\u00e9s de pagarlo. Hay algunas provincias que a mi entender est\u00e1n en condiciones de emitir y otras que no&#8221;, remarc\u00f3.<\/strong> <p id=\"p-1785792379419-23158\">En ese sentido, se\u00f1al\u00f3 como un hecho &#8220;relevante&#8221; en materia de deuda lo que ocurri\u00f3 en 2021 con la reestructuraci\u00f3n que las provincias debieron hacer de su stock de manera forzada. &#8220;Eso es algo que impacta en las calificaciones crediticias y en las tasas que uno puede emitir. &#8220;Nosotros como no ten\u00edamos acceso al mercado lo que decidimos fue hacer menos obras y pagar nuestra deuda. Hoy vemos los r\u00e9ditos en nuestras tasas. No creo que est\u00e9 mal emitir en d\u00f3lares, pero s\u00ed depende del contexto, de las tasas y de los recursos que genera cada una&#8221;, aclar\u00f3. <p id=\"p-1785792563022-28267\">En cuanto a las obras previstas, <strong>Arengo<\/strong> habl\u00f3 sobre la <strong>L\u00ednea F<\/strong> del subterr\u00e1neo. &#8220;La legislatura aprob\u00f3 hace aproximadamente un mes y medio el proyecto que habilita a salir a buscar financiamiento. Est\u00e1 previsto que en septiembre se abran los sobres de la licitaci\u00f3n y que las obras arranquen el primer mes del 2027&#8221;, dijo y no dud\u00f3 en se\u00f1alarla como &#8220;una de las obras m\u00e1s grandes que la Ciudad ha licitado en su historia. Estamos muy contentos en avanzar con este proceso&#8221;. <h2 id=\"p-1785796277082-51542\">La evoluci\u00f3n del d\u00f3lar<\/h2> <p id=\"p-1785792801094-13346\">En otro pasaje de la entrevista, el titular de la cartera econ\u00f3mica de <strong>CABA<\/strong> se explay\u00f3 sobre la evoluci\u00f3n del d\u00f3lar ante la consulta sobre las declaraciones del portavoz, <strong>Adri\u00e1n Ravier,<\/strong> quien mencion\u00f3 que su valor se podr\u00eda elevar a un rango cercano a los <strong>$1.800.<\/strong> <strong>&#8220;Muchas veces se hablan de expectativas o proyecciones como el REM del BCRA, pero yo soy m\u00e1s de mirar lo que viene pasando en la realidad. Y la realidad es que viene muy estable el tipo de cambio en los \u00faltimos meses&#8221;, dijo.<\/strong> <p id=\"p-1785794824337-26883\">Para Arengo, el Gobierno nacional <strong>&#8220;plantea dentro de su pol\u00edtica macro mantener la estabilidad cambiaria&#8221;<\/strong> ya que eso es relevante dado el impacto que podr\u00eda tener en la inflaci\u00f3n. Por ese motivo, no vislumbr\u00f3 grandes cambios. &#8220;Me imagino un escenario sin demasiado movimiento.<strong> Claramente uno puede ver el techo de las bandas en ese valor, pero yo no veo que el d\u00f3lar vaya al techo de banda<\/strong>s. Lo m\u00e1s probable es que tenga un movimiento m\u00e1s parecido a la inflaci\u00f3n, pero sin grandes cambios&#8221;. <p id=\"p-1785793153427-20900\">Un aspecto relevante en la vida socio-econ\u00f3mica de la <strong>Ciudad<\/strong> de Buenos Aires es el tema del <strong>acceso a una vivienda<\/strong> y de los <strong>precios de los alquileres<\/strong> para los inquilinos. En ese sentido, se\u00f1al\u00f3 que recientemente y por orden de Macri el <strong>Banco Ciudad<\/strong> <strong>lanz\u00f3 l\u00edneas de cr\u00e9dito con tasa preferencial<\/strong> para la compra de la primera propiedad. <p id=\"p-1785796335402-46272\">&#8220;A principios de a\u00f1o el jefe de gobierno, <strong>Jorge<\/strong> Ma<strong>c<\/strong>ri, lanz\u00f3 una nueva l\u00ednea de cr\u00e9ditos. Orden\u00f3 que todos los dividendos que genera el <strong>Banco Ciudad<\/strong> y que tendr\u00edan que estar distribuidos para hacer obras de infraestructura en la ciudad, se destinen a cr\u00e9ditos hipotecarios&#8221;, cont\u00f3 Arengo y a\u00f1adi\u00f3:<strong> &#8220;Esto implicaba aproximadamente entre 3.500 y 5.000 nuevas l\u00edneas de cr\u00e9dito&#8221;.<\/strong> <p id=\"p-1785793440784-65841\"><strong> &#8220;Para nosotros es muy importante poder dar acceso a la vivienda&#8221;<\/strong>, a\u00f1adi\u00f3 Arengo y se\u00f1al\u00f3 que &#8220;es uno de los grandes problemas que existen en los grandes centros urbanos&#8221;. El correntino recalc\u00f3 tambi\u00e9n que el cr\u00e9dito hipotecario &#8220;est\u00e1 condicionado por la macro y por las inversiones de largo plazo&#8221; y, pese a las colocaciones que logra hacer CABA, explic\u00f3 que hoy no hay un mercado a 20 a\u00f1os como hay en EEUU, donde se pueden emitir bonos a tres d\u00e9cadas. Eso, dijo, limita el fondeo bancario para cr\u00e9dito, un rubro que no logra expandirse. &#8220;En la Ciudad estamos haciendo el m\u00e1ximo esfuerzo posible para poder aumentar esa oferta que para nosotros es clave porque creemos que hay que poder dar acceso a la vivienda&#8221;, sostuvo. <p id=\"p-1785793712974-24654\">Sobre el final de la entrevista, Arengo manifest\u00f3 su optimismo respecto al futuro de la Argentina. <strong>&#8220;Soy optimista. Creo que se ha hecho un trabajo muy importante en arreglar distorsiones. Lo que viene es que tenemos que crecer. <\/strong>Necesitamos crecer durante mucho tiempo porque las medidas de alivio y de baja tributaria que necesita Argentina y las provincias solamente se logran si tenemos crecimiento de largo plazo. <strong>No tenemos que crecer a tasas chinas. Con hacerlo al 2 o 3% pero durante mucho tiempo va a permitir que Argentina salga del letargo que viene hace mucho y desarrollarnos como pa\u00eds<\/strong>&#8220;, cerr\u00f3.<\/article><\/div><\/div><\/p>\n                                        \n                                        \n                                        <p>Fuente: <a href=\"https:\/\/www.ambito.com\/economia\/gustavo-arengo-ministro-hacienda-caba-no-veo-al-dolar-yendo-el-techo-las-bandas-n6306644\">Enlace original<\/a><\/p>\n                                        ","protected":false},"excerpt":{"rendered":"<p>El impacto de la ca\u00edda de la econom\u00eda en CABA A pesar del orden macro, a nivel micro la Ciudad refleja los cambios econ\u00f3micos que atraviesa el pa\u00eds. Y, en particular, sufre el impacto en los ingresos. &#8220;Lo que viene pasando es algo bastante similar a lo que sucede a nivel nacional. La evoluci\u00f3n de [&hellip;]<\/p>\n","protected":false},"author":1,"featured_media":820,"comment_status":"open","ping_status":"","sticky":false,"template":"template-ancho-completo.php","format":"standard","meta":{"content-type":"","footnotes":"","jetpack_publicize_message":"","jetpack_publicize_feature_enabled":true,"jetpack_social_post_already_shared":true,"jetpack_social_options":{"image_generator_settings":{"template":"highway","default_image_id":0,"font":"","enabled":false},"version":2}},"categories":[57],"tags":[],"class_list":["post-2426","post","type-post","status-publish","format-standard","has-post-thumbnail","hentry","category-ambitofinanciero"],"aioseo_notices":[],"jetpack_publicize_connections":[],"_links":{"self":[{"href":"https:\/\/contabilidadfamiliar.com\/index.php\/wp-json\/wp\/v2\/posts\/2426","targetHints":{"allow":["GET"]}}],"collection":[{"href":"https:\/\/contabilidadfamiliar.com\/index.php\/wp-json\/wp\/v2\/posts"}],"about":[{"href":"https:\/\/contabilidadfamiliar.com\/index.php\/wp-json\/wp\/v2\/types\/post"}],"author":[{"embeddable":true,"href":"https:\/\/contabilidadfamiliar.com\/index.php\/wp-json\/wp\/v2\/users\/1"}],"replies":[{"embeddable":true,"href":"https:\/\/contabilidadfamiliar.com\/index.php\/wp-json\/wp\/v2\/comments?post=2426"}],"version-history":[{"count":0,"href":"https:\/\/contabilidadfamiliar.com\/index.php\/wp-json\/wp\/v2\/posts\/2426\/revisions"}],"wp:featuredmedia":[{"embeddable":true,"href":"https:\/\/contabilidadfamiliar.com\/index.php\/wp-json\/wp\/v2\/media\/820"}],"wp:attachment":[{"href":"https:\/\/contabilidadfamiliar.com\/index.php\/wp-json\/wp\/v2\/media?parent=2426"}],"wp:term":[{"taxonomy":"category","embeddable":true,"href":"https:\/\/contabilidadfamiliar.com\/index.php\/wp-json\/wp\/v2\/categories?post=2426"},{"taxonomy":"post_tag","embeddable":true,"href":"https:\/\/contabilidadfamiliar.com\/index.php\/wp-json\/wp\/v2\/tags?post=2426"}],"curies":[{"name":"wp","href":"https:\/\/api.w.org\/{rel}","templated":true}]}}