{"id":2408,"date":"2026-08-02T04:03:38","date_gmt":"2026-08-02T04:03:38","guid":{"rendered":"https:\/\/contabilidadfamiliar.com\/index.php\/2026\/08\/02\/la-onu-confirmo-la-peor-noticia-el-nino-ya-esta-dentro-de-la-casa\/"},"modified":"2026-08-02T04:03:38","modified_gmt":"2026-08-02T04:03:38","slug":"la-onu-confirmo-la-peor-noticia-el-nino-ya-esta-dentro-de-la-casa","status":"publish","type":"post","link":"https:\/\/contabilidadfamiliar.com\/index.php\/2026\/08\/02\/la-onu-confirmo-la-peor-noticia-el-nino-ya-esta-dentro-de-la-casa\/","title":{"rendered":"LA ONU CONFIRM\u00d3 LA PEOR NOTICIA: &#8220;El Ni\u00f1o ya est\u00e1 dentro de la casa&#8221;"},"content":{"rendered":" \n                                        <p><div class=\"extracted-content\"><div id=\"readability-page-1\" class=\"page\"><article> <strong>La Organizaci\u00f3n Meteorol\u00f3gica Mundial (OMM)<\/strong> confirm\u00f3 que <strong>El Ni\u00f1o<\/strong> se est\u00e1 fortaleciendo m\u00e1s r\u00e1pido de lo previsto y encendi\u00f3 las alarmas por un escenario de <strong>lluvias intensas<\/strong>, <strong>crecidas de r\u00edos<\/strong> e <strong>inundaciones<\/strong> en gran parte del planeta. Seg\u00fan el organismo de Naciones Unidas, en la <a href=\"https:\/\/eleconomista.com.ar\/tags\/argentina-t190\">Argentina<\/a>, el impacto podr\u00eda sentirse con mayor fuerza en el centro y el noreste del pa\u00eds, en un contexto agravado por el cambio clim\u00e1tico. <h2><strong>La advertencia de la ONU sobre El Ni\u00f1o<\/strong><\/h2>De acuerdo con el \u00faltimo informe de la OMM, el calentamiento de las aguas del Pac\u00edfico contin\u00faa intensific\u00e1ndose y todo indica que <strong>El Ni\u00f1o seguir\u00e1 fortaleci\u00e9ndose entre agosto y octubre<\/strong>, con efectos que podr\u00edan extenderse hasta marzo de 2027. La secretaria general de la OMM, <strong>Celeste Saulo<\/strong>, advirti\u00f3 que el escenario resulta especialmente preocupante por la combinaci\u00f3n entre <strong>El Ni\u00f1o<\/strong> y el calentamiento global. <strong>&#8220;El Ni\u00f1o es uno de los fen\u00f3menos clim\u00e1ticos m\u00e1s monitoreados del mundo. Pero los pron\u00f3sticos, por s\u00ed solos, no previenen los peligros; las personas s\u00ed&#8221;<\/strong>, afirm\u00f3. Y agreg\u00f3 que el desarrollo del fen\u00f3meno <strong>&#8220;brinda a gobiernos y comunidades una ventana de oportunidad para anticipar riesgos y actuar antes de que se manifiesten los impactos&#8221;<\/strong>. <h2><strong>Qu\u00e9 puede pasar en la Argentina<\/strong><\/h2> Aunque los efectos var\u00edan seg\u00fan cada regi\u00f3n, la OMM prev\u00e9 que el <strong>sudeste de Sudam\u00e9rica<\/strong> tendr\u00e1 condiciones m\u00e1s h\u00famedas de lo habitual durante los pr\u00f3ximos meses. En la <a href=\"https:\/\/eleconomista.com.ar\/tags\/argentina-t190\">Argentina<\/a>, los principales impactos esperados son: <ul><li><strong>Mayor probabilidad de lluvias intensas<\/strong> en el Litoral, la Cuenca del Plata y buena parte del centro del pa\u00eds.<\/li><li><strong>M\u00e1s riesgo de crecidas de r\u00edos e inundaciones<\/strong>, con especial atenci\u00f3n sobre zonas vulnerables.<\/li><li><strong>Posible alivio de la sequ\u00eda<\/strong> en Cuyo, dependiendo de la intensidad que alcance el fen\u00f3meno.<\/li><\/ul>Ante este escenario, el Gobierno ya puso en marcha el <strong>Plan de Coordinaci\u00f3n Federal ENOS 2026\/2027<\/strong>, coordinado por la Agencia Federal de Emergencias, con especial foco en las provincias de <strong>Misiones, Corrientes, Santa Fe, Entre R\u00edos y Buenos Aires<\/strong>, consideradas las de mayor riesgo. <h2><strong>Por qu\u00e9 este episodio preocupa m\u00e1s<\/strong><\/h2>Los especialistas recuerdan que <strong>El Ni\u00f1o no es consecuencia directa del cambio clim\u00e1tico<\/strong>, sino un fen\u00f3meno natural originado por la interacci\u00f3n entre la atm\u00f3sfera y el oc\u00e9ano Pac\u00edfico. Sin embargo, el aumento de la temperatura global potencia sus efectos y aumenta la probabilidad de eventos extremos. El director del Servicio Meteorol\u00f3gico Nacional, <strong>Pedro Di Nezio<\/strong>, explic\u00f3 que el debilitamiento de los vientos alisios favorece el calentamiento del oc\u00e9ano y genera un proceso de retroalimentaci\u00f3n que fortalece el fen\u00f3meno. Cuanto m\u00e1s c\u00e1lida est\u00e1 la atm\u00f3sfera, mayor capacidad tiene para acumular humedad y energ\u00eda, lo que incrementa la intensidad de las tormentas y las precipitaciones. <h2><strong>&#8220;El Ni\u00f1o ya est\u00e1 dentro de la casa&#8221;<\/strong><\/h2>El secretario general de las Naciones Unidas, <strong>Ant\u00f3nio Guterres<\/strong>, lanz\u00f3 una de las advertencias m\u00e1s contundentes sobre el escenario clim\u00e1tico actual. <strong>&#8220;El Ni\u00f1o no solo est\u00e1 llamando a nuestra puerta: ya est\u00e1 dentro de la casa y est\u00e1 subiendo la temperatura. Y esto es apenas el acto de apertura&#8221;<\/strong>, sostuvo. El funcionario alert\u00f3 que el fen\u00f3meno <strong>&#8220;a\u00f1ade combustible a un planeta que ya arde bajo domos de calor abrasadores, incendios forestales apocal\u00edpticos y mares con temperaturas r\u00e9cord&#8221;<\/strong>, y volvi\u00f3 a reclamar una reducci\u00f3n del uso de combustibles f\u00f3siles. Por su parte, Celeste Saulo remarc\u00f3 que <strong>&#8220;las decisiones que tomemos hoy determinar\u00e1n los impactos que experimentaremos ma\u00f1ana&#8221;<\/strong>, al insistir en la necesidad de anticiparse a los efectos de un evento clim\u00e1tico que ya comenz\u00f3 a intensificarse. <a href=\"https:\/\/www.google.com\/preferences\/source?q=eleconomista.com.ar\" target=\"_blank\" rel=\"noopener nofollow\">   <span>Segu\u00ed a El Economista en Google<\/span> <span>Agreganos a tus medios preferidos.<\/span>  + Agregar <\/a> <\/article><\/div><\/div><\/p>\n                                        \n                                        \n                                        <p>Fuente: <a href=\"https:\/\/eleconomista.com.ar\/economia\/la-onu-confirmo-peor-noticia-el-nino-ya-esta-dentro-casa-n97085\">Enlace original<\/a><\/p>\n                                        ","protected":false},"excerpt":{"rendered":"<p>La Organizaci\u00f3n Meteorol\u00f3gica Mundial (OMM) confirm\u00f3 que El Ni\u00f1o se est\u00e1 fortaleciendo m\u00e1s r\u00e1pido de lo previsto y encendi\u00f3 las alarmas por un escenario de lluvias intensas, crecidas de r\u00edos e inundaciones en gran parte del planeta. Seg\u00fan el organismo de Naciones Unidas, en la Argentina, el impacto podr\u00eda sentirse con mayor fuerza en el [&hellip;]<\/p>\n","protected":false},"author":1,"featured_media":820,"comment_status":"open","ping_status":"","sticky":false,"template":"template-ancho-completo.php","format":"standard","meta":{"content-type":"","footnotes":"","jetpack_publicize_message":"","jetpack_publicize_feature_enabled":true,"jetpack_social_post_already_shared":true,"jetpack_social_options":{"image_generator_settings":{"template":"highway","default_image_id":0,"font":"","enabled":false},"version":2}},"categories":[59],"tags":[],"class_list":["post-2408","post","type-post","status-publish","format-standard","has-post-thumbnail","hentry","category-eleconomista"],"aioseo_notices":[],"jetpack_publicize_connections":[],"_links":{"self":[{"href":"https:\/\/contabilidadfamiliar.com\/index.php\/wp-json\/wp\/v2\/posts\/2408","targetHints":{"allow":["GET"]}}],"collection":[{"href":"https:\/\/contabilidadfamiliar.com\/index.php\/wp-json\/wp\/v2\/posts"}],"about":[{"href":"https:\/\/contabilidadfamiliar.com\/index.php\/wp-json\/wp\/v2\/types\/post"}],"author":[{"embeddable":true,"href":"https:\/\/contabilidadfamiliar.com\/index.php\/wp-json\/wp\/v2\/users\/1"}],"replies":[{"embeddable":true,"href":"https:\/\/contabilidadfamiliar.com\/index.php\/wp-json\/wp\/v2\/comments?post=2408"}],"version-history":[{"count":0,"href":"https:\/\/contabilidadfamiliar.com\/index.php\/wp-json\/wp\/v2\/posts\/2408\/revisions"}],"wp:featuredmedia":[{"embeddable":true,"href":"https:\/\/contabilidadfamiliar.com\/index.php\/wp-json\/wp\/v2\/media\/820"}],"wp:attachment":[{"href":"https:\/\/contabilidadfamiliar.com\/index.php\/wp-json\/wp\/v2\/media?parent=2408"}],"wp:term":[{"taxonomy":"category","embeddable":true,"href":"https:\/\/contabilidadfamiliar.com\/index.php\/wp-json\/wp\/v2\/categories?post=2408"},{"taxonomy":"post_tag","embeddable":true,"href":"https:\/\/contabilidadfamiliar.com\/index.php\/wp-json\/wp\/v2\/tags?post=2408"}],"curies":[{"name":"wp","href":"https:\/\/api.w.org\/{rel}","templated":true}]}}