{"id":2405,"date":"2026-08-02T03:54:17","date_gmt":"2026-08-02T03:54:17","guid":{"rendered":"https:\/\/contabilidadfamiliar.com\/index.php\/2026\/08\/02\/consultoras-estiman-que-la-inflacion-de-julio-podria-mostrar-un-leve-rebote\/"},"modified":"2026-08-02T03:54:17","modified_gmt":"2026-08-02T03:54:17","slug":"consultoras-estiman-que-la-inflacion-de-julio-podria-mostrar-un-leve-rebote","status":"publish","type":"post","link":"https:\/\/contabilidadfamiliar.com\/index.php\/2026\/08\/02\/consultoras-estiman-que-la-inflacion-de-julio-podria-mostrar-un-leve-rebote\/","title":{"rendered":"Consultoras estiman que la inflaci\u00f3n de julio podr\u00eda mostrar un leve rebote"},"content":{"rendered":" \n                                        <p><div class=\"extracted-content\"><div id=\"readability-page-1\" class=\"page\"><div>  Tras el final del s\u00e9ptimo mes del a\u00f1o y luego de tres \u00edndices seguidos a la baja, especialistas creen que el IPC de julio podr\u00eda ser algo superior a junio  <strong>01\/08\/2026<\/strong> &#8211; 18:45hs <div> <picture> <source type=\"image\/webp\" media=\"(max-width: 642px)\" srcset=\"https:\/\/resizer.iproimg.com\/unsafe\/384x\/filters:format(webp):quality(75):max_bytes(102400)\/https:\/\/assets.iprofesional.com\/assets\/jpg\/2026\/05\/617312.jpg 384w, https:\/\/resizer.iproimg.com\/unsafe\/512x\/filters:format(webp):quality(75):max_bytes(102400)\/https:\/\/assets.iprofesional.com\/assets\/jpg\/2026\/05\/617312.jpg 512w, https:\/\/resizer.iproimg.com\/unsafe\/640x\/filters:format(webp):quality(75):max_bytes(102400)\/https:\/\/assets.iprofesional.com\/assets\/jpg\/2026\/05\/617312.jpg 640w\" sizes=\"100vw\"> <source type=\"image\/webp\" media=\"(min-width: 642.01px) and (max-width: 1270px)\" srcset=\"https:\/\/resizer.iproimg.com\/unsafe\/614x\/filters:format(webp):quality(75):max_bytes(102400)\/https:\/\/assets.iprofesional.com\/assets\/jpg\/2026\/05\/617312.jpg 614w\" sizes=\"614px\"> <source type=\"image\/webp\" media=\"(min-width: 1270.01px) and (max-width: 1898px)\" srcset=\"https:\/\/resizer.iproimg.com\/unsafe\/928x\/filters:format(webp):quality(75):max_bytes(102400)\/https:\/\/assets.iprofesional.com\/assets\/jpg\/2026\/05\/617312.jpg 928w\" sizes=\"928px\"> <source type=\"image\/webp\" media=\"(min-width: 1898.01px)\" srcset=\"https:\/\/resizer.iproimg.com\/unsafe\/1270x\/filters:format(webp):quality(75):max_bytes(102400)\/https:\/\/assets.iprofesional.com\/assets\/jpg\/2026\/05\/617312.jpg 1270w\" sizes=\"1270px\"> <\/picture> <\/div> <\/div><div> Luego de haber perforado el piso del 2% en junio, <strong>la racha de desaceleraci\u00f3n en el \u00cdndice de Precios al Consumidor atraviesa un momento de incertidumbre. <\/strong>Tras un camino descendente que llev\u00f3 a la inflaci\u00f3n oficial desde el 3,4% registrado en marzo hacia guarismos de<strong> 2,6% en abril, 2,1% en mayo y un ajustado 1,9% en junio<\/strong>, diversos factores estacionales amenazan con interrumpir esa tendencia bajista durante el mes de julio reci\u00e9n concluido. Aunque el equipo econ\u00f3mico encabezado por el ministro de Econom\u00eda, Luis Caputo, insiste en que el proceso desinflacionario se mantiene en el rumbo correcto, los relevamientos privados anticipan una ligera meseta o un rebote marginal que <strong>devolver\u00eda la cifra mensual a un rango de entre<\/strong> el 1,9% y el 2,1%. Las proyecciones de las principales consultoras econ\u00f3micas atribuyen esta eventual aceleraci\u00f3n al <strong>fuerte impacto de los factores estacionales propios del invierno.<\/strong> Por un lado, el movimiento tur\u00edstico habitual por las vacaciones de medio a\u00f1o meti\u00f3 <strong>presi\u00f3n sobre el rubro de servicios y hoteler\u00eda<\/strong>; por el otro, la masa de viajes vinculada al Mundial de f\u00fatbol impuls\u00f3 una<strong> suba marcada en el precio de los pasajes a\u00e9reos.<\/strong> En contraposici\u00f3n, las liquidaciones anticipadas en el rubro indumentaria y la moderaci\u00f3n en la categor\u00eda de productos regulados actuaron como anclas para evitar un salto mayor. De acuerdo con las estimaciones de la firma C&amp;T,<strong> el n\u00famero final de julio se ubicar\u00eda en niveles muy similares a los de junio,<\/strong> con un comportamiento moderado en la canasta de alimentos y bebidas (1,6%), beneficiada por la ca\u00edda en el valor de las frutas frescas, aunque con subas puntuales en art\u00edculos de tocador y cigarrillos. Por su parte,<strong> la consultora EcoGo proyect\u00f3 el IPC en torno al 2,1%<\/strong> (registrando un avance de 0,2 puntos porcentuales respecto al mes previo) con una inflaci\u00f3n de alimentos del 1,8%, impulsada por los consumos fuera del hogar. En la misma sinton\u00eda se posicion\u00f3 la Fundaci\u00f3n Libertad y Progreso, atribuyendo el leve repunte al turismo y la comida no alcoh\u00f3lica, aunque el economista Juli\u00e1n Neufeld aclar\u00f3 que se tratar\u00eda de un fen\u00f3meno &#8220;transitorio&#8221; antes de retomar la baja por debajo del 2% intermensual durante el segundo semestre. <h2>IPC de julio: cu\u00e1ndo se conocer\u00e1n los datos clave del mercado y el n\u00famero oficial<\/h2> Dentro del panorama de estimaciones privadas, la consultora Equilibra se mantuvo como la excepci\u00f3n m\u00e1s optimista al proyectar un 1,8% para julio. Seg\u00fan su an\u00e1lisis, una marcada baja en los productos estacionales \u2014que cayeron de la zona de 3,4% al 2% impulsados por rebajas en indumentaria\u2014 compensar\u00eda la aceleraci\u00f3n en alimentos y bebidas no estacionales (que pasaron de 0,9% a 1,4%), permitiendo hilar un nuevo mes consecutivo de desaceleraci\u00f3n. Para terminar de dirimir el escenario del costo de vida del s\u00e9ptimo mes del a\u00f1o, la agenda econ\u00f3mica contempla dos fechas clave en el calendario oficial: el jueves 6 de agosto, el Banco Central publicar\u00e1 el Relevamiento de Expectativas de Mercado (REM), que sintetizar\u00e1 la mirada consolidada del sector financiero y las consultoras de la plaza local. En tanto, el jueves 13 ser\u00e1 el d\u00eda para que el INDEC difunda el dato oficial del IPC de julio, revelando si se consolid\u00f3 el quiebre de la racha bajista o si la inflaci\u00f3n logr\u00f3 mantenerse por debajo de los dos puntos. <\/div><\/div><\/div><\/p>\n                                        \n                                        \n                                        <p>Fuente: <a href=\"https:\/\/www.iprofesional.com\/economia\/461342-consultoras-estiman-que-la-inflacion-de-julio-podria-mostrar-un-leve-rebote\">Enlace original<\/a><\/p>\n                                        ","protected":false},"excerpt":{"rendered":"<p>Tras el final del s\u00e9ptimo mes del a\u00f1o y luego de tres \u00edndices seguidos a la baja, especialistas creen que el IPC de julio podr\u00eda ser algo superior a junio 01\/08\/2026 &#8211; 18:45hs Luego de haber perforado el piso del 2% en junio, la racha de desaceleraci\u00f3n en el \u00cdndice de Precios al Consumidor atraviesa [&hellip;]<\/p>\n","protected":false},"author":1,"featured_media":820,"comment_status":"open","ping_status":"","sticky":false,"template":"template-ancho-completo.php","format":"standard","meta":{"content-type":"","footnotes":"","jetpack_publicize_message":"","jetpack_publicize_feature_enabled":true,"jetpack_social_post_already_shared":true,"jetpack_social_options":{"image_generator_settings":{"template":"highway","default_image_id":0,"font":"","enabled":false},"version":2}},"categories":[58],"tags":[],"class_list":["post-2405","post","type-post","status-publish","format-standard","has-post-thumbnail","hentry","category-iprofessional"],"aioseo_notices":[],"jetpack_publicize_connections":[],"_links":{"self":[{"href":"https:\/\/contabilidadfamiliar.com\/index.php\/wp-json\/wp\/v2\/posts\/2405","targetHints":{"allow":["GET"]}}],"collection":[{"href":"https:\/\/contabilidadfamiliar.com\/index.php\/wp-json\/wp\/v2\/posts"}],"about":[{"href":"https:\/\/contabilidadfamiliar.com\/index.php\/wp-json\/wp\/v2\/types\/post"}],"author":[{"embeddable":true,"href":"https:\/\/contabilidadfamiliar.com\/index.php\/wp-json\/wp\/v2\/users\/1"}],"replies":[{"embeddable":true,"href":"https:\/\/contabilidadfamiliar.com\/index.php\/wp-json\/wp\/v2\/comments?post=2405"}],"version-history":[{"count":0,"href":"https:\/\/contabilidadfamiliar.com\/index.php\/wp-json\/wp\/v2\/posts\/2405\/revisions"}],"wp:featuredmedia":[{"embeddable":true,"href":"https:\/\/contabilidadfamiliar.com\/index.php\/wp-json\/wp\/v2\/media\/820"}],"wp:attachment":[{"href":"https:\/\/contabilidadfamiliar.com\/index.php\/wp-json\/wp\/v2\/media?parent=2405"}],"wp:term":[{"taxonomy":"category","embeddable":true,"href":"https:\/\/contabilidadfamiliar.com\/index.php\/wp-json\/wp\/v2\/categories?post=2405"},{"taxonomy":"post_tag","embeddable":true,"href":"https:\/\/contabilidadfamiliar.com\/index.php\/wp-json\/wp\/v2\/tags?post=2405"}],"curies":[{"name":"wp","href":"https:\/\/api.w.org\/{rel}","templated":true}]}}