{"id":2404,"date":"2026-08-02T03:50:11","date_gmt":"2026-08-02T03:50:11","guid":{"rendered":"https:\/\/contabilidadfamiliar.com\/index.php\/2026\/08\/02\/las-sugerencias-de-redrado-expresidente-del-bcra-para-la-reforma-de-la-carta-organica\/"},"modified":"2026-08-02T03:50:11","modified_gmt":"2026-08-02T03:50:11","slug":"las-sugerencias-de-redrado-expresidente-del-bcra-para-la-reforma-de-la-carta-organica","status":"publish","type":"post","link":"https:\/\/contabilidadfamiliar.com\/index.php\/2026\/08\/02\/las-sugerencias-de-redrado-expresidente-del-bcra-para-la-reforma-de-la-carta-organica\/","title":{"rendered":"Las sugerencias de Redrado, expresidente del BCRA, para la reforma de la Carta Org\u00e1nica"},"content":{"rendered":" \n                                        <p><div class=\"extracted-content\"><div id=\"readability-page-1\" class=\"page\"><div> En medio del debate por la <a href=\"https:\/\/www.iprofesional.com\/economia\/461032-reforma-banco-central-milei-elimina-emision-tesoro-cambia-reglas-clave\" target=\"_blank\" rel=\"noopener noreferrer\">reestructuraci\u00f3n del marco normativo del Banco Central<\/a>, el expresidente de la entidad <strong>Mart\u00edn Redrado analiz\u00f3 los ejes principales que deber\u00eda incluir la reforma de su Carta Org\u00e1nica. <\/strong>El economista sostuvo que la iniciativa debe orientarse a <strong>recuperar la independencia t\u00e9cnica de la instituci\u00f3n y garantizar tanto la estabilidad monetaria como la financiera<\/strong>. Asimismo, plante\u00f3 una sugerencia temporal clave para aislar la discusi\u00f3n de la coyuntura pol\u00edtica: <strong>que la nueva normativa se apruebe en la actualidad pero comience a aplicarse formalmente a partir del pr\u00f3ximo gobierno, con fecha fijada para el 10 de diciembre de 2027.<\/strong> Al profundizar en la institucionalidad de la autoridad monetaria, <strong>Redrado enfatiz\u00f3 la necesidad de dotar al pa\u00eds de reglas de juego duraderas en el tiempo.<\/strong> &#8220;Es central que la Argentina tenga instituciones permanentes. Hay una relaci\u00f3n directa entre crecimiento econ\u00f3mico e instituciones que no cambian m\u00e1s all\u00e1 de que cambien los gobiernos&#8221;, afirm\u00f3 el exfuncionario al analizar el proyecto oficial. Seg\u00fan su visi\u00f3n, <strong>la iniciativa puede representar &#8220;un nuevo comienzo en la Argentina&#8221;, <\/strong>siempre que se incorporen herramientas clave que alineen el funcionamiento del banco con los est\u00e1ndares internacionales fijados tras la crisis global de 2008. En esa l\u00ednea, el economista remarc\u00f3 que el objetivo central del BCRA no puede restringirse exclusivamente a controlar la inflaci\u00f3n, sino que debe asumir compromisos expl\u00edcitos sobre el sistema bancario. &#8220;Lo primero es garantizar no solo la estabilidad de precios sino tambi\u00e9n la estabilidad financiera&#8221;, se\u00f1al\u00f3. Para lograrlo, puso de relieve la funci\u00f3n de la Superintendencia de Bancos dentro del organismo, encargada de fiscalizar la liquidez y solvencia de las entidades. &#8220;El Banco Central tiene un instrumento muy importante dentro de su estructura que es la Superintendencia de Bancos, es decir, aquel que monitorea que los bancos tengan los d\u00f3lares, tengan los pesos para que los argentinos podamos tomar cr\u00e9ditos tranquilos, podamos depositar tranquilos y no tengamos los problemas que tuvimos en el pasado&#8221;, explic\u00f3. Asimismo, inst\u00f3 a aplicar &#8220;pruebas de tensi\u00f3n peri\u00f3dicas&#8221; (stress tests) para evaluar la resistencia de los bancos ante subas dr\u00e1sticas de tasas de inter\u00e9s o devaluaciones del tipo de cambio. <h2>Reforma del Banco Central: independencia, gobernanza y el momento de aplicaci\u00f3n de la ley<\/h2> Respecto a la estructura de conducci\u00f3n y la independencia pol\u00edtica del organismo, <strong>Redrado valor\u00f3 que la eventual remoci\u00f3n de las autoridades requiera el acuerdo de ambas c\u00e1maras del Congreso, pero exigi\u00f3 un mecanismo sim\u00e9trico para las designaciones<\/strong>. &#8220;Nos parece muy bien que el tema de remoci\u00f3n sea con aprobaci\u00f3n del Senado y de la C\u00e1mara de Diputados, pero tambi\u00e9n que el proceso de nombramiento sea equivalente. Que haya simetr\u00eda entre c\u00f3mo se nombra el presidente del directorio del Banco Central y c\u00f3mo se remueve&#8221;, sostuvo. En ese aspecto, <strong>sugiri\u00f3 reducir el directorio de 10 a 6 integrantes profesionales sin perfil pol\u00edtico, otorgando cuatro lugares al oficialismo y dos a la oposici\u00f3n, con mandatos desacoplados del calendario presidencial.<\/strong> Para evitar suspicacias sobre blindajes de funcionarios actuales, el ex titular de la autoridad monetaria<strong> reiter\u00f3 que el nuevo esquema institucional debe regir a partir del recambio de mandato<\/strong>. &#8220;Esta nueva Carta Org\u00e1nica obviamente sea aprobada, pero sea applied reci\u00e9n para el pr\u00f3ximo gobierno, de tal manera que no empecemos a debatir sobre los nombres actuales sino que estemos debatiendo sobre primero la instituci\u00f3n y despu\u00e9s los hombres&#8221;, afirm\u00f3, proponiendo que los pliegos del futuro directorio atraviesen audiencias p\u00fablicas en el Senado a partir del 10 de diciembre de 2027. Por otra parte, cuestion\u00f3 el uso de los encajes bancarios como una v\u00eda indirecta para que las entidades financieras adquieran t\u00edtulos p\u00fablicos en lugar de prestarle al sector privado. Seg\u00fan detall\u00f3,<strong> el encaje debe ser efectivo para respaldar la liquidez de los depositantes, advirtiendo que la falta de dinamismo en el cr\u00e9dito termina afectando a la econom\u00eda real<\/strong>. Por ello, inst\u00f3 a bajar los encajes para volcar esa liquidez al circuito productivo. <h2>Las advertencias por los vencimientos de deuda y las restricciones cambiarias<\/h2> En relaci\u00f3n con el panorama macroecon\u00f3mico y la reciente visita de la titular del Fondo Monetario Internacional, Kristalina Georgieva, Redrado enmarc\u00f3 la presencia de la directiva como un &#8220;apoyo pol\u00edtico&#8221;, pero advirti\u00f3 sobre la exigente agenda financiera del a\u00f1o entrante. <strong>&#8220;Argentina tiene que pagar, empezar a pagar amortizaci\u00f3n de capital sobre la deuda, no solo intereses sino tambi\u00e9n amortizaci\u00f3n de capital, y esto suma 7.500 millones de d\u00f3lares&#8221;,<\/strong> indic\u00f3, justificando el pedido del FMI para acelerar la acumulaci\u00f3n de reservas internacionales. Consultado sobre la posibilidad de turbulencias en el mercado de divisas durante el per\u00edodo preelectoral, <strong>evit\u00f3 el t\u00e9rmino &#8220;corrida&#8221; y prefiri\u00f3 referirse a un escenario de alta exigencia<\/strong>. &#8220;Yo no lo llamar\u00eda corrida. Hay tensi\u00f3n&#8221;, afirm\u00f3. Al recordar su paso por la entidad, marc\u00f3 las diferencias con el nivel de respaldo actual: &#8220;Yo lo viv\u00ed tambi\u00e9n, lo hemos visto cuando presid\u00ed el Banco Central. Tuve per\u00edodos de tensi\u00f3n cambiaria por shocks externos, por shocks internos, pero ten\u00eda 50.000 millones de d\u00f3lares contantes y sonantes que los utilizaba para darle tranquilidad a los argentinos. Eso todav\u00eda no lo tenemos hoy en el Banco Central&#8221;. Finalmente,<strong> el economista rechaz\u00f3 la discusi\u00f3n focalizada \u00fanicamente en la cotizaci\u00f3n nominal de la divisa y llam\u00f3 a enfocar los esfuerzos parlamentarios y ejecutivos en el desmantelamiento de los cepos y regulaciones que persisten. <\/strong>&#8220;Es un error mencionar el valor del tipo de cambio de forma aislada&#8221;, remarc\u00f3, sosteniendo que la competitividad se recupera bajando impuestos, costos log\u00edsticos y aranceles. En lugar de debatir la cifra del d\u00f3lar, propuso acelerar la unificaci\u00f3n del mercado cambiario eliminando restricciones heredadas como los plazos de espera entre la operatoria financiera y el mercado oficial. &#8220;La discusi\u00f3n tiene que ir por ah\u00ed: c\u00f3mo y cu\u00e1ndo sacamos las restricciones en el mercado cambiario, en lugar de estar determinando si el nivel es X o el nivel es Y&#8221;, concluy\u00f3. <\/div><\/div><\/div><\/p>\n                                        \n                                        \n                                        <p>Fuente: <a href=\"https:\/\/www.iprofesional.com\/economia\/461343-las-sugerencias-de-redrado-expresidente-del-bcra-para-la-reforma-de-la-carta-organica\">Enlace original<\/a><\/p>\n                                        ","protected":false},"excerpt":{"rendered":"<p>En medio del debate por la reestructuraci\u00f3n del marco normativo del Banco Central, el expresidente de la entidad Mart\u00edn Redrado analiz\u00f3 los ejes principales que deber\u00eda incluir la reforma de su Carta Org\u00e1nica. El economista sostuvo que la iniciativa debe orientarse a recuperar la independencia t\u00e9cnica de la instituci\u00f3n y garantizar tanto la estabilidad monetaria [&hellip;]<\/p>\n","protected":false},"author":1,"featured_media":820,"comment_status":"open","ping_status":"","sticky":false,"template":"template-ancho-completo.php","format":"standard","meta":{"content-type":"","footnotes":"","jetpack_publicize_message":"","jetpack_publicize_feature_enabled":true,"jetpack_social_post_already_shared":true,"jetpack_social_options":{"image_generator_settings":{"template":"highway","default_image_id":0,"font":"","enabled":false},"version":2}},"categories":[58],"tags":[],"class_list":["post-2404","post","type-post","status-publish","format-standard","has-post-thumbnail","hentry","category-iprofessional"],"aioseo_notices":[],"jetpack_publicize_connections":[],"_links":{"self":[{"href":"https:\/\/contabilidadfamiliar.com\/index.php\/wp-json\/wp\/v2\/posts\/2404","targetHints":{"allow":["GET"]}}],"collection":[{"href":"https:\/\/contabilidadfamiliar.com\/index.php\/wp-json\/wp\/v2\/posts"}],"about":[{"href":"https:\/\/contabilidadfamiliar.com\/index.php\/wp-json\/wp\/v2\/types\/post"}],"author":[{"embeddable":true,"href":"https:\/\/contabilidadfamiliar.com\/index.php\/wp-json\/wp\/v2\/users\/1"}],"replies":[{"embeddable":true,"href":"https:\/\/contabilidadfamiliar.com\/index.php\/wp-json\/wp\/v2\/comments?post=2404"}],"version-history":[{"count":0,"href":"https:\/\/contabilidadfamiliar.com\/index.php\/wp-json\/wp\/v2\/posts\/2404\/revisions"}],"wp:featuredmedia":[{"embeddable":true,"href":"https:\/\/contabilidadfamiliar.com\/index.php\/wp-json\/wp\/v2\/media\/820"}],"wp:attachment":[{"href":"https:\/\/contabilidadfamiliar.com\/index.php\/wp-json\/wp\/v2\/media?parent=2404"}],"wp:term":[{"taxonomy":"category","embeddable":true,"href":"https:\/\/contabilidadfamiliar.com\/index.php\/wp-json\/wp\/v2\/categories?post=2404"},{"taxonomy":"post_tag","embeddable":true,"href":"https:\/\/contabilidadfamiliar.com\/index.php\/wp-json\/wp\/v2\/tags?post=2404"}],"curies":[{"name":"wp","href":"https:\/\/api.w.org\/{rel}","templated":true}]}}