{"id":2399,"date":"2026-08-02T03:29:31","date_gmt":"2026-08-02T03:29:31","guid":{"rendered":"https:\/\/contabilidadfamiliar.com\/index.php\/2026\/08\/02\/la-provincia-argentina-que-armara-su-propio-movistar-arena\/"},"modified":"2026-08-02T03:29:31","modified_gmt":"2026-08-02T03:29:31","slug":"la-provincia-argentina-que-armara-su-propio-movistar-arena","status":"publish","type":"post","link":"https:\/\/contabilidadfamiliar.com\/index.php\/2026\/08\/02\/la-provincia-argentina-que-armara-su-propio-movistar-arena\/","title":{"rendered":"La provincia argentina que armar\u00e1 su propio Movistar Arena"},"content":{"rendered":" \n                                        <p><div class=\"extracted-content\"><div id=\"readability-page-1\" class=\"page\"><div>  Un megaproyecto de infraestructura busca transformar la oferta de espect\u00e1culos en el sur del pa\u00eds con un estadio multiprop\u00f3sito de nivel internacional  <strong>01\/08\/2026<\/strong> &#8211; 21:10hs <div> <picture> <source type=\"image\/webp\" media=\"(max-width: 642px)\" srcset=\"https:\/\/resizer.iproimg.com\/unsafe\/384x\/filters:format(webp):quality(75):max_bytes(102400)\/https:\/\/assets.iprofesional.com\/assets\/jpg\/2025\/11\/607367.jpg 384w, https:\/\/resizer.iproimg.com\/unsafe\/512x\/filters:format(webp):quality(75):max_bytes(102400)\/https:\/\/assets.iprofesional.com\/assets\/jpg\/2025\/11\/607367.jpg 512w, https:\/\/resizer.iproimg.com\/unsafe\/640x\/filters:format(webp):quality(75):max_bytes(102400)\/https:\/\/assets.iprofesional.com\/assets\/jpg\/2025\/11\/607367.jpg 640w\" sizes=\"100vw\"> <source type=\"image\/webp\" media=\"(min-width: 642.01px) and (max-width: 1270px)\" srcset=\"https:\/\/resizer.iproimg.com\/unsafe\/614x\/filters:format(webp):quality(75):max_bytes(102400)\/https:\/\/assets.iprofesional.com\/assets\/jpg\/2025\/11\/607367.jpg 614w\" sizes=\"614px\"> <source type=\"image\/webp\" media=\"(min-width: 1270.01px) and (max-width: 1898px)\" srcset=\"https:\/\/resizer.iproimg.com\/unsafe\/928x\/filters:format(webp):quality(75):max_bytes(102400)\/https:\/\/assets.iprofesional.com\/assets\/jpg\/2025\/11\/607367.jpg 928w\" sizes=\"928px\"> <source type=\"image\/webp\" media=\"(min-width: 1898.01px)\" srcset=\"https:\/\/resizer.iproimg.com\/unsafe\/1270x\/filters:format(webp):quality(75):max_bytes(102400)\/https:\/\/assets.iprofesional.com\/assets\/jpg\/2025\/11\/607367.jpg 1270w\" sizes=\"1270px\"> <\/picture> <\/div> <\/div><div> La b\u00fasqueda por descentralizar los grandes&nbsp;<strong>acontecimientos culturales<\/strong> y <strong>deportivos <\/strong>en la Argentina suma una iniciativa ambiciosa en el sur del pa\u00eds, que quiere emular el exitoso caso del <a href=\"https:\/\/www.iprofesional.com\/legales\/460900-fallo-ejemplar-contra-el-movistar-arena-por-el-robo-de-un-celular-en-un-recital\" target=\"_blank\" title=\"Fallo ejemplar contra el Movistar Arena por el robo de un celular en un recital\" rel=\"noopener noreferrer\">Movistar Arena<\/a> de la Ciudad Aut\u00f3noma de Buenos Aires. Diversas jurisdicciones buscan constantemente posicionarse como polos de atracci\u00f3n tur\u00edstica y de entretenimiento, intentando replicar la infraestructura de vanguardia que hist\u00f3ricamente se concentr\u00f3 en la capital nacional. En este contexto, las autoridades patag\u00f3nicas avanzaron en la definici\u00f3n de un <strong>megaproyecto de infraestructura<\/strong> que pretende transformar de manera radical la oferta de <strong>espect\u00e1culos <\/strong>en toda la regi\u00f3n. Con la meta de albergar recintos de escala internacional, la iniciativa apunta a consolidar un espacio multiprop\u00f3sito capaz de recibir recitales masivos, cert\u00e1menes deportivos de primer nivel y convenciones multitudinarias. Luego de varios meses de an\u00e1lisis t\u00e9cnico y modificaciones en las proyecciones iniciales, las autoridades locales confirmaron avances significativos respecto al emplazamiento definitivo y las caracter\u00edsticas generales del predio. La propuesta busca captar a un p\u00fablico masivo no solo local, sino proveniente de distintos puntos de la <strong>Patagonia <\/strong>y del pa\u00eds. <h2>Ubicaci\u00f3n estrat\u00e9gica y dimensiones del nuevo estadio multiprop\u00f3sito<\/h2> El proyecto, impulsado por la Municipalidad de Neuqu\u00e9n bajo la gesti\u00f3n del intendente Mariano Gaido, fue bautizado comercial e institucionalmente como <strong>Neuqu\u00e9n Arena<\/strong>. Si bien en las primeras etapas de planificaci\u00f3n se consider\u00f3 la Isla 132 como su lugar de radicaci\u00f3n, recientemente el secretario de Infraestructura y Planificaci\u00f3n Urbana, Alejandro Nicola, confirm\u00f3 que el predio seleccionado se traslad\u00f3 a la zona norte de la capital provincial. <span>La nueva ubicaci\u00f3n elegida se encuentra en un nodo vial de alta visibilidad y conectividad, situado cerca de la intersecci\u00f3n entre la Autov\u00eda Norte y la Ruta 67, un trayecto neur\u00e1lgico vinculante con el desarrollo productivo de Vaca Muerta<\/span>. En este sector, el municipio dispone de un terreno propio de aproximadamente diez hect\u00e1reas, lo que garantiza una superficie adecuada para el desarrollo de la obra y el flujo vehicular. Respecto a las especificaciones edilicias, el dise\u00f1o contempla la edificaci\u00f3n de unos <strong>40.000 metros cuadrados cubiertos<\/strong>. La estructura estar\u00e1 distribuida <strong>entre cuatro y cinco niveles de altura<\/strong>, configurando un recinto moderno con capacidad para <strong>m\u00e1s de 10.000 espectadores sentados<\/strong> e instalaciones preparadas para log\u00edstica pesada y sonido de alta fidelidad. <h2>Esquema de financiamiento y pasos administrativos para la licitaci\u00f3n<\/h2> Para llevar a cabo la construcci\u00f3n, <span>la administraci\u00f3n municipal prev\u00e9 implementar un modelo de asociaci\u00f3n p\u00fablico-privada<\/span>. Bajo esta modalidad contractual, el desarrollador privado asume el costo total de la obra y la explotaci\u00f3n comercial del recinto por un plazo determinado, tras el cual la totalidad de las instalaciones pasa a ser propiedad del patrimonio municipal. En cuanto a la <span>inversi\u00f3n estimada, las autoridades toman como referencia de piso los u$s38 millones que demand\u00f3 la construcci\u00f3n, en 2019, del estadio porte\u00f1o en Villa Crespo<\/span>, aunque la comuna neuquina a\u00fan no oficializ\u00f3 el presupuesto final. Este formato busca atraer inversiones de capitales privados sin comprometer de forma directa las arcas p\u00fablicas del municipio. Actualmente, el avance formal de la obra se encuentra supeditado a un tr\u00e1mite legislativo clave. El poder ejecutivo municipal trabaja en la elaboraci\u00f3n de una ordenanza para <span>habilitar el cambio de uso de suelo<\/span> en el predio de la Autov\u00eda Norte. Una vez que el Concejo Deliberante analice y apruebe dicha normativa, la gesti\u00f3n municipal estar\u00e1 en condiciones de lanzar el <span>llamado a licitaci\u00f3n p\u00fablica para iniciar la construcci\u00f3n del recinto<\/span>. <\/div><\/div><\/div><\/p>\n                                        \n                                        \n                                        <p>Fuente: <a href=\"https:\/\/www.iprofesional.com\/negocios\/461146-la-provincia-argentina-que-armara-su-propio-movistar-arena\">Enlace original<\/a><\/p>\n                                        ","protected":false},"excerpt":{"rendered":"<p>Un megaproyecto de infraestructura busca transformar la oferta de espect\u00e1culos en el sur del pa\u00eds con un estadio multiprop\u00f3sito de nivel internacional 01\/08\/2026 &#8211; 21:10hs La b\u00fasqueda por descentralizar los grandes&nbsp;acontecimientos culturales y deportivos en la Argentina suma una iniciativa ambiciosa en el sur del pa\u00eds, que quiere emular el exitoso caso del Movistar Arena [&hellip;]<\/p>\n","protected":false},"author":1,"featured_media":820,"comment_status":"open","ping_status":"","sticky":false,"template":"template-ancho-completo.php","format":"standard","meta":{"content-type":"","footnotes":"","jetpack_publicize_message":"","jetpack_publicize_feature_enabled":true,"jetpack_social_post_already_shared":true,"jetpack_social_options":{"image_generator_settings":{"template":"highway","default_image_id":0,"font":"","enabled":false},"version":2}},"categories":[58],"tags":[],"class_list":["post-2399","post","type-post","status-publish","format-standard","has-post-thumbnail","hentry","category-iprofessional"],"aioseo_notices":[],"jetpack_publicize_connections":[],"_links":{"self":[{"href":"https:\/\/contabilidadfamiliar.com\/index.php\/wp-json\/wp\/v2\/posts\/2399","targetHints":{"allow":["GET"]}}],"collection":[{"href":"https:\/\/contabilidadfamiliar.com\/index.php\/wp-json\/wp\/v2\/posts"}],"about":[{"href":"https:\/\/contabilidadfamiliar.com\/index.php\/wp-json\/wp\/v2\/types\/post"}],"author":[{"embeddable":true,"href":"https:\/\/contabilidadfamiliar.com\/index.php\/wp-json\/wp\/v2\/users\/1"}],"replies":[{"embeddable":true,"href":"https:\/\/contabilidadfamiliar.com\/index.php\/wp-json\/wp\/v2\/comments?post=2399"}],"version-history":[{"count":0,"href":"https:\/\/contabilidadfamiliar.com\/index.php\/wp-json\/wp\/v2\/posts\/2399\/revisions"}],"wp:featuredmedia":[{"embeddable":true,"href":"https:\/\/contabilidadfamiliar.com\/index.php\/wp-json\/wp\/v2\/media\/820"}],"wp:attachment":[{"href":"https:\/\/contabilidadfamiliar.com\/index.php\/wp-json\/wp\/v2\/media?parent=2399"}],"wp:term":[{"taxonomy":"category","embeddable":true,"href":"https:\/\/contabilidadfamiliar.com\/index.php\/wp-json\/wp\/v2\/categories?post=2399"},{"taxonomy":"post_tag","embeddable":true,"href":"https:\/\/contabilidadfamiliar.com\/index.php\/wp-json\/wp\/v2\/tags?post=2399"}],"curies":[{"name":"wp","href":"https:\/\/api.w.org\/{rel}","templated":true}]}}