{"id":2395,"date":"2026-08-02T03:14:56","date_gmt":"2026-08-02T03:14:56","guid":{"rendered":"https:\/\/contabilidadfamiliar.com\/index.php\/2026\/08\/02\/marina-dal-poggetto-alerto-por-el-freno-del-credito-y-el-estancamiento-de-los-salarios\/"},"modified":"2026-08-02T03:14:56","modified_gmt":"2026-08-02T03:14:56","slug":"marina-dal-poggetto-alerto-por-el-freno-del-credito-y-el-estancamiento-de-los-salarios","status":"publish","type":"post","link":"https:\/\/contabilidadfamiliar.com\/index.php\/2026\/08\/02\/marina-dal-poggetto-alerto-por-el-freno-del-credito-y-el-estancamiento-de-los-salarios\/","title":{"rendered":"Marina Dal Poggetto alert\u00f3 por el freno del cr\u00e9dito y el estancamiento de los salarios"},"content":{"rendered":" \n                                        <p><div class=\"extracted-content\"><div id=\"readability-page-1\" class=\"page\"><div> <!-- { REGION4 --> <header> <h2><p id=\"p-1785619763449-39522\"> Marina Dal Poggetto se\u00f1al\u00f3 que el crecimiento de la energ\u00eda, la miner\u00eda y el agro no alcanza para impulsar al conjunto de la econom\u00eda ni trasladarse al consumo de las familias.<\/h2> <\/header> <ul><li> <h2> <a href=\"https:\/\/www.ambito.com\/economia\/el-banco-nacion-lanza-refinanciaciones-deuda-100-digitales-y-autogestivas-n6305782\" target=\"\" title=\"\u00e1mbito.com | El Banco Naci\u00f3n lanza refinanciaciones de deuda 100% digitales y autogestivas\" alt=\"\u00e1mbito.com | El Banco Naci\u00f3n lanza refinanciaciones de deuda 100% digitales y autogestivas\" rel=\"deferer follow\"> El Banco Naci\u00f3n lanza refinanciaciones de deuda 100% digitales y autogestivas <\/a><\/h2> <\/li> <li> <h2> <a href=\"https:\/\/www.ambito.com\/campo\/banco-provincia-lanza-creditos-la-campana-gruesa-y-financiamiento-0-dolares-y-pesos-n6305090\" target=\"\" title=\"\u00e1mbito.com | Campo: Banco Provincia lanza cr\u00e9ditos para la campa\u00f1a gruesa y financiamiento desde 0% en d\u00f3lares y en pesos\" alt=\"\u00e1mbito.com | Campo: Banco Provincia lanza cr\u00e9ditos para la campa\u00f1a gruesa y financiamiento desde 0% en d\u00f3lares y en pesos\" rel=\"deferer follow\"> Campo: Banco Provincia lanza cr\u00e9ditos para la campa\u00f1a gruesa y financiamiento desde 0% en d\u00f3lares y en pesos <\/a><\/h2> <\/li><\/ul> <div> <\/div> <article data-td-script-src=\"https:\/\/www.ambito.com\/td\/modulos\/encuestas\/js\/function-embeds-min-version-1785557295.js\"> <p id=\"p-1785619822777-90495\" data-start=\"364\" data-end=\"672\">La economista <strong data-start=\"378\" data-end=\"401\">Marina Dal Poggetto<\/strong> advirti\u00f3 este s\u00e1bado que el crecimiento de sectores como la energ\u00eda, la miner\u00eda y el agro todav\u00eda no logra trasladarse a los <a href=\"https:\/\/www.ambito.com\/uruguay\/la-confianza-del-consumidor-vuelve-caer-y-predomina-el-pesimismo-el-rumbo-la-economia-n6305999\" target=\"_blank\" rel=\"follow\">ingresos y al consumo de las familias<\/a>, en un escenario marcado por el estancamiento de los salarios, la ca\u00edda del empleo formal y el aumento de la morosidad.<\/article> <article> <p id=\"p-1785619822777-29323\" data-start=\"674\" data-end=\"991\">En declaraciones radiales, explic\u00f3 que esas actividades, junto con el sistema financiero, representan alrededor del <strong data-start=\"795\" data-end=\"855\">15% del Producto Bruto Interno y apenas el 9% del empleo<\/strong>. Por ese motivo, aunque mantienen un buen desempe\u00f1o y aumentan sus exportaciones, no alcanzan para impulsar al conjunto de la econom\u00eda.<\/article> <article><p id=\"p-1785619822777-76963\" data-start=\"993\" data-end=\"1281\"> <strong data-start=\"993\" data-end=\"1058\">\u201cHay sectores din\u00e1micos, pero no te alcanzan para traccionar\u201d<\/strong>, resumi\u00f3 Dal Poggetto en una entrevista en Splendid AM 990, quien agreg\u00f3 que el \u00faltimo dato disponible de actividad, correspondiente a mayo, se ubic\u00f3 en niveles similares a los de febrero de 2025, pese al crecimiento del 4,4% registrado durante el a\u00f1o pasado.<\/article> <article> <p id=\"p-1785619822777-7610\" data-start=\"1283\" data-end=\"1650\">La economista sostuvo que esta falta de impulso tambi\u00e9n se refleja en los ingresos, ya que los salarios avanzan por detr\u00e1s o en l\u00ednea con la inflaci\u00f3n y el empleo registrado contin\u00faa retrocediendo. Si bien durante algunos meses crecieron el monotributo y las ocupaciones informales, advirti\u00f3 que los datos m\u00e1s recientes comenzaron a mostrar se\u00f1ales de debilitamiento.<\/article> <article> <h2 id=\"p-1785619822777-82038\" data-section-id=\"5b09k2\" data-start=\"1652\" data-end=\"1714\">El cr\u00e9dito, uno de los principales frenos para la actividad<\/h2> <p id=\"p-1785619822777-19168\" data-start=\"1716\" data-end=\"1977\">Dal Poggetto consider\u00f3 que la expansi\u00f3n del cr\u00e9dito fue uno de los motores de la recuperaci\u00f3n entre abril de 2024 y febrero de 2025, pero ese proceso termin\u00f3 interrumpi\u00e9ndose por el endurecimiento de las condiciones monetarias y la suba de las tasas de inter\u00e9s.<\/article> <article> <p id=\"p-1785619822777-66875\" data-start=\"1979\" data-end=\"2209\"><strong data-start=\"1979\" data-end=\"2035\">\u201cSi me dec\u00eds d\u00f3nde se trab\u00f3, se trab\u00f3 en el cr\u00e9dito\u201d<\/strong>, afirm\u00f3. Seg\u00fan explic\u00f3, el fuerte encarecimiento del financiamiento provoc\u00f3 un incremento de la mora y dificult\u00f3 el acceso de las familias y las empresas a nuevos pr\u00e9stamos. <p id=\"p-1785619822777-35662\" data-start=\"2211\" data-end=\"2554\">La especialista se\u00f1al\u00f3 que la deuda privada alcanz\u00f3 niveles similares a los de 2018, pero actualmente presenta plazos m\u00e1s cortos y tasas reales m\u00e1s elevadas. Aunque algunos indicadores de riesgo comenzaron a estabilizarse dentro del sistema bancario, consider\u00f3 que todav\u00eda no existen condiciones para una recuperaci\u00f3n firme del financiamiento. <p id=\"p-1785619822777-77929\" data-start=\"2556\" data-end=\"2844\">Entre las posibles alternativas mencion\u00f3 una mejora significativa de los ingresos, una refinanciaci\u00f3n generalizada de las deudas o la implementaci\u00f3n de l\u00edneas de cr\u00e9dito dirigidas. Sin embargo, aclar\u00f3 que por el momento no observa se\u00f1ales de que pueda concretarse alguna de esas opciones. <div contenteditable=\"false\" id=\"8193259-Libre-868667182_wrap\">  <div id=\"p-1785620029321-30369\"><p id=\"p-1785620042606-56942\" data-start=\"0\" data-end=\"125\" data-is-last-node=\"\" data-is-only-node=\"\">La economista advirti\u00f3 que el crecimiento de los sectores exportadores todav\u00eda no se traslada a los ingresos de las familias. <\/div> <\/div> <h2 id=\"p-1785620076865-98250\" data-section-id=\"xferps\" data-start=\"0\" data-end=\"47\">La apuesta por los d\u00f3lares fuera del sistema<\/h2> <p id=\"p-1785620076865-92049\" data-start=\"49\" data-end=\"439\">Ante el estancamiento de los ingresos y el freno del cr\u00e9dito en pesos, Dal Poggetto sostuvo que el Gobierno apuesta a que los argentinos vuelquen a la econom\u00eda parte de los d\u00f3lares que mantienen fuera del sistema financiero. Esa estrategia ayud\u00f3 a sostener la actividad tras el blanqueo, aunque actualmente no se observa una recuperaci\u00f3n significativa de los dep\u00f3sitos en moneda extranjera. <p id=\"p-1785620076865-11379\" data-start=\"441\" data-end=\"666\">La economista se\u00f1al\u00f3 que, pese a los mayores rendimientos ofrecidos por las tasas en pesos, desde las elecciones los argentinos compraron unos <strong data-start=\"584\" data-end=\"606\">u$s42.400 millones<\/strong>, con un promedio cercano a los u$s2.000 millones mensuales. <p id=\"p-1785620076865-92310\" data-start=\"668\" data-end=\"916\" data-is-last-node=\"\" data-is-only-node=\"\">Adem\u00e1s, advirti\u00f3 que la oferta de divisas suele disminuir durante la segunda mitad del a\u00f1o. En ese contexto, un nuevo endurecimiento monetario para contener el d\u00f3lar podr\u00eda encarecer todav\u00eda m\u00e1s el financiamiento y profundizar el freno del cr\u00e9dito.<\/article> <div><ul> <span> Temas <\/span> <li> <a href=\"https:\/\/www.ambito.com\/creditos-a5123394\"> Cr\u00e9ditos <\/a><\/li> <li> <a href=\"https:\/\/www.ambito.com\/economistas-a5126745\"> economistas <\/a><\/li> <li> <a href=\"https:\/\/www.ambito.com\/consumo-a5122911\"> Consumo <\/a><\/li> <li> <a href=\"https:\/\/www.ambito.com\/salarios-a5122540\"> Salarios <\/a><\/li> <\/ul><\/div> <!-- REGION4 } --><\/div><\/div><\/div><\/p>\n                                        \n                                        \n                                        <p>Fuente: <a href=\"https:\/\/www.ambito.com\/economia\/marina-dal-poggetto-alerto-el-freno-del-credito-y-el-estancamiento-los-salarios-n6306068\">Enlace original<\/a><\/p>\n                                        ","protected":false},"excerpt":{"rendered":"<p>Marina Dal Poggetto se\u00f1al\u00f3 que el crecimiento de la energ\u00eda, la miner\u00eda y el agro no alcanza para impulsar al conjunto de la econom\u00eda ni trasladarse al consumo de las familias. El Banco Naci\u00f3n lanza refinanciaciones de deuda 100% digitales y autogestivas Campo: Banco Provincia lanza cr\u00e9ditos para la campa\u00f1a gruesa y financiamiento desde 0% [&hellip;]<\/p>\n","protected":false},"author":1,"featured_media":820,"comment_status":"open","ping_status":"","sticky":false,"template":"template-ancho-completo.php","format":"standard","meta":{"content-type":"","footnotes":"","jetpack_publicize_message":"","jetpack_publicize_feature_enabled":true,"jetpack_social_post_already_shared":true,"jetpack_social_options":{"image_generator_settings":{"template":"highway","default_image_id":0,"font":"","enabled":false},"version":2}},"categories":[57],"tags":[],"class_list":["post-2395","post","type-post","status-publish","format-standard","has-post-thumbnail","hentry","category-ambitofinanciero"],"aioseo_notices":[],"jetpack_publicize_connections":[],"_links":{"self":[{"href":"https:\/\/contabilidadfamiliar.com\/index.php\/wp-json\/wp\/v2\/posts\/2395","targetHints":{"allow":["GET"]}}],"collection":[{"href":"https:\/\/contabilidadfamiliar.com\/index.php\/wp-json\/wp\/v2\/posts"}],"about":[{"href":"https:\/\/contabilidadfamiliar.com\/index.php\/wp-json\/wp\/v2\/types\/post"}],"author":[{"embeddable":true,"href":"https:\/\/contabilidadfamiliar.com\/index.php\/wp-json\/wp\/v2\/users\/1"}],"replies":[{"embeddable":true,"href":"https:\/\/contabilidadfamiliar.com\/index.php\/wp-json\/wp\/v2\/comments?post=2395"}],"version-history":[{"count":0,"href":"https:\/\/contabilidadfamiliar.com\/index.php\/wp-json\/wp\/v2\/posts\/2395\/revisions"}],"wp:featuredmedia":[{"embeddable":true,"href":"https:\/\/contabilidadfamiliar.com\/index.php\/wp-json\/wp\/v2\/media\/820"}],"wp:attachment":[{"href":"https:\/\/contabilidadfamiliar.com\/index.php\/wp-json\/wp\/v2\/media?parent=2395"}],"wp:term":[{"taxonomy":"category","embeddable":true,"href":"https:\/\/contabilidadfamiliar.com\/index.php\/wp-json\/wp\/v2\/categories?post=2395"},{"taxonomy":"post_tag","embeddable":true,"href":"https:\/\/contabilidadfamiliar.com\/index.php\/wp-json\/wp\/v2\/tags?post=2395"}],"curies":[{"name":"wp","href":"https:\/\/api.w.org\/{rel}","templated":true}]}}