{"id":2379,"date":"2026-07-30T03:49:03","date_gmt":"2026-07-30T03:49:03","guid":{"rendered":"https:\/\/contabilidadfamiliar.com\/index.php\/2026\/07\/30\/un-gigante-suizo-apuesta-a-la-reactivacion-de-la-construccion-e-invirtio-us-12-millones-en-una-nueva-planta-en-cordoba\/"},"modified":"2026-07-30T03:49:03","modified_gmt":"2026-07-30T03:49:03","slug":"un-gigante-suizo-apuesta-a-la-reactivacion-de-la-construccion-e-invirtio-us-12-millones-en-una-nueva-planta-en-cordoba","status":"publish","type":"post","link":"https:\/\/contabilidadfamiliar.com\/index.php\/2026\/07\/30\/un-gigante-suizo-apuesta-a-la-reactivacion-de-la-construccion-e-invirtio-us-12-millones-en-una-nueva-planta-en-cordoba\/","title":{"rendered":"Un gigante suizo apuesta a la reactivaci\u00f3n de la construcci\u00f3n e invirti\u00f3 US$ 1,2 millones en una nueva planta en C\u00f3rdoba"},"content":{"rendered":" \n                                        <p><div class=\"extracted-content\"><div id=\"readability-page-1\" class=\"page\"><div id=\"cuerpo\">La multinacional suiza <strong>Holcim inaugur\u00f3 este mi\u00e9rcoles en C\u00f3rdoba una planta de aditivos para la <a href=\"https:\/\/www.clarin.com\/economia\/uia-estimo-caida-actividad-industrial-junio-profundiza-dinamica-serrucho-sector_0_VplDYZoPuY.html\" target=\"_blank\" title=\"industria de la construcci\u00f3n\" alt=\"industria de la construcci\u00f3n\">industria de la construcci\u00f3n<\/a><\/strong>, tras destinar <strong>inversiones por US$ 1,2 millones<\/strong>.La apertura de la planta en el parque industrial de la localidad de Mi Granja representa una <strong>apuesta de Holcim Argentina a la <a href=\"https:\/\/www.clarin.com\/economia\/campo-industria-mineria-piden-us-25000-millones-ano-serie-obras-claves-pais_0_EK2mb12OrC.html\" target=\"_blank\" title=\"reactivaci\u00f3n del sector, que desde 2024 atraviesa una crisis\" alt=\"reactivaci\u00f3n del sector, que desde 2024 atraviesa una crisis\">reactivaci\u00f3n del sector<\/a><\/strong><a href=\"https:\/\/www.clarin.com\/economia\/campo-industria-mineria-piden-us-25000-millones-ano-serie-obras-claves-pais_0_EK2mb12OrC.html\" target=\"_blank\" title=\"reactivaci\u00f3n del sector, que desde 2024 atraviesa una crisis\" alt=\"reactivaci\u00f3n del sector, que desde 2024 atraviesa una crisis\">, que desde 2024 atraviesa una crisis<\/a> por la falta de obra p\u00fablica y el cr\u00e9dito que no termina de despegar, pese a las pol\u00edticas del gobierno de Javier Milei para bajar la inflaci\u00f3n y las tasas de inter\u00e9s.Pablo Bittar, CEO de la filial argentina de la empresa, es optimista respecto a las obras que est\u00e1n haciendo provincias y municipios en lugar del Estado nacional, que &#8220;no alcanza a compensar la actividad que tuvo la obra p\u00fablica en el pasado&#8221;, pero &#8220;<strong>el mantenimiento y ampliaci\u00f3n de la infraestructura existente se va a hacer, eso no est\u00e1 en discusi\u00f3n, sino que se debate qui\u00e9n la financia y la ejecuta<\/strong>&#8220;. En ese sentido, el lanzamiento de la marca ADI, en la planta de pinturas que Holcim le compr\u00f3 a Quimexur en 2023, ampl\u00eda la capacidad hasta m\u00e1s de 7 millones de litros anuales y expande el mercado de la empresa proveedor de soluciones integrales para el cemento, hormig\u00f3n elaborado y prefabricados.\u201cLos aditivos optimizan los procesos productivos, el desempe\u00f1o en obra y la sostenibilidad, y permita impulsar una construcci\u00f3n m\u00e1s productiva\u201d, destac\u00f3 Bittar.La nueva capacidad de producci\u00f3n anual podr\u00eda optimizar el cemento necesario para la construcci\u00f3n de hasta 500.000 viviendas.Holcim tiene 95 a\u00f1os en el pa\u00eds, emplea a 1.500 trabajadores y cuenta con una capacidad instalada de 3 millones de toneladas de cemento por a\u00f1o -un 30% del mercado total en el pa\u00eds, equivalente a 5 estadios Kempes- en las plantas de C\u00f3rdoba, Mendoza, Jujuy y Buenos Aires, adem\u00e1s de plantas fijas y m\u00f3viles de hormig\u00f3n elaborado en Buenos Aires tras la adquisici\u00f3n de Horcrisa..A su vez, la compa\u00f1\u00eda opera con Geocycle, l\u00edder global en soluciones circulares para la gesti\u00f3n de residuos, y con m\u00e1s de 600 puntos de venta Disensa, la red de corralones m\u00e1s grande del pa\u00eds.Mediante su l\u00ednea de hormig\u00f3n bajo en carbono, Holcim est\u00e1 participando de la construcci\u00f3n del brazo A\u00f1a Cu\u00e1 en la represa hidroel\u00e9ctrica Yacyret\u00e1, que ampliar\u00e1 en 10% la generaci\u00f3n de energ\u00eda de la central.Seg\u00fan la Asociaci\u00f3n de Fabricantes de Cemento Portland,<strong> los despachos cayeron un 3% en el primer semestre de 2026, en relaci\u00f3n con el mismo per\u00edodo del a\u00f1o anterior, y se mantienen 25% por debajo del nivel que mostraban en 2022 y 2023<\/strong>.Esta crisis fue determinante en el valor de las acciones de Holcim, que baj\u00f3 un 40% en lo que va del a\u00f1o. En el primer trimestre del 2026 (\u00faltimo dato disponible), la firma -que es la segunda mayor productora de cemento del pa\u00eds, por detr\u00e1s de Loma Negra- tuvo una p\u00e9rdida neta de $ 3.839 millones y un resultado operativo negativo de $ 18.274 millones.&#8221;En el sector de la construcci\u00f3n, la actividad muestra se\u00f1ales mixtas en el inicio de 2026. Sin embargo, la obra p\u00fablica y el cr\u00e9dito hipotecario contin\u00faan mostrando niveles inferiores a los promedios hist\u00f3ricos, condicionados por el costo financiero y la cautela inversora. En cuanto a la industria del cemento, muestra un ligero descenso del 0,3% interanual en el primer trimestre. El incremento de los costos financieros y la limitada ejecuci\u00f3n de la obra p\u00fablica siguen condicionando una recuperaci\u00f3n m\u00e1s sostenida&#8221;, inform\u00f3 Holcim a sus inversores.<\/div><\/div><\/div><\/p>\n                                        \n                                        \n                                        <p>Fuente: <a href=\"https:\/\/www.clarin.com\/economia\/gigante-suizo-apuesta-reactivacion-construccion-invirtio-us-12-millones-nueva-planta-cordoba_0_BPPTwGdVNR.html\">Enlace original<\/a><\/p>\n                                        ","protected":false},"excerpt":{"rendered":"<p>La multinacional suiza Holcim inaugur\u00f3 este mi\u00e9rcoles en C\u00f3rdoba una planta de aditivos para la industria de la construcci\u00f3n, tras destinar inversiones por US$ 1,2 millones.La apertura de la planta en el parque industrial de la localidad de Mi Granja representa una apuesta de Holcim Argentina a la reactivaci\u00f3n del sector, que desde 2024 atraviesa [&hellip;]<\/p>\n","protected":false},"author":1,"featured_media":2378,"comment_status":"open","ping_status":"","sticky":false,"template":"template-ancho-completo.php","format":"standard","meta":{"content-type":"","footnotes":"","jetpack_publicize_message":"","jetpack_publicize_feature_enabled":true,"jetpack_social_post_already_shared":true,"jetpack_social_options":{"image_generator_settings":{"template":"highway","default_image_id":0,"font":"","enabled":false},"version":2}},"categories":[125],"tags":[],"class_list":["post-2379","post","type-post","status-publish","format-standard","has-post-thumbnail","hentry","category-clarin"],"aioseo_notices":[],"jetpack_publicize_connections":[],"_links":{"self":[{"href":"https:\/\/contabilidadfamiliar.com\/index.php\/wp-json\/wp\/v2\/posts\/2379","targetHints":{"allow":["GET"]}}],"collection":[{"href":"https:\/\/contabilidadfamiliar.com\/index.php\/wp-json\/wp\/v2\/posts"}],"about":[{"href":"https:\/\/contabilidadfamiliar.com\/index.php\/wp-json\/wp\/v2\/types\/post"}],"author":[{"embeddable":true,"href":"https:\/\/contabilidadfamiliar.com\/index.php\/wp-json\/wp\/v2\/users\/1"}],"replies":[{"embeddable":true,"href":"https:\/\/contabilidadfamiliar.com\/index.php\/wp-json\/wp\/v2\/comments?post=2379"}],"version-history":[{"count":0,"href":"https:\/\/contabilidadfamiliar.com\/index.php\/wp-json\/wp\/v2\/posts\/2379\/revisions"}],"wp:featuredmedia":[{"embeddable":true,"href":"https:\/\/contabilidadfamiliar.com\/index.php\/wp-json\/wp\/v2\/media\/2378"}],"wp:attachment":[{"href":"https:\/\/contabilidadfamiliar.com\/index.php\/wp-json\/wp\/v2\/media?parent=2379"}],"wp:term":[{"taxonomy":"category","embeddable":true,"href":"https:\/\/contabilidadfamiliar.com\/index.php\/wp-json\/wp\/v2\/categories?post=2379"},{"taxonomy":"post_tag","embeddable":true,"href":"https:\/\/contabilidadfamiliar.com\/index.php\/wp-json\/wp\/v2\/tags?post=2379"}],"curies":[{"name":"wp","href":"https:\/\/api.w.org\/{rel}","templated":true}]}}