{"id":2369,"date":"2026-07-30T03:41:39","date_gmt":"2026-07-30T03:41:39","guid":{"rendered":"https:\/\/contabilidadfamiliar.com\/index.php\/2026\/07\/30\/milei-acelera-reforma-impactante-del-bcra-van-a-ir-todos-presos\/"},"modified":"2026-07-30T03:41:39","modified_gmt":"2026-07-30T03:41:39","slug":"milei-acelera-reforma-impactante-del-bcra-van-a-ir-todos-presos","status":"publish","type":"post","link":"https:\/\/contabilidadfamiliar.com\/index.php\/2026\/07\/30\/milei-acelera-reforma-impactante-del-bcra-van-a-ir-todos-presos\/","title":{"rendered":"Milei acelera reforma impactante del BCRA: &#8220;Van a ir todos presos&#8221;"},"content":{"rendered":" \n                                        <p><div class=\"extracted-content\"><div id=\"readability-page-1\" class=\"page\"><article> La <strong>reforma de la Carta Org\u00e1nica del <\/strong><a href=\"https:\/\/eleconomista.com.ar\/tags\/bcra-t1187\"><strong>BCRA<\/strong><\/a> se consolid\u00f3 como uno de los ejes econ\u00f3micos m\u00e1s ambiciosos del Gobierno de <a href=\"https:\/\/eleconomista.com.ar\/tags\/javier-milei-t1464\">Javier Milei<\/a>. La iniciativa, que el Ejecutivo enviar\u00e1 al Congreso en las pr\u00f3ximas semanas, apunta a modificar la ley que regula el funcionamiento de la autoridad monetaria para <strong>reforzar su independencia<\/strong>, <strong>prohibir el financiamiento del d\u00e9ficit fiscal con emisi\u00f3n<\/strong> y redefinir el rol del organismo en la econom\u00eda de <a href=\"https:\/\/eleconomista.com.ar\/tags\/argentina-t190\">Argentina<\/a>. <h2><strong>Qu\u00e9 es la Carta Org\u00e1nica del Banco Central<\/strong><\/h2>La <strong>Carta Org\u00e1nica<\/strong> es la <strong>Ley 24.144<\/strong>, sancionada en 1992, y establece c\u00f3mo funciona el <a href=\"https:\/\/eleconomista.com.ar\/tags\/bcra-t1187\">BCRA<\/a>. La norma fija los objetivos de la entidad, define las facultades de su directorio y regula aspectos clave como la pol\u00edtica monetaria y cambiaria, la administraci\u00f3n de las reservas internacionales, la supervisi\u00f3n del sistema financiero y las condiciones bajo las cuales puede asistir financieramente al Estado. En otras palabras, determina <strong>qu\u00e9 lugar ocupa el Banco Central dentro de la econom\u00eda argentina<\/strong> y c\u00f3mo debe vincularse con el Poder Ejecutivo. <h2><strong>Milei anticip\u00f3 penas de prisi\u00f3n para quienes financien el d\u00e9ficit con emisi\u00f3n<\/strong><\/h2>El presidente Javier Milei asegur\u00f3 que la reforma de la Carta Org\u00e1nica del Banco Central convertir\u00e1 en un delito el financiamiento del d\u00e9ficit fiscal mediante emisi\u00f3n monetaria. Seg\u00fan explic\u00f3, la nueva normativa establecer\u00e1 que la misi\u00f3n principal del organismo ser\u00e1 <strong>&#8220;preservar el valor de la moneda&#8221;<\/strong> y prohibir\u00e1 asistir al Tesoro, tanto de manera directa como indirecta. <strong>&#8220;Va a estar prohibido financiar de manera directa o indirectamente al fisco, se lo considera una estafa y al ser considerado una estafa va a ser una asociaci\u00f3n il\u00edcita&#8221;<\/strong>, afirm\u00f3. Adem\u00e1s, sostuvo que podr\u00edan enfrentar sanciones penales <strong>el presidente y el directorio del Banco Central, el Poder Ejecutivo e incluso los diputados y senadores que aprueben presupuestos con d\u00e9ficit financiado mediante emisi\u00f3n<\/strong>. <strong>&#8220;Aquellos que decidan violar el equilibrio fiscal van a terminar presos&#8221;<\/strong>, sentenci\u00f3. <div> <a href=\"https:\/\/eleconomista.com.ar\/economia\/la-argentina-recupero-mercado-clave-union-europea-anuncio-volvera-comprar-carne-aviar-n97013\" title=\"La Argentina recuper\u00f3 un mercado clave: la Uni\u00f3n Europea anunci\u00f3 que volver\u00e1 a comprar carne aviar\"><\/a>  <\/div> <div><blockquote><div lang=\"es\" dir=\"ltr\">\ud83d\udea8 REFORMA DEL BANCO CENTRAL: MILEI ANTICIP\u00d3 QUE IR\u00c1N TODOS PRESOS&#8221;Va a estar prohibido financiar al fisco, va a a ser una asociaci\u00f3n il\u00edcita. Ir\u00e1n presos el presidente y el directorio del Banco Central, el Poder Ejecutivo, los diputados y senadores&#8221; <a href=\"https:\/\/t.co\/SDLp0LsGqK\">pic.twitter.com\/SDLp0LsGqK<\/a><\/div>\u2014 El Economista (@ElEconomista_) <a href=\"https:\/\/x.com\/ElEconomista_\/status\/2082448731383754756?ref_src=twsrc%5Etfw\">July 29, 2026<\/a><\/blockquote> <\/div> <h2><strong>La reforma de 2012 que ahora busca revertir Milei<\/strong><\/h2>El \u00faltimo cambio de fondo en la Carta Org\u00e1nica se produjo en <strong>2012<\/strong>, durante el segundo mandato de Cristina Fern\u00e1ndez de Kirchner. Esa modificaci\u00f3n ampli\u00f3 las funciones del Banco Central al incorporar objetivos vinculados al desarrollo econ\u00f3mico, el empleo, la estabilidad financiera y el apoyo a las pol\u00edticas del Gobierno nacional. Adem\u00e1s, flexibiliz\u00f3 los mecanismos para que el organismo pudiera asistir financieramente al Tesoro mediante los llamados <strong>adelantos transitorios<\/strong>, regulados por el art\u00edculo 20 de la ley. Ese esquema permite otorgar pr\u00e9stamos al Estado dentro de determinados l\u00edmites y es uno de los puntos que la administraci\u00f3n de <a href=\"https:\/\/eleconomista.com.ar\/tags\/javier-milei-t1464\">Javier Milei<\/a> pretende modificar por considerar que facilit\u00f3 el financiamiento del d\u00e9ficit con <strong>emisi\u00f3n monetaria<\/strong>. <div> <a href=\"https:\/\/eleconomista.com.ar\/actualidad\/confirman-una-ciclogenesis-sobre-argentina-zonas-quedarian-lluvias-viento-granizo-n97012\" title=\"Confirman una ciclog\u00e9nesis sobre Argentina: qu\u00e9 zonas quedar\u00edan bajo lluvias, viento y granizo\"><\/a>  <\/div> <h2><strong>Los principales cambios que propone el Gobierno<\/strong><\/h2>Aunque el texto definitivo todav\u00eda no fue presentado, la Casa Rosada adelant\u00f3 algunos de los ejes centrales de la reforma: <ul><li><strong>Prohibir expresamente<\/strong> el financiamiento del d\u00e9ficit fiscal mediante emisi\u00f3n monetaria.<\/li><li><strong>Fortalecer la independencia institucional<\/strong> del <a href=\"https:\/\/eleconomista.com.ar\/tags\/bcra-t1187\">Banco Central<\/a>.<\/li><li><strong>Endurecer las condiciones<\/strong> para remover a las autoridades del organismo.<\/li><li><strong>Eliminar las utilidades contables o &#8220;ficticias&#8221;<\/strong>, salvo en situaciones excepcionales de deflaci\u00f3n.<\/li><li><strong>Terminar con el mecanismo de letras intransferibles<\/strong> utilizado para asistir al Estado.<\/li><li><strong>Incorporar sanciones penales<\/strong> para quienes vulneren la autonom\u00eda del Banco Central.<\/li><li>Implementar un mecanismo de <strong>&#8220;shutdown&#8221;<\/strong> que limite el funcionamiento del Estado si se agotan las partidas aprobadas en el Presupuesto.<\/li><\/ul><h2><strong>Del cierre del Banco Central a una reforma institucional<\/strong><\/h2>Durante la campa\u00f1a presidencial de 2023, <a href=\"https:\/\/eleconomista.com.ar\/tags\/javier-milei-t1464\">Milei<\/a> promet\u00eda cerrar el <a href=\"https:\/\/eleconomista.com.ar\/tags\/bcra-t1187\">Banco Central<\/a>. Ya en el Gobierno, esa propuesta dio paso a una <strong>reforma estructural<\/strong> orientada a limitar sus funciones y a <strong>fortalecer su autonom\u00eda<\/strong>. El proyecto es elaborado por el Ministerio de Econom\u00eda, el Ministerio de Desregulaci\u00f3n y Transformaci\u00f3n del Estado y las autoridades del <a href=\"https:\/\/eleconomista.com.ar\/tags\/bcra-t1187\">BCRA<\/a>. Seg\u00fan adelant\u00f3 el Gobierno, el Presidente presentar\u00e1 los principales lineamientos mediante una Cadena Nacional antes de enviar la iniciativa al Congreso, donde buscar\u00e1 avanzar con su tratamiento durante el segundo semestre. <div> <a href=\"https:\/\/eleconomista.com.ar\/finanzas\/caputo-especifico-pero-paseo-era-jurassic-park-n97010\" title=\"Caputo no especific\u00f3, pero el paseo era por Jurassic Park\"><\/a>  <\/div> Para la Casa Rosada, se trata de una de las <strong>reformas econ\u00f3micas m\u00e1s relevantes<\/strong> de la gesti\u00f3n, con el objetivo de impedir que futuras administraciones vuelvan a financiar el gasto p\u00fablico mediante emisi\u00f3n monetaria y de consolidar un esquema institucional m\u00e1s r\u00edgido para la pol\u00edtica monetaria. <a href=\"https:\/\/www.google.com\/preferences\/source?q=eleconomista.com.ar\" target=\"_blank\" rel=\"noopener nofollow\">   <span>Segu\u00ed a El Economista en Google<\/span> <span>Agreganos a tus medios preferidos.<\/span>  + Agregar <\/a> <\/article><\/div><\/div><\/p>\n                                        \n                                        \n                                        <p>Fuente: <a href=\"https:\/\/eleconomista.com.ar\/economia\/milei-acelera-reforma-impactante-bcra-van-ir-todos-presos-n97014\">Enlace original<\/a><\/p>\n                                        ","protected":false},"excerpt":{"rendered":"<p>La reforma de la Carta Org\u00e1nica del BCRA se consolid\u00f3 como uno de los ejes econ\u00f3micos m\u00e1s ambiciosos del Gobierno de Javier Milei. La iniciativa, que el Ejecutivo enviar\u00e1 al Congreso en las pr\u00f3ximas semanas, apunta a modificar la ley que regula el funcionamiento de la autoridad monetaria para reforzar su independencia, prohibir el financiamiento [&hellip;]<\/p>\n","protected":false},"author":1,"featured_media":2368,"comment_status":"open","ping_status":"","sticky":false,"template":"template-ancho-completo.php","format":"standard","meta":{"content-type":"","footnotes":"","jetpack_publicize_message":"","jetpack_publicize_feature_enabled":true,"jetpack_social_post_already_shared":true,"jetpack_social_options":{"image_generator_settings":{"template":"highway","default_image_id":0,"font":"","enabled":false},"version":2}},"categories":[59],"tags":[],"class_list":["post-2369","post","type-post","status-publish","format-standard","has-post-thumbnail","hentry","category-eleconomista"],"aioseo_notices":[],"jetpack_publicize_connections":[],"_links":{"self":[{"href":"https:\/\/contabilidadfamiliar.com\/index.php\/wp-json\/wp\/v2\/posts\/2369","targetHints":{"allow":["GET"]}}],"collection":[{"href":"https:\/\/contabilidadfamiliar.com\/index.php\/wp-json\/wp\/v2\/posts"}],"about":[{"href":"https:\/\/contabilidadfamiliar.com\/index.php\/wp-json\/wp\/v2\/types\/post"}],"author":[{"embeddable":true,"href":"https:\/\/contabilidadfamiliar.com\/index.php\/wp-json\/wp\/v2\/users\/1"}],"replies":[{"embeddable":true,"href":"https:\/\/contabilidadfamiliar.com\/index.php\/wp-json\/wp\/v2\/comments?post=2369"}],"version-history":[{"count":0,"href":"https:\/\/contabilidadfamiliar.com\/index.php\/wp-json\/wp\/v2\/posts\/2369\/revisions"}],"wp:featuredmedia":[{"embeddable":true,"href":"https:\/\/contabilidadfamiliar.com\/index.php\/wp-json\/wp\/v2\/media\/2368"}],"wp:attachment":[{"href":"https:\/\/contabilidadfamiliar.com\/index.php\/wp-json\/wp\/v2\/media?parent=2369"}],"wp:term":[{"taxonomy":"category","embeddable":true,"href":"https:\/\/contabilidadfamiliar.com\/index.php\/wp-json\/wp\/v2\/categories?post=2369"},{"taxonomy":"post_tag","embeddable":true,"href":"https:\/\/contabilidadfamiliar.com\/index.php\/wp-json\/wp\/v2\/tags?post=2369"}],"curies":[{"name":"wp","href":"https:\/\/api.w.org\/{rel}","templated":true}]}}