{"id":2353,"date":"2026-07-30T03:27:40","date_gmt":"2026-07-30T03:27:40","guid":{"rendered":"https:\/\/contabilidadfamiliar.com\/index.php\/2026\/07\/30\/rafael-nadal-revelo-uno-de-los-motivos-por-los-que-decidio-invertir-en-hoteles-de-lujo\/"},"modified":"2026-07-30T03:27:40","modified_gmt":"2026-07-30T03:27:40","slug":"rafael-nadal-revelo-uno-de-los-motivos-por-los-que-decidio-invertir-en-hoteles-de-lujo","status":"publish","type":"post","link":"https:\/\/contabilidadfamiliar.com\/index.php\/2026\/07\/30\/rafael-nadal-revelo-uno-de-los-motivos-por-los-que-decidio-invertir-en-hoteles-de-lujo\/","title":{"rendered":"Rafael Nadal revel\u00f3 uno de los motivos por los que decidi\u00f3 invertir en hoteles de lujo"},"content":{"rendered":" \n                                        <p><div class=\"extracted-content\"><div id=\"readability-page-1\" class=\"page\"><div> <strong>Rafael Nadal <\/strong>cerr\u00f3 su carrera profesional a los 40 a\u00f1os con un palmar\u00e9s de <strong>22 t\u00edtulos de Grand Slam<\/strong>. Ahora, lejos de las canchas, el espa\u00f1ol construye un nuevo legado como empresario e inversor. Y recientemente revel\u00f3 por qu\u00e9 decidi\u00f3 invertir en hoteles de lujo: <strong>&#8220;Ahora la gente valora las experiencias, invierte en ellas: en viajar y conocer&#8221;.<\/strong> Sus apuestas abarcan desde<a href=\"https:\/\/www.iprofesional.com\/negocios\/459353-lejos-del-tenis-rafa-nadal-apuesta-por-un-negocio-millonario-con-expansion-internacional\" target=\"_blank\" rel=\"noopener noreferrer\"> hoteles de lujo hasta academias de tenis de alto rendimiento<\/a>. Tambi\u00e9n incursion\u00f3 en el negocio de suplementos alimenticios. <strong>&#8220;De la misma manera que forj\u00e9 un legado en la cancha, ahora es el momento de construir un legado fuera de ella&#8221;, <\/strong>asegur\u00f3 en una entrevista con CNBC Internacional. Aunque esta faceta cobr\u00f3 mayor protagonismo tras su retiro en 2024, Nadal lleva a\u00f1os impulsando proyectos vinculados a la hoteler\u00eda, la educaci\u00f3n y el deporte. &#8220;<span>No fue f\u00e1cil, pero cuando supe que era el final para m\u00ed, supuso un cambio en mi vida despu\u00e9s de haber hecho pr\u00e1cticamente lo mismo toda mi vida. <\/span>Pero estaba preparado para afrontar el siguiente cap\u00edtulo&#8221;, record\u00f3 en di\u00e1logo con la presentadora Tania Bryer. <h2>La academia de Rafa Nadal y su proyecci\u00f3n global<\/h2> En 2016, antes de incursionar en la hoteler\u00eda, <strong>Nadal cre\u00f3 la Rafa Nadal Academy en Mallorca<\/strong>. El centro comenz\u00f3 como una instalaci\u00f3n de entrenamiento de tenis de alto rendimiento. Con el tiempo, el proyecto se expandi\u00f3 hasta convertirse en una red internacional de academias y centros deportivos. En 2025, para impulsar su crecimiento global, <strong>vendi\u00f3 m\u00e1s de 40% de la academia al fondo GPF Capital por unos 85 millones de euros<\/strong>. <span>Aun as\u00ed, dej\u00f3 en claro que contin\u00faa al frente del proyecto: &#8220;Mantengo el control de la empresa, ya que est\u00e1 a mi nombre y es un proyecto muy personal para m\u00ed&#8221;.<\/span> &#8220;<strong>Sin embargo, la compa\u00f1\u00eda ha crecido en los \u00faltimos a\u00f1os y sentimos que necesit\u00e1bamos ayuda para seguir expandi\u00e9ndonos a nivel mundial&#8221;<\/strong>, agreg\u00f3. Adem\u00e1s, hace tres a\u00f1os fund\u00f3 NDL, una empresa de suplementos alimenticios enfocada en el bienestar deportivo. &#8220;Creo que cada d\u00eda hay m\u00e1s y m\u00e1s personas con m\u00e1s informaci\u00f3n sobre la importancia de cuidar el cuerpo, por lo que es fundamental invertir en la educaci\u00f3n de los ni\u00f1os, en el bienestar y en el deporte&#8221;, sostuvo. <div>Rafael Nadal en la inauguraci\u00f3n de uno de sus hoteles <\/div> <h2>La reflexi\u00f3n de Nadal que lo llev\u00f3 a invertir en hoteles<\/h2> La apuesta de <a href=\"https:\/\/www.iprofesional.com\/negocios\/459353-lejos-del-tenis-rafa-nadal-apuesta-por-un-negocio-millonario-con-expansion-internacional\" target=\"_blank\" rel=\"noopener noreferrer\">Nadal por la hoteler\u00eda tiene una explicaci\u00f3n clara<\/a>. Los a\u00f1os de viajes por el circuito profesional fueron su principal inspiraci\u00f3n. Durante la inauguraci\u00f3n de su \u00faltimo hotel en las Islas <strong>Canarias<\/strong>, el espa\u00f1ol explic\u00f3 que conoci\u00f3 de primera mano qu\u00e9 valoran los hu\u00e9spedes en un alojamiento de lujo. Nadal asegur\u00f3 que las prioridades de las personas cambiaron y que <strong>hoy se valora m\u00e1s invertir en experiencias<\/strong> que en bienes materiales:<span> &#8220;La mentalidad ha cambiado en los \u00faltimos a\u00f1os. Antes, la gente siempre intentaba ahorrar para comprarse un coche o una casa. Ahora valoran mucho las experiencias; invierten en ellas: en viajar y en conocer lugares diferentes&#8221;.<\/span> Esa visi\u00f3n dio origen a Zel, la marca de hoteles de lujo que cofund\u00f3 junto a <strong>Gabriel Escarrer<\/strong>, presidente y CEO de Meli\u00e1 Hotels International. Seg\u00fan cont\u00f3, <strong>la idea surgi\u00f3 de manera espont\u00e1nea durante un almuerzo en su academia<\/strong>. &#8220;Empezamos anotando ideas en una servilleta: qu\u00e9 nos gustaba de los hoteles, qu\u00e9 no nos convenc\u00eda tanto y c\u00f3mo ser\u00eda el hotel ideal para nosotros&#8221;, admiti\u00f3. &#8220;<strong>Ambos amamos el estilo de vida y la cultura del Mediterr\u00e1neo, ya que nacimos all\u00ed, as\u00ed que desde el principio compartimos la visi\u00f3n de querer transmitir esa experiencia&#8221;, <\/strong>relat\u00f3. Actualmente, la marca cuenta con <strong>cuatro hoteles ubicados en Mallorca, Costa Brava (Tossa de Mar), Punta Cana y Fuerteventura<\/strong>. <a href=\"https:\/\/www.iprofesional.com\/negocios\/446303-rafael-nadal-revelo-en-que-ciudad-abrira-otro-de-sus-hoteles-de-lujo\" target=\"_blank\" rel=\"noopener noreferrer\">Ya proyecta nuevas aperturas en Argentina<\/a>. Los establecimientos no solo son atractivos para descansar y disfrutar la playa. Tambi\u00e9n ofrecen una variedad de experiencias deportivas y de recreaci\u00f3n. <h2>Qu\u00e9 sigue para Rafael Nadal como empresario<\/h2> Nadal reconoci\u00f3 que a\u00fan est\u00e1 experimentando en este nuevo cap\u00edtulo de su vida. Reci\u00e9n salido del tenis profesional, busca consolidar una identidad empresarial clara. &#8220;<strong>Acabo de terminar mi carrera y ahora necesito descubrir qu\u00e9 es lo que realmente me gusta.<\/strong> Mis principales inversiones se centran en la hoteler\u00eda, la educaci\u00f3n y el deporte; creo que ah\u00ed est\u00e1 el futuro&#8221;, afirm\u00f3. <span>&#8220;Visualizo mi marca en una etapa de crecimiento y estoy construyendo este nuevo cap\u00edtulo de mi vida, tratando de dar los pasos adecuados&#8221;, concluy\u00f3 el espa\u00f1ol en su entrevista con CNBC.<\/span> El extenista mantiene el control de sus proyectos m\u00e1s personales, como la academia que lleva su nombre. Al mismo tiempo, delega en socios estrat\u00e9gicos para escalar operaciones globales. Su apuesta combina experiencia personal con visi\u00f3n de mercado. Los hoteles Zel reflejan lo que Nadal aprendi\u00f3 en d\u00e9cadas de giras internacionales: qu\u00e9 busca un viajero exigente y c\u00f3mo crear <strong>experiencias memorables en destinos de lujo<\/strong>. <\/div><\/div><\/div><\/p>\n                                        \n                                        \n                                        <p>Fuente: <a href=\"https:\/\/www.iprofesional.com\/negocios\/461103-rafael-nadal-revelo-uno-de-los-motivos-por-los-que-decidio-invertir-en-hoteles-de-lujo\">Enlace original<\/a><\/p>\n                                        ","protected":false},"excerpt":{"rendered":"<p>Rafael Nadal cerr\u00f3 su carrera profesional a los 40 a\u00f1os con un palmar\u00e9s de 22 t\u00edtulos de Grand Slam. Ahora, lejos de las canchas, el espa\u00f1ol construye un nuevo legado como empresario e inversor. Y recientemente revel\u00f3 por qu\u00e9 decidi\u00f3 invertir en hoteles de lujo: &#8220;Ahora la gente valora las experiencias, invierte en ellas: en [&hellip;]<\/p>\n","protected":false},"author":1,"featured_media":2352,"comment_status":"open","ping_status":"","sticky":false,"template":"template-ancho-completo.php","format":"standard","meta":{"content-type":"","footnotes":"","jetpack_publicize_message":"","jetpack_publicize_feature_enabled":true,"jetpack_social_post_already_shared":true,"jetpack_social_options":{"image_generator_settings":{"template":"highway","default_image_id":0,"font":"","enabled":false},"version":2}},"categories":[58],"tags":[],"class_list":["post-2353","post","type-post","status-publish","format-standard","has-post-thumbnail","hentry","category-iprofessional"],"aioseo_notices":[],"jetpack_publicize_connections":[],"_links":{"self":[{"href":"https:\/\/contabilidadfamiliar.com\/index.php\/wp-json\/wp\/v2\/posts\/2353","targetHints":{"allow":["GET"]}}],"collection":[{"href":"https:\/\/contabilidadfamiliar.com\/index.php\/wp-json\/wp\/v2\/posts"}],"about":[{"href":"https:\/\/contabilidadfamiliar.com\/index.php\/wp-json\/wp\/v2\/types\/post"}],"author":[{"embeddable":true,"href":"https:\/\/contabilidadfamiliar.com\/index.php\/wp-json\/wp\/v2\/users\/1"}],"replies":[{"embeddable":true,"href":"https:\/\/contabilidadfamiliar.com\/index.php\/wp-json\/wp\/v2\/comments?post=2353"}],"version-history":[{"count":0,"href":"https:\/\/contabilidadfamiliar.com\/index.php\/wp-json\/wp\/v2\/posts\/2353\/revisions"}],"wp:featuredmedia":[{"embeddable":true,"href":"https:\/\/contabilidadfamiliar.com\/index.php\/wp-json\/wp\/v2\/media\/2352"}],"wp:attachment":[{"href":"https:\/\/contabilidadfamiliar.com\/index.php\/wp-json\/wp\/v2\/media?parent=2353"}],"wp:term":[{"taxonomy":"category","embeddable":true,"href":"https:\/\/contabilidadfamiliar.com\/index.php\/wp-json\/wp\/v2\/categories?post=2353"},{"taxonomy":"post_tag","embeddable":true,"href":"https:\/\/contabilidadfamiliar.com\/index.php\/wp-json\/wp\/v2\/tags?post=2353"}],"curies":[{"name":"wp","href":"https:\/\/api.w.org\/{rel}","templated":true}]}}