{"id":2301,"date":"2026-07-28T03:41:44","date_gmt":"2026-07-28T03:41:44","guid":{"rendered":"https:\/\/contabilidadfamiliar.com\/index.php\/2026\/07\/28\/georgieva-a-los-argentinos-tienen-que-dar-vuelta-la-pagina-la-confianza-del-mercado-ha-regresado\/"},"modified":"2026-07-28T03:41:44","modified_gmt":"2026-07-28T03:41:44","slug":"georgieva-a-los-argentinos-tienen-que-dar-vuelta-la-pagina-la-confianza-del-mercado-ha-regresado","status":"publish","type":"post","link":"https:\/\/contabilidadfamiliar.com\/index.php\/2026\/07\/28\/georgieva-a-los-argentinos-tienen-que-dar-vuelta-la-pagina-la-confianza-del-mercado-ha-regresado\/","title":{"rendered":"Georgieva a los argentinos: &#8220;Tienen que dar vuelta la p\u00e1gina. La confianza del mercado ha regresado&#8221;"},"content":{"rendered":" \n                                        <p><div class=\"extracted-content\"><div id=\"readability-page-1\" class=\"page\"><article> La directora gerente del <strong>Fondo Monetario Internacional (FMI)<\/strong>, <strong>Kristalina Georgieva<\/strong>, destac\u00f3 este lunes los avances de la econom\u00eda de <a href=\"https:\/\/eleconomista.com.ar\/tags\/argentina-t190\">Argentina<\/a> durante una conferencia de prensa junto al ministro de Econom\u00eda, <strong>Luis Caputo<\/strong>. La titular del organismo elogi\u00f3 la <strong>baja de la <\/strong><a href=\"https:\/\/eleconomista.com.ar\/tags\/inflacion-t294\"><strong>inflaci\u00f3n<\/strong><\/a>, la mejora de las cuentas p\u00fablicas y la acumulaci\u00f3n de reservas, al tiempo que sostuvo que el desaf\u00edo ahora pasa por ampliar el crecimiento hacia m\u00e1s sectores de la econom\u00eda. <h2><strong>&#8220;La inflaci\u00f3n ha bajado y la confianza del mercado ha regresado&#8221;<\/strong><\/h2>Georgieva asegur\u00f3 que <a href=\"https:\/\/eleconomista.com.ar\/tags\/argentina-t190\">Argentina<\/a> logr\u00f3 una mejora significativa de sus principales indicadores macroecon\u00f3micos desde 2023 y remarc\u00f3 que el escenario actual luce m\u00e1s s\u00f3lido que hace un a\u00f1o. <strong>&#8220;Lo que muestran hoy los indicadores es una escena m\u00e1s saludable desde la posici\u00f3n fiscal del pa\u00eds, que es fuerte. La inflaci\u00f3n ha disminuido del 210% al 30% aproximadamente&#8221;<\/strong>, afirm\u00f3. Tambi\u00e9n destac\u00f3 la acumulaci\u00f3n de reservas internacionales y agreg\u00f3: <strong>&#8220;No estoy preocupada por la situaci\u00f3n de <\/strong><a href=\"https:\/\/eleconomista.com.ar\/tags\/argentina-t190\"><strong>Argentina<\/strong><\/a><strong> porque el <\/strong><a href=\"https:\/\/eleconomista.com.ar\/tags\/bcra-t1187\"><strong>BCRA<\/strong><\/a><strong> ha adquirido <\/strong><a href=\"https:\/\/eleconomista.com.ar\/tags\/dolar-t910\"><strong>d\u00f3lares<\/strong><\/a><strong> consistentemente, ha superado la meta del programa y anticipamos que va a fortalecer las reservas de ac\u00e1 en adelante. La confianza del mercado ha regresado&#8221;<\/strong>. Adem\u00e1s, se refiri\u00f3 a la percepci\u00f3n de los argentinos sobre la econom\u00eda y sostuvo: <strong>&#8220;Lo que est\u00e1 en la mente de los argentinos son experiencias del pasado. Tienen que dar vuelta la p\u00e1gina&#8221;<\/strong>. Georgieva busc\u00f3 despejar las dudas sobre la capacidad de pago del pa\u00eds y el frente externo. <strong>&#8220;No me preocupa que la Argentina tenga el dinero para pagar. Sigan comprando [reservas]&#8221;<\/strong>, afirm\u00f3. Tambi\u00e9n destac\u00f3 que el Banco Central ya acumula <strong>m\u00e1s de US$13.000 millones<\/strong> en compras de divisas desde comienzos de a\u00f1o y asegur\u00f3: <strong>&#8220;Prevemos que las reservas continuar\u00e1n aumentando&#8221;<\/strong>. <h2><strong>El reconocimiento al Gobierno y al &#8220;sacrificio&#8221; de los argentinos<\/strong><\/h2> Al comenzar su exposici\u00f3n, Georgieva record\u00f3 su primera experiencia al frente del FMI y compar\u00f3 el escenario actual con el de hace seis a\u00f1os. <strong>&#8220;Cuando empec\u00e9 en el puesto, la primera reuni\u00f3n que tuve sobre un pa\u00eds fue sobre <\/strong><a href=\"https:\/\/eleconomista.com.ar\/tags\/argentina-t190\"><strong>Argentina<\/strong><\/a><strong>, en 2019. En ese momento, la pregunta era si <\/strong><a href=\"https:\/\/eleconomista.com.ar\/tags\/argentina-t190\"><strong>Argentina<\/strong><\/a><strong> pod\u00eda mantenerse a la altura de sostener los pagos de su deuda. Esa no es la pregunta que tenemos que hacernos hoy. <\/strong><a href=\"https:\/\/eleconomista.com.ar\/tags\/argentina-t190\"><strong>Argentina<\/strong><\/a><strong> est\u00e1 en una situaci\u00f3n m\u00e1s s\u00f3lida gracias al trabajo arduo del Gobierno, y la perseverancia y el sacrificio del pueblo argentino&#8221;<\/strong>, expres\u00f3. Por su parte, <strong>Luis Caputo<\/strong> destac\u00f3 el v\u00ednculo construido con el organismo durante la gesti\u00f3n de <a href=\"https:\/\/eleconomista.com.ar\/tags\/javier-milei-t1464\">Javier Milei<\/a>: <strong>&#8220;La relaci\u00f3n de <\/strong><a href=\"https:\/\/eleconomista.com.ar\/tags\/argentina-t190\"><strong>Argentina<\/strong><\/a><strong> con el FMI es excelente a todo nivel, hemos tenido siempre una relaci\u00f3n de respeto, profesional, de confianza y di\u00e1logo continuo con el Fondo, pero me gustar\u00eda remarcar que he sentido esa confianza de Kristalina desde el d\u00eda uno, cuando no era tan sencillo confiar en <\/strong><a href=\"https:\/\/eleconomista.com.ar\/tags\/argentina-t190\"><strong>Argentina<\/strong><\/a><strong>, en nuestro programa econ\u00f3mico, y esa confianza y apoyo se fue solidificando con el correr de los meses&#8221;<\/strong>. La titular del FMI tambi\u00e9n vincul\u00f3 la desaceleraci\u00f3n de la inflaci\u00f3n con la mejora de los indicadores sociales. <strong>&#8220;Cuando la inflaci\u00f3n baja, se convierte en un impuesto para todos, pero especialmente para los m\u00e1s pobres&#8221;<\/strong>, sostuvo. Y agreg\u00f3: <strong>&#8220;Esto reduce los \u00edndices de pobreza. Y cuando el Gobierno demuestra claramente su apoyo a las personas vulnerables, en especial a las familias con hijos, vemos reflejado este apoyo en la reducci\u00f3n de la pobreza, que pas\u00f3 de m\u00e1s del 50% al 28% actual&#8221;<\/strong>. <h2><strong>El desaf\u00edo que plante\u00f3 el FMI<\/strong><\/h2>M\u00e1s all\u00e1 del respaldo al programa econ\u00f3mico, Georgieva plante\u00f3 que el pr\u00f3ximo paso ser\u00e1 lograr que el crecimiento llegue a m\u00e1s sectores de la econom\u00eda. En ese sentido, se\u00f1al\u00f3 que la mejora de la calificaci\u00f3n del pa\u00eds tambi\u00e9n favorece a las provincias y a las empresas: <strong>&#8220;Cuando las agencias califican al pa\u00eds&#8221;<\/strong> es positivo para <strong>&#8220;las capacidades de las provincias y empresas&#8221;<\/strong> a la hora de <strong>&#8220;acceder al mercado y contar con buenos precios. Eso se traduce en oportunidades de crecimiento para <\/strong><a href=\"https:\/\/eleconomista.com.ar\/tags\/argentina-t190\"><strong>Argentina<\/strong><\/a><strong>&#8220;<\/strong>. <h2><strong>&#8220;Las pymes generan la mayor\u00eda de los empleos&#8221;<\/strong><\/h2>En el cierre de su exposici\u00f3n, Georgieva sostuvo que el principal desaf\u00edo ya no pasa por estabilizar la econom\u00eda sino por lograr que el crecimiento alcance a m\u00e1s sectores. <strong>&#8220;\u00bfQu\u00e9 podemos hacer para que el crecimiento en Argentina se distribuya de manera m\u00e1s equitativa?&#8221;<\/strong>, plante\u00f3. Luego respondi\u00f3: <strong>&#8220;\u00bfQu\u00e9 podemos hacer espec\u00edficamente para apoyar a Argentina y facilitar a\u00fan m\u00e1s las condiciones financieras, de modo que las peque\u00f1as empresas y los hogares puedan acceder a pr\u00e9stamos y esto se traduzca en una mayor prosperidad compartida en el pa\u00eds? Sabemos que las pymes generan la mayor\u00eda de los empleos y, por lo tanto, impulsar el consumo permite que m\u00e1s peque\u00f1as empresas prosperen&#8221;<\/strong>. <a href=\"https:\/\/www.google.com\/preferences\/source?q=eleconomista.com.ar\" target=\"_blank\" rel=\"noopener nofollow\">   <span>Segu\u00ed a El Economista en Google<\/span> <span>Agreganos a tus medios preferidos.<\/span>  + Agregar <\/a> <\/article><\/div><\/div><\/p>\n                                        \n                                        \n                                        <p>Fuente: <a href=\"https:\/\/eleconomista.com.ar\/economia\/georgieva-argentinos-tienen-dar-vuelta-pagina-confianza-mercado-ha-regresado-n96980\">Enlace original<\/a><\/p>\n                                        ","protected":false},"excerpt":{"rendered":"<p>La directora gerente del Fondo Monetario Internacional (FMI), Kristalina Georgieva, destac\u00f3 este lunes los avances de la econom\u00eda de Argentina durante una conferencia de prensa junto al ministro de Econom\u00eda, Luis Caputo. La titular del organismo elogi\u00f3 la baja de la inflaci\u00f3n, la mejora de las cuentas p\u00fablicas y la acumulaci\u00f3n de reservas, al tiempo [&hellip;]<\/p>\n","protected":false},"author":1,"featured_media":2300,"comment_status":"open","ping_status":"","sticky":false,"template":"template-ancho-completo.php","format":"standard","meta":{"content-type":"","footnotes":"","jetpack_publicize_message":"","jetpack_publicize_feature_enabled":true,"jetpack_social_post_already_shared":true,"jetpack_social_options":{"image_generator_settings":{"template":"highway","default_image_id":0,"font":"","enabled":false},"version":2}},"categories":[59],"tags":[],"class_list":["post-2301","post","type-post","status-publish","format-standard","has-post-thumbnail","hentry","category-eleconomista"],"aioseo_notices":[],"jetpack_publicize_connections":[],"_links":{"self":[{"href":"https:\/\/contabilidadfamiliar.com\/index.php\/wp-json\/wp\/v2\/posts\/2301","targetHints":{"allow":["GET"]}}],"collection":[{"href":"https:\/\/contabilidadfamiliar.com\/index.php\/wp-json\/wp\/v2\/posts"}],"about":[{"href":"https:\/\/contabilidadfamiliar.com\/index.php\/wp-json\/wp\/v2\/types\/post"}],"author":[{"embeddable":true,"href":"https:\/\/contabilidadfamiliar.com\/index.php\/wp-json\/wp\/v2\/users\/1"}],"replies":[{"embeddable":true,"href":"https:\/\/contabilidadfamiliar.com\/index.php\/wp-json\/wp\/v2\/comments?post=2301"}],"version-history":[{"count":0,"href":"https:\/\/contabilidadfamiliar.com\/index.php\/wp-json\/wp\/v2\/posts\/2301\/revisions"}],"wp:featuredmedia":[{"embeddable":true,"href":"https:\/\/contabilidadfamiliar.com\/index.php\/wp-json\/wp\/v2\/media\/2300"}],"wp:attachment":[{"href":"https:\/\/contabilidadfamiliar.com\/index.php\/wp-json\/wp\/v2\/media?parent=2301"}],"wp:term":[{"taxonomy":"category","embeddable":true,"href":"https:\/\/contabilidadfamiliar.com\/index.php\/wp-json\/wp\/v2\/categories?post=2301"},{"taxonomy":"post_tag","embeddable":true,"href":"https:\/\/contabilidadfamiliar.com\/index.php\/wp-json\/wp\/v2\/tags?post=2301"}],"curies":[{"name":"wp","href":"https:\/\/api.w.org\/{rel}","templated":true}]}}