{"id":2295,"date":"2026-07-28T03:36:29","date_gmt":"2026-07-28T03:36:29","guid":{"rendered":"https:\/\/contabilidadfamiliar.com\/index.php\/2026\/07\/28\/tiene-101-anos-maneja-y-traba-todos-los-dias-y-se-volvio-una-sensacion-en-las-redes-sociales\/"},"modified":"2026-07-28T03:36:29","modified_gmt":"2026-07-28T03:36:29","slug":"tiene-101-anos-maneja-y-traba-todos-los-dias-y-se-volvio-una-sensacion-en-las-redes-sociales","status":"publish","type":"post","link":"https:\/\/contabilidadfamiliar.com\/index.php\/2026\/07\/28\/tiene-101-anos-maneja-y-traba-todos-los-dias-y-se-volvio-una-sensacion-en-las-redes-sociales\/","title":{"rendered":"Tiene 101 a\u00f1os, maneja y traba todos los d\u00edas y se volvi\u00f3 una sensaci\u00f3n en las redes sociales"},"content":{"rendered":" \n                                        <p><div class=\"extracted-content\"><div id=\"readability-page-1\" class=\"page\"><div> <h3>Puntos importantes<\/h3>  <span>Marta Echaul, empresaria centenaria, maneja su auto y su empresa de transportes fundada hace 50 a\u00f1os.<\/span>   <span>Se volvi\u00f3 influencer con +125.000 seguidores y oradora destacada en Experiencia Endeavor, inspirando a j\u00f3venes.<\/span>   <span>No tiene secretos de longevidad; promueve vivir activamente, salir de la cama y trabajar con pasi\u00f3n y prop\u00f3sito.<\/span>  <\/div><div> &#8220;Llegu\u00e9 a los 100 a\u00f1os, manejo mi auto y mi empresa; soy lectora; no me gusta ir al m\u00e9dico y tomo vino y mate todos los d\u00edas&#8221;. As\u00ed se define Marta Echaul en las redes (que administra su nieta). Esta abuela <strong>empresaria<\/strong> tiene m\u00e1s de 125.000 seguidores en<strong> Instagram<\/strong>; sus videos se han vuelto virales en<strong> Tik Tok <\/strong>y fue una de las oradoras m\u00e1s ovacionadas del evento empresarial Experiencia Endeavor que se realiz\u00f3 en junio en Centro de Convenciones de Buenos Aires. Marta naci\u00f3 en Buenos Aires en 1925, y pas\u00f3 su infancia y adolescencia en el barrio de Once, donde &#8220;todav\u00eda pasaban los tranv\u00edas y el carro del lechero&#8221;, rememora. Cuenta que <strong>su primera vocaci\u00f3n fue ser m\u00e9dica cirujana<\/strong>, pero su padre, un comerciante de ascendencia \u00e1rabe, se opon\u00eda. A los 19 a\u00f1os se cas\u00f3 con Isaac, su primer novio que, casualmente, era su primo hermano. &#8220;Antes era la mujer detr\u00e1s del hombre. Pero yo no, yo estaba a la par&#8221;, cont\u00f3 en una entrevista. Estuvieron <strong>59 a\u00f1os juntos<\/strong> \u00bfLa clave? &#8220;Amor y respeto. Sin respeto no se llega a nada&#8221;, se\u00f1al\u00f3. <span>Finalmente, a los 50 a\u00f1os, luego de criar a dos hijos y trabajar en su casa y vendiendo seguros, <strong>Marta decidi\u00f3 fundar su propia empresa<\/strong>.<\/span> \u00bfC\u00f3mo empez\u00f3? &#8220;Yo empec\u00e9 a asegurar compa\u00f1\u00edas de transporte y me gust\u00f3 el rubro. Entonces me dije, quiero tener una empresa transportista&#8221;. As\u00ed fund\u00f3 &#8220;Transporte Santa Marta del Norte&#8221;, una compa\u00f1\u00eda localizada en el barrio porte\u00f1o de Pompeya que hace env\u00edos y mudanzas, desde y hacia todo el Norte Argentino y hoy <strong>exclusivamente a Santiago del Estero<\/strong>. <h2>Constancia y esp\u00edritu emprendedor<\/h2> <span>&#8220;Fund\u00e9 la empresa yo sola. Nadie se meti\u00f3 ni me dijo nada en los \u00faltimos 50 a\u00f1os&#8221;, <\/span>afirm\u00f3 Marta en su disertaci\u00f3n ante miles de j\u00f3venes emprendedores en Experiencia Endeavor Buenos Aires. Todos los d\u00edas, desayuna mate con galletitas y un vaso de jugo en su casa y <strong>conduce su propio auto hasta la sede de la compa\u00f1\u00eda<\/strong>, en Pompeya. &#8220;Siempre me manej\u00e9 con mi auto. Me da m\u00e1s libertad. Ahora que soy adulta mayor, me dan el registro por un a\u00f1o nom\u00e1s&#8221;, confes\u00f3. &#8220;Apenas llego, me fijo si los camiones est\u00e1n bien cargados. Y si veo que no acomodaron bien las cosas, les pido que bajen todo y vuelvan a cargarlo. Las mujeres trabajamos en el primer piso, en la oficina, y los hombres en el dep\u00f3sito&#8221;, describi\u00f3. En la empresa la acompa\u00f1a y asiste su hija, y su nieta se encarga de las redes sociales, en las que <strong>Marta ya es toda una celebridad<\/strong>. A lo largo de su vida, Marta atraves\u00f3 numerosas p\u00e9rdidas y situaciones dolorosas, como el fallecimiento de su esposo y de su hijo. &#8220;En esos momentos, la empresa fue parte de mi reconstrucci\u00f3n espiritual. Yo trabajo para seguir viva&#8221;, asegur\u00f3. <h2>Una vida con prop\u00f3sito<\/h2> A meses de cumplir 101 a\u00f1os (el 13 de septiembre) Marta dice que se siente bien, aunque est\u00e1 un poco desgastada. Y no tiene secretos para explicar su longevidad: &#8220;camino muy poco, nunca hice gimnasia, <strong>me duermo a las dos o tres de la ma\u00f1ana<\/strong>&#8230;y no tomo agua: prefiero gaseosa, soda o vino&#8221;, cont\u00f3. <span>&#8220;Hay que exigirle al esp\u00edritu y ense\u00f1arle que siempre tiene que ir para adelante. Yo dejo que mi cuerpo trabaje y se defienda solo.<\/span> Fum\u00e9 durante 20 a\u00f1os, pero lo dej\u00e9 hace mucho. Lo que no faltaba en la mesa con mi esposo era la copita de vino. Ahora \u00e9l no est\u00e1, pero sigo con la copita&#8221;, reconoci\u00f3. El a\u00f1o pasado, a instancias de su nieta, <strong>Marta lanz\u00f3 un vino Malbec<\/strong> al que bautiz\u00f3 Santa Marta y lleva su rostro estampado en la etiqueta. Lo vende en su cuenta oficial de Instagram, y tambi\u00e9n lo regala a cualquier persona centenaria que lo reclame. En sus videos de Instagram, Marta confiesa que el primer obst\u00e1culo a vencer todos los d\u00edas est\u00e1 en la propia casa. &#8220;Hay que salir de la cama. <strong>La cama es un tent\u00e1culo que te agarra y te echa a perder<\/strong> si te qued\u00e1s ah\u00ed, sentado frente al televisor&#8221;, advierte y recomienda &#8220;No hay que quedarse encerrada. A m\u00ed me gusta vivir, no quiero subsistir. No quiero que me vengan a visitar 15 minutos&#8230; Yo agarro mi auto y me voy a donde quiero. No le pido permiso a nadie. Me gusta ir a cenar afuera. Antes iba m\u00e1s, porque ten\u00eda m\u00e1s compa\u00f1\u00eda. Pero desgraciadamente, a una amiga le agarr\u00f3 Alzheimer, otra est\u00e1 enferma&#8230; Pero siempre me las arreglo para hacer algo. Eso s\u00ed, ya no hago viajes largos; mi hija prefiere que est\u00e9 cerca. Por si me pasa algo&#8221;. <h2>Su mensaje para las j\u00f3venes<\/h2> A lo largo de 50 a\u00f1os al frente de su empresa, Marta atraves\u00f3 m\u00faltiples crisis, altibajos econ\u00f3micos y una pandemia. &#8220;Estuvimos varios meses sin abrir, y por suerte yo ten\u00eda mis ahorros. <strong>Siempre hay que tener un colchoncito<\/strong>&#8220;, recomend\u00f3. &#8220;Eso no lo aprend\u00ed en una academia. Fui aprendiendo con algunos golpecitos que me dio la vida, y observando a las personas&#8221;. En cuanto al manejo de la empresa, Marta cont\u00f3: &#8220;Al principio ten\u00eda camiones grandes\u2026 y hab\u00eda que hacer <strong>1.500 kil\u00f3metros hasta Santiago del Estero<\/strong>.. Siempre se pinchaban gomas y hab\u00eda problemas\u2026 entonces ahora contrato fletes m\u00e1s chicos&#8221;, confes\u00f3. A la hora de responder cu\u00e1l fue el d\u00eda m\u00e1s feliz de su vida, no dud\u00f3: &#8220;Cuando tuve a mis hijos&#8221;. \u00bfLo mejor de vivir? &#8220;Que te quieran, as\u00ed vas a seguir viviendo muchos a\u00f1os a\u00fan despu\u00e9s de que te vas&#8221;. <span>Y por \u00faltimo, dej\u00f3 un mensaje y un pedido para los j\u00f3venes: Que quieran a la Argentina y quieran trabajar bien. <strong>Que no busquen ser ricos sino hacer algo que les guste y sirva a los dem\u00e1s<\/strong>.<\/span> Que se esfuercen, porque nada llega de un d\u00eda para el otro salvo que te ganes la loter\u00eda. Si terminan siendo ricos, que sea porque trabajaron y lucharon por sus sue\u00f1os. Hay que poner cabeza y coraz\u00f3n, tener confianza y tambi\u00e9n un poco de suerte&#8221;. <\/div><\/div><\/div><\/p>\n                                        \n                                        \n                                        <p>Fuente: <a href=\"https:\/\/www.iprofesional.com\/management\/460267-tiene-101-anos-maneja-y-traba-todos-los-dias-y-es-una-sensacion-en-las-redes-sociales\">Enlace original<\/a><\/p>\n                                        ","protected":false},"excerpt":{"rendered":"<p>Puntos importantes Marta Echaul, empresaria centenaria, maneja su auto y su empresa de transportes fundada hace 50 a\u00f1os. Se volvi\u00f3 influencer con +125.000 seguidores y oradora destacada en Experiencia Endeavor, inspirando a j\u00f3venes. No tiene secretos de longevidad; promueve vivir activamente, salir de la cama y trabajar con pasi\u00f3n y prop\u00f3sito. &#8220;Llegu\u00e9 a los 100 [&hellip;]<\/p>\n","protected":false},"author":1,"featured_media":2294,"comment_status":"open","ping_status":"","sticky":false,"template":"template-ancho-completo.php","format":"standard","meta":{"content-type":"","footnotes":"","jetpack_publicize_message":"","jetpack_publicize_feature_enabled":true,"jetpack_social_post_already_shared":true,"jetpack_social_options":{"image_generator_settings":{"template":"highway","default_image_id":0,"font":"","enabled":false},"version":2}},"categories":[58],"tags":[],"class_list":["post-2295","post","type-post","status-publish","format-standard","has-post-thumbnail","hentry","category-iprofessional"],"aioseo_notices":[],"jetpack_publicize_connections":[],"_links":{"self":[{"href":"https:\/\/contabilidadfamiliar.com\/index.php\/wp-json\/wp\/v2\/posts\/2295","targetHints":{"allow":["GET"]}}],"collection":[{"href":"https:\/\/contabilidadfamiliar.com\/index.php\/wp-json\/wp\/v2\/posts"}],"about":[{"href":"https:\/\/contabilidadfamiliar.com\/index.php\/wp-json\/wp\/v2\/types\/post"}],"author":[{"embeddable":true,"href":"https:\/\/contabilidadfamiliar.com\/index.php\/wp-json\/wp\/v2\/users\/1"}],"replies":[{"embeddable":true,"href":"https:\/\/contabilidadfamiliar.com\/index.php\/wp-json\/wp\/v2\/comments?post=2295"}],"version-history":[{"count":0,"href":"https:\/\/contabilidadfamiliar.com\/index.php\/wp-json\/wp\/v2\/posts\/2295\/revisions"}],"wp:featuredmedia":[{"embeddable":true,"href":"https:\/\/contabilidadfamiliar.com\/index.php\/wp-json\/wp\/v2\/media\/2294"}],"wp:attachment":[{"href":"https:\/\/contabilidadfamiliar.com\/index.php\/wp-json\/wp\/v2\/media?parent=2295"}],"wp:term":[{"taxonomy":"category","embeddable":true,"href":"https:\/\/contabilidadfamiliar.com\/index.php\/wp-json\/wp\/v2\/categories?post=2295"},{"taxonomy":"post_tag","embeddable":true,"href":"https:\/\/contabilidadfamiliar.com\/index.php\/wp-json\/wp\/v2\/tags?post=2295"}],"curies":[{"name":"wp","href":"https:\/\/api.w.org\/{rel}","templated":true}]}}