{"id":2234,"date":"2026-07-26T03:44:14","date_gmt":"2026-07-26T03:44:14","guid":{"rendered":"https:\/\/contabilidadfamiliar.com\/index.php\/2026\/07\/26\/abrio-un-nuevo-cine-en-un-barrio-de-buenos-aires-donde-hasta-ahora-no-existian-las-salas\/"},"modified":"2026-07-26T03:44:14","modified_gmt":"2026-07-26T03:44:14","slug":"abrio-un-nuevo-cine-en-un-barrio-de-buenos-aires-donde-hasta-ahora-no-existian-las-salas","status":"publish","type":"post","link":"https:\/\/contabilidadfamiliar.com\/index.php\/2026\/07\/26\/abrio-un-nuevo-cine-en-un-barrio-de-buenos-aires-donde-hasta-ahora-no-existian-las-salas\/","title":{"rendered":"Abri\u00f3 un nuevo cine en un barrio de Buenos Aires donde hasta ahora no exist\u00edan las salas"},"content":{"rendered":" \n                                        <p><div class=\"extracted-content\"><div id=\"readability-page-1\" class=\"page\"><div>  Una de las cadenas m\u00e1s populares de cines del pa\u00eds abri\u00f3 cinco salas en un centro comercial clave para miles de porte\u00f1os y los vecinos lo festejaron  <strong>25\/07\/2026<\/strong> &#8211; 16:56hs <div> <picture> <source type=\"image\/webp\" media=\"(max-width: 642px)\" srcset=\"https:\/\/resizer.iproimg.com\/unsafe\/384x\/filters:format(webp):quality(75):max_bytes(102400)\/https:\/\/assets.iprofesional.com\/assets\/jpg\/2026\/04\/615249.jpg 384w, https:\/\/resizer.iproimg.com\/unsafe\/512x\/filters:format(webp):quality(75):max_bytes(102400)\/https:\/\/assets.iprofesional.com\/assets\/jpg\/2026\/04\/615249.jpg 512w, https:\/\/resizer.iproimg.com\/unsafe\/640x\/filters:format(webp):quality(75):max_bytes(102400)\/https:\/\/assets.iprofesional.com\/assets\/jpg\/2026\/04\/615249.jpg 640w\" sizes=\"100vw\"> <source type=\"image\/webp\" media=\"(min-width: 642.01px) and (max-width: 1270px)\" srcset=\"https:\/\/resizer.iproimg.com\/unsafe\/614x\/filters:format(webp):quality(75):max_bytes(102400)\/https:\/\/assets.iprofesional.com\/assets\/jpg\/2026\/04\/615249.jpg 614w\" sizes=\"614px\"> <source type=\"image\/webp\" media=\"(min-width: 1270.01px) and (max-width: 1898px)\" srcset=\"https:\/\/resizer.iproimg.com\/unsafe\/928x\/filters:format(webp):quality(75):max_bytes(102400)\/https:\/\/assets.iprofesional.com\/assets\/jpg\/2026\/04\/615249.jpg 928w\" sizes=\"928px\"> <source type=\"image\/webp\" media=\"(min-width: 1898.01px)\" srcset=\"https:\/\/resizer.iproimg.com\/unsafe\/1270x\/filters:format(webp):quality(75):max_bytes(102400)\/https:\/\/assets.iprofesional.com\/assets\/jpg\/2026\/04\/615249.jpg 1270w\" sizes=\"1270px\"> <\/picture> <\/div> <\/div><div> La <a href=\"https:\/\/www.iprofesional.com\/recreo\/459876-cinco-opciones-para-llevar-a-los-chicos-al-teatro-en-vacaciones-de-invierno\" target=\"_blank\" rel=\"noopener noreferrer\">oferta cultural y de entretenimiento en la Ciudad de Buenos Aires<\/a> sum\u00f3 un hito hist\u00f3rico para la geograf\u00eda del sur porte\u00f1o. En el marco de un proyecto de expansi\u00f3n comercial e infraestructura urbana, la reconocida cadena <strong>Cinemark inaugur\u00f3 formalmente un moderno complejo cinematogr\u00e1fico de cinco salas en el barrio de Villa Lugano.<\/strong> La apertura resuelve una demanda hist\u00f3rica para los residentes de la zona, quienes hasta el momento deb\u00edan trasladarse un promedio de 10 a 12 kil\u00f3metros hacia barrios como Flores o Caballito para poder acceder a una funci\u00f3n de cine comercial en pantalla grande. El nuevo complejo se encuentra emplazado <strong>en el predio del centro comercial Factory Parque Brown<\/strong> (ubicado sobre la Av. Fern\u00e1ndez de la Cruz 4602). Las instalaciones cuentan con capacidad total para albergar a <strong>m\u00e1s de 1.000 espectadores en simult\u00e1neo<\/strong>, integr\u00e1ndose a un polo que ya re\u00fane m\u00e1s de 80 locales de indumentaria, jugueter\u00eda, art\u00edculos para el hogar, un patio de comidas y un hipermercado Jumbo. La llegada de las salas beneficia de forma directa a las familias de la Comuna 8 -que abarca a Villa Lugano, Villa Soldati y Villa Riachuelo-, un sector que<strong> acumulaba d\u00e9cadas sin oferta cinematogr\u00e1fica de gran escala.<\/strong> &#8220;Que lindo que vengan a nuestro barrio. Bienvenidos, es una noticia que hace mucho tiempo era esperada. Me da mucha alegr\u00eda, espero ir pronto&#8221;, escribi\u00f3 una de las vecinas del barrio en las redes sociales de Cinemark, mientras que otra coment\u00f3: &#8220;Tenemos cine cerquita, qu\u00e9 lindo!&#8221;.&nbsp;La propuesta busca consolidarse como un nodo de entretenimiento barrial, aprovechando la conectividad de la zona mediante las l\u00edneas de colectivo 101, 114, 143, 145 y 150, adem\u00e1s del servicio del Premetro a trav\u00e9s de la estaci\u00f3n Escalada. <h2>Nuevo Cinemark en Lugano: la sinergia con el polo comercial, educativo y deportivo del sur<\/h2> La inauguraci\u00f3n del complejo de cines se complementa con un entorno que ha registrado un paulatino incremento en su flujo diario de personas. A pocas cuadras de las nuevas salas se ubica la sede de la Universidad de Buenos Aires donde se dicta el Ciclo B\u00e1sico Com\u00fan (CBC), sumado a la cercan\u00eda con el Parque de la Ciudad y el Parque Ol\u00edmpico. Esta inversi\u00f3n privada en el sector del entretenimiento se enmarca en la estrategia de desarrollo urbano para la Comuna 8, la cual busca atraer radicaciones comerciales y productivas para diversificar la oferta de servicios en la zona sur de la Capital. El plan de transformaci\u00f3n del \u00e1rea contempla adem\u00e1s los siguientes proyectos e infraestructuras en marcha: <ul> <li>Inversi\u00f3n residencial: Construcci\u00f3n de viviendas en 20 lotes que sumar\u00e1n 1.000 unidades habitacionales y 22 locales comerciales.<\/li> <li>Infraestructura deportiva de alto rendimiento: Remodelaci\u00f3n del Aut\u00f3dromo Juan y Oscar G\u00e1lvez con miras a recibir al MotoGP, desarrollo de un nuevo kart\u00f3dromo internacional en el Parque Ribera Sur y consolidaci\u00f3n del Estadio Mary Ter\u00e1n de Weiss como sede de torneos internacionales de p\u00e1del.<\/li> <li>Polo Log\u00edstico y Farmac\u00e9utico: Construcci\u00f3n de un centro log\u00edstico con 10 naves met\u00e1licas junto al Centro de Transferencia y la radicaci\u00f3n de laboratorios medicinales dentro del Polo Farmac\u00e9utico para la generaci\u00f3n de empleo local.<\/li> <\/ul> <\/div><\/div><\/div><\/p>\n                                        \n                                        \n                                        <p>Fuente: <a href=\"https:\/\/www.iprofesional.com\/recreo\/460565-abrio-un-nuevo-cine-en-un-barrio-de-buenos-aires-donde-no-existian-las-salas\">Enlace original<\/a><\/p>\n                                        ","protected":false},"excerpt":{"rendered":"<p>Una de las cadenas m\u00e1s populares de cines del pa\u00eds abri\u00f3 cinco salas en un centro comercial clave para miles de porte\u00f1os y los vecinos lo festejaron 25\/07\/2026 &#8211; 16:56hs La oferta cultural y de entretenimiento en la Ciudad de Buenos Aires sum\u00f3 un hito hist\u00f3rico para la geograf\u00eda del sur porte\u00f1o. En el marco [&hellip;]<\/p>\n","protected":false},"author":1,"featured_media":2233,"comment_status":"open","ping_status":"","sticky":false,"template":"template-ancho-completo.php","format":"standard","meta":{"content-type":"","footnotes":"","jetpack_publicize_message":"","jetpack_publicize_feature_enabled":true,"jetpack_social_post_already_shared":true,"jetpack_social_options":{"image_generator_settings":{"template":"highway","default_image_id":0,"font":"","enabled":false},"version":2}},"categories":[58],"tags":[],"class_list":["post-2234","post","type-post","status-publish","format-standard","has-post-thumbnail","hentry","category-iprofessional"],"aioseo_notices":[],"jetpack_publicize_connections":[],"_links":{"self":[{"href":"https:\/\/contabilidadfamiliar.com\/index.php\/wp-json\/wp\/v2\/posts\/2234","targetHints":{"allow":["GET"]}}],"collection":[{"href":"https:\/\/contabilidadfamiliar.com\/index.php\/wp-json\/wp\/v2\/posts"}],"about":[{"href":"https:\/\/contabilidadfamiliar.com\/index.php\/wp-json\/wp\/v2\/types\/post"}],"author":[{"embeddable":true,"href":"https:\/\/contabilidadfamiliar.com\/index.php\/wp-json\/wp\/v2\/users\/1"}],"replies":[{"embeddable":true,"href":"https:\/\/contabilidadfamiliar.com\/index.php\/wp-json\/wp\/v2\/comments?post=2234"}],"version-history":[{"count":0,"href":"https:\/\/contabilidadfamiliar.com\/index.php\/wp-json\/wp\/v2\/posts\/2234\/revisions"}],"wp:featuredmedia":[{"embeddable":true,"href":"https:\/\/contabilidadfamiliar.com\/index.php\/wp-json\/wp\/v2\/media\/2233"}],"wp:attachment":[{"href":"https:\/\/contabilidadfamiliar.com\/index.php\/wp-json\/wp\/v2\/media?parent=2234"}],"wp:term":[{"taxonomy":"category","embeddable":true,"href":"https:\/\/contabilidadfamiliar.com\/index.php\/wp-json\/wp\/v2\/categories?post=2234"},{"taxonomy":"post_tag","embeddable":true,"href":"https:\/\/contabilidadfamiliar.com\/index.php\/wp-json\/wp\/v2\/tags?post=2234"}],"curies":[{"name":"wp","href":"https:\/\/api.w.org\/{rel}","templated":true}]}}