{"id":2212,"date":"2026-07-24T03:50:55","date_gmt":"2026-07-24T03:50:55","guid":{"rendered":"https:\/\/contabilidadfamiliar.com\/index.php\/2026\/07\/24\/se-vende-metrogas-manzano-pierri-y-otros-tres-grupos-empresarios-compiten-por-la-distribuidora-de-ypf\/"},"modified":"2026-07-24T03:50:55","modified_gmt":"2026-07-24T03:50:55","slug":"se-vende-metrogas-manzano-pierri-y-otros-tres-grupos-empresarios-compiten-por-la-distribuidora-de-ypf","status":"publish","type":"post","link":"https:\/\/contabilidadfamiliar.com\/index.php\/2026\/07\/24\/se-vende-metrogas-manzano-pierri-y-otros-tres-grupos-empresarios-compiten-por-la-distribuidora-de-ypf\/","title":{"rendered":"Se vende Metrogas: Manzano, Pierri y otros tres grupos empresarios compiten por la distribuidora de YPF"},"content":{"rendered":" \n                                        <p><div class=\"extracted-content\"><div id=\"readability-page-1\" class=\"page\"><div id=\"__next\"><header><div><span>Noticias hoy<\/span><ul><\/ul><\/div><\/header><section id=\"NewsContainer\"><article id=\"storyBody\"><div id=\"cuerpo\"><div id=\"element-body-0\">El Citibank recibir\u00e1 este jueves las ofertas vinculantes para la <strong>compra del 70% de acciones que la petrolera YPF<\/strong> tiene en <a href=\"https:\/\/www.clarin.com\/economia\/metrogas-reparte-dividendos-primera-vez-25-anos-cambiar-duenos_0_ivHnH67757.html\" target=\"_blank\" title=\"la distribuidora de gas Metrogas, que estar\u00eda valuada entre 500 y 800 millones de d\u00f3lares\" alt=\"la distribuidora de gas Metrogas, que estar\u00eda valuada entre 500 y 800 millones de d\u00f3lares\">la distribuidora de gas <\/a><strong><a href=\"https:\/\/www.clarin.com\/economia\/metrogas-reparte-dividendos-primera-vez-25-anos-cambiar-duenos_0_ivHnH67757.html\" target=\"_blank\" title=\"la distribuidora de gas Metrogas, que estar\u00eda valuada entre 500 y 800 millones de d\u00f3lares\" alt=\"la distribuidora de gas Metrogas, que estar\u00eda valuada entre 500 y 800 millones de d\u00f3lares\">Metrogas<\/a><\/strong><a href=\"https:\/\/www.clarin.com\/economia\/metrogas-reparte-dividendos-primera-vez-25-anos-cambiar-duenos_0_ivHnH67757.html\" target=\"_blank\" title=\"la distribuidora de gas Metrogas, que estar\u00eda valuada entre 500 y 800 millones de d\u00f3lares\" alt=\"la distribuidora de gas Metrogas, que estar\u00eda valuada entre 500 y 800 millones de d\u00f3lares\">, que estar\u00eda valuada<\/a><strong><a href=\"https:\/\/www.clarin.com\/economia\/metrogas-reparte-dividendos-primera-vez-25-anos-cambiar-duenos_0_ivHnH67757.html\" target=\"_blank\" title=\"la distribuidora de gas Metrogas, que estar\u00eda valuada entre 500 y 800 millones de d\u00f3lares\" alt=\"la distribuidora de gas Metrogas, que estar\u00eda valuada entre 500 y 800 millones de d\u00f3lares\"> entre 500 y 800 millones de d\u00f3lares<\/a><\/strong>.<\/div>Por estas horas se terminar\u00e1 de confirmar el inter\u00e9s de cinco grupos econ\u00f3micos que llegaron al final del proceso. Son:<div id=\"element-body-2\"><ul><li><strong>Andina PLC<\/strong>, encabezada por <strong>Jos\u00e9 Luis Manzano, Daniel Vila <\/strong>y Mauricio Filiberti, que es la misma firma que posee Edenor. Manzano es controlante de Integra Capital, que ya tiene el 9% de participaci\u00f3n accionaria en Metrogas.<\/li><li>El<strong> grupo Pierri<\/strong>, de <strong>Alberto Pierri<\/strong>, due\u00f1o de Telecentro y de Canal 26, sin tradici\u00f3n en el sector energ\u00e9tico.<\/li><li><strong>Central Puerto<\/strong>, <em>holding <\/em>accionista de la distribuidora <strong>Ecogas<\/strong>, integrado por<strong> Guillermo Reca<\/strong>, <strong>Eduardo Escasany <\/strong>-due\u00f1o del Banco Galicia-, Ronaldo Strazzolini, Claudio P\u00e9rez Moore y por el recientemente fallecido Carlos Miguens.<\/li><li>El fondo <strong>Sophia Capital<\/strong>, accionista de la distribuidora <strong>Litoral Gas<\/strong>.<\/li><li><strong>MSU<\/strong>, de <strong>Manuel Santos Uribelarrea<\/strong>, due\u00f1o de activos agropecuarios, de energ\u00edas renovables, centrales termoel\u00e9ctricas e hidroel\u00e9ctricas.<\/li><\/ul><\/div>Como cont\u00f3 <strong>Clar\u00edn <\/strong>la semana pasada, <strong>Germ\u00e1n Neuss<\/strong>, due\u00f1o de Neuss Capital y hermano de Juan y Patricio -que se vienen expandiendo aceleradamente en el sector con su participaci\u00f3n en Edison Inversiones- <strong>se dio de baja del proceso, <\/strong>en donde participaba junto al fondo soberano emirat\u00ed Mubadala Capital y la espa\u00f1ola SIA Capital.Los socios de Manzano en Integra Capital -Mercuria- vienen de quedarse recientemente con la refiner\u00eda de Shell en Dock Sud y las 900 estaciones de servicio distribuidas en todo el pa\u00eds, negocio al que entrar\u00e1 Edenor en breve. Junto a Vila y el rosarino Gustavo Scaglione, se qued\u00f3 el a\u00f1o pasado con el canal Telefe, mientras que con Mercuria avanzan en el petr\u00f3leo no convencional de Vaca Muerta.La venta de Metrogas tiene un aspecto regulatorio clave por resolver, que es la <strong>extensi\u00f3n de su licencia por 20 a\u00f1os m\u00e1s.<\/strong> Las \u00e1reas t\u00e9cnicas del Gobierno ya dieron su aprobaci\u00f3n, pero <strong>resta la firma del presidente Javier Milei.<\/strong>El poder para extender las concesiones a las distribuidoras y transportistas de gas fue aprobado por el Congreso en la Ley Bases en 2024. Las licencias fueron otorgadas en 1992 por 35 a\u00f1os y <strong>vencen originalmente en 2027<\/strong>, pero el Estado incumpli\u00f3 sistem\u00e1ticamente con los contratos de concesi\u00f3n, al no otorgar aumentos de tarifas por las recurrentes crisis econ\u00f3micas.En ese sentido, aunque el Poder Ejecutivo pod\u00eda extender por 10 a\u00f1os las licencias, <strong>sumar otros 10 a\u00f1os extra permite negociar a cambio una baja de todos los reclamos judiciales <\/strong>de las empresas por los incumplimientos previos, y un ahorro de miles de millones de d\u00f3lares para el Estado ante posibles fallos adversos.Metrogas atiende a unos 2,4 millones de clientes en la Ciudad de Buenos Aires y el sur del conurbano, donde se concentra la mayor demanda residencial. Por primera vez en 25 a\u00f1os, este jueves <a href=\"https:\/\/www.clarin.com\/economia\/metrogas-reparte-dividendos-primera-vez-25-anos-cambiar-duenos_0_ivHnH67757.html\" target=\"_blank\" title=\"la empresa est\u00e1 distribuyendo dividendos \" alt=\"la empresa est\u00e1 distribuyendo dividendos \">la empresa est\u00e1 distribuyendo dividendos <\/a>a sus accionistas por $ 100.000 millones.En 2025 Metrogas tuvo una ganancia operativa de $ 196.311 millones y una ganancia neta de $ 132.483 millones. Aunque gener\u00f3 un flujo neto de efectivo por sus operaciones de $ 89.042 millones, las inversiones y los gastos financieros provocaron una disminuci\u00f3n neta del efectivo y sus equivalentes por $ 12.029 millones.Estas m\u00e9tricas contables son miradas por los empresarios para evaluar que si pagan 500 millones de d\u00f3lares por Metrogas, reci\u00e9n podr\u00edan recuperar ese efectivo por sus operaciones en 8 a\u00f1os.<em>NE<\/em><\/div><div><picture><\/picture><\/div><div><div>Recib\u00ed en tu mail todas las noticias, historias y an\u00e1lisis de los periodistas de Clar\u00edn<a href=\"https:\/\/www.clarin.com\/newsletters\">QUIERO RECIBIRLO<\/a><\/div><\/div><div><hr><ul><li><a href=\"\/tema\/metrogas.html\">Metrogas<\/a><\/li><li><a href=\"\/tema\/gas.html\">gas<\/a><\/li><li><a href=\"\/tema\/ypf.html\">YPF<\/a><\/li><\/ul><\/div><\/article><\/section><\/div><\/div><\/div><\/p>\n                                        \n                                        \n                                        <p>Fuente: <a href=\"https:\/\/www.clarin.com\/economia\/vende-metrogas-manzano-pierri-3-grupos-empresarios-compiten-distribuidora-ypf_0_ZHdgaNgO2w.html\">Enlace original<\/a><\/p>\n                                        ","protected":false},"excerpt":{"rendered":"<p>Noticias hoy El Citibank recibir\u00e1 este jueves las ofertas vinculantes para la compra del 70% de acciones que la petrolera YPF tiene en la distribuidora de gas Metrogas, que estar\u00eda valuada entre 500 y 800 millones de d\u00f3lares. Por estas horas se terminar\u00e1 de confirmar el inter\u00e9s de cinco grupos econ\u00f3micos que llegaron al final [&hellip;]<\/p>\n","protected":false},"author":1,"featured_media":2211,"comment_status":"open","ping_status":"","sticky":false,"template":"template-ancho-completo.php","format":"standard","meta":{"content-type":"","footnotes":"","jetpack_publicize_message":"","jetpack_publicize_feature_enabled":true,"jetpack_social_post_already_shared":true,"jetpack_social_options":{"image_generator_settings":{"template":"highway","default_image_id":0,"font":"","enabled":false},"version":2}},"categories":[125],"tags":[],"class_list":["post-2212","post","type-post","status-publish","format-standard","has-post-thumbnail","hentry","category-clarin"],"aioseo_notices":[],"jetpack_publicize_connections":[],"_links":{"self":[{"href":"https:\/\/contabilidadfamiliar.com\/index.php\/wp-json\/wp\/v2\/posts\/2212","targetHints":{"allow":["GET"]}}],"collection":[{"href":"https:\/\/contabilidadfamiliar.com\/index.php\/wp-json\/wp\/v2\/posts"}],"about":[{"href":"https:\/\/contabilidadfamiliar.com\/index.php\/wp-json\/wp\/v2\/types\/post"}],"author":[{"embeddable":true,"href":"https:\/\/contabilidadfamiliar.com\/index.php\/wp-json\/wp\/v2\/users\/1"}],"replies":[{"embeddable":true,"href":"https:\/\/contabilidadfamiliar.com\/index.php\/wp-json\/wp\/v2\/comments?post=2212"}],"version-history":[{"count":0,"href":"https:\/\/contabilidadfamiliar.com\/index.php\/wp-json\/wp\/v2\/posts\/2212\/revisions"}],"wp:featuredmedia":[{"embeddable":true,"href":"https:\/\/contabilidadfamiliar.com\/index.php\/wp-json\/wp\/v2\/media\/2211"}],"wp:attachment":[{"href":"https:\/\/contabilidadfamiliar.com\/index.php\/wp-json\/wp\/v2\/media?parent=2212"}],"wp:term":[{"taxonomy":"category","embeddable":true,"href":"https:\/\/contabilidadfamiliar.com\/index.php\/wp-json\/wp\/v2\/categories?post=2212"},{"taxonomy":"post_tag","embeddable":true,"href":"https:\/\/contabilidadfamiliar.com\/index.php\/wp-json\/wp\/v2\/tags?post=2212"}],"curies":[{"name":"wp","href":"https:\/\/api.w.org\/{rel}","templated":true}]}}