{"id":2210,"date":"2026-07-24T03:49:05","date_gmt":"2026-07-24T03:49:05","guid":{"rendered":"https:\/\/contabilidadfamiliar.com\/index.php\/2026\/07\/24\/ya-se-hicieron-en-su-momento-luis-caputo-bajo-las-expectativas-sobre-posibles-anuncios-para-el-campo-en-la-previa-del-discurso-de-javier-milei-en-la-rural\/"},"modified":"2026-07-24T03:49:05","modified_gmt":"2026-07-24T03:49:05","slug":"ya-se-hicieron-en-su-momento-luis-caputo-bajo-las-expectativas-sobre-posibles-anuncios-para-el-campo-en-la-previa-del-discurso-de-javier-milei-en-la-rural","status":"publish","type":"post","link":"https:\/\/contabilidadfamiliar.com\/index.php\/2026\/07\/24\/ya-se-hicieron-en-su-momento-luis-caputo-bajo-las-expectativas-sobre-posibles-anuncios-para-el-campo-en-la-previa-del-discurso-de-javier-milei-en-la-rural\/","title":{"rendered":"&#8220;Ya se hicieron en su momento&#8221;: Luis Caputo baj\u00f3 las expectativas sobre posibles anuncios para el campo en la previa del discurso de Javier Milei en la Rural"},"content":{"rendered":" \n                                        <p><div class=\"extracted-content\"><div id=\"readability-page-1\" class=\"page\"><div id=\"cuerpo\">El ministro de Econom\u00eda, <a href=\"https:\/\/www.clarin.com\/tema\/luis-caputo.html?adcmp=pwclarin-cpa-DSA-C1-30&amp;gad_source=1&amp;gad_campaignid=12801678220&amp;gbraid=0AAAAADN1DWjl7KgLxh4yzwfYKnGtUVagf&amp;gclid=Cj0KCQjw94bTBhDQARIsAN3vv0zPhgANmh6vSsgIzpdxr7Z19TJy1X-zRRCKT9kASat6B3yfH9KL8hgaAnJMEALw_wcB\" target=\"_blank\" title=\"Luis Caputo\" alt=\"Luis Caputo\">Luis Caputo<\/a>, visit\u00f3 este jueves la Exposici\u00f3n Rural de Palermo y baj\u00f3 las expectativas sobre posibles anuncios del presidente <a href=\"https:\/\/www.clarin.com\/tema\/javier-milei.html\" target=\"_blank\" title=\"Javier Milei \" alt=\"Javier Milei \">Javier Milei <\/a>durante la inauguraci\u00f3n oficial de la muestra, prevista para el pr\u00f3ximo domingo.Tras reunirse con el presidente de la Sociedad Rural Argentina (SRA), <strong>Nicol\u00e1s Pino<\/strong>, el funcionario descart\u00f3 que el mandatario vaya a presentar nuevas medidas para el sector agropecuario.&#8221;<strong>Los anuncios ya se hicieron en su momento<\/strong>, as\u00ed que no hay que esperar ning\u00fan anuncio en particular&#8221;, afirm\u00f3 Caputo al comienzo de la corta recorrida que realiz\u00f3 entre la entrada al predio por la calle Juncal hasta la oficina presidencial, a donde ingres\u00f3 con Pino.<div id=\"element-body-3\"><picture><source media=\"(min-width: 975px)\" width=\"720\" height=\"480\" srcset=\"https:\/\/www.clarin.com\/img\/2026\/07\/23\/hpD0zKrMP_720x0__1.jpg\"><span><\/span><\/picture><\/div>Posteriormente, camino hacia el stand que la Secretar\u00eda de Agricultura, Ganader\u00eda y Pesca tiene en la muestra, para despu\u00e9s finalizar su visita con un almuerzo en el restaurante Central del predio palermitano, Caputo volvi\u00f3 a ratificar que no habr\u00eda anuncios por parte del Gobierno para el domingo.<strong>&#8220;Los anuncios ya se hicieron hace dos meses y, en la medida que el super\u00e1vit econ\u00f3mico de m\u00e1s margen, podemos seguir bajando&#8221;<\/strong>, haciendo referencia a la rebaja de retenciones al trigo y la cebada y la puesta en marcha, a partir de 2027, de un esquema de reducci\u00f3n progresiva para la soja, ma\u00edz, girasol y sorgo.No obstante, en ese combo <strong>no fue incluida la carne<\/strong>, que &#8211; a excepci\u00f3n del producto proveniente de la categor\u00eda vaca -, en la actualidad tributa 5%. Es por eso que las especulaciones en los pasillos de la Rural se centran en un potencial anuncio en ese sentido.Luego, el ministro destac\u00f3 el rol que tiene el campo en la econom\u00eda del pa\u00eds. Primero, dijo que &#8220;en la medida que nosotros podamos seguir bajando retenciones, la reacci\u00f3n de los productores es inmediata&#8221;.<div id=\"element-body-8\"><picture><source media=\"(min-width: 975px)\" width=\"720\" height=\"480\" srcset=\"https:\/\/www.clarin.com\/img\/2026\/07\/23\/i06FGMoy0_720x0__1.jpg\"><span><\/span><\/picture><\/div>&#8220;Es lo m\u00e1s positivo que se est\u00e1 logrando. Nosotros <strong>estamos incentivando a todos estos sectores que son generadores de d\u00f3lares <\/strong>y es lo que tradicionalmente se hizo lo contrario durante estas d\u00e9cadas&#8221;, agreg\u00f3 el funcionario.En este sentido, puntualiz\u00f3: &#8220;el campo es uno de los motores principales de la econom\u00eda y, por suerte, ahora hay otros motores m\u00e1s, lo que va a permitir ser m\u00e1s flexible con el campo, que siempre ha sido demasiado exigido en las dos \u00faltimas d\u00e9cadas&#8221;.Para Caputo, el crecimiento del sector agropecuario y de otros &#8220;motores&#8221; permiten que en el pa\u00eds haya &#8220;d\u00f3lares para gente que quiere ahorrar, para las empresas, para los importadores&#8221;.&#8221;Incluso, <strong>hubo exceso de d\u00f3lares<\/strong>, por lo que el Banco Central tuvo que comprar US$ 100 millones en promedio por d\u00eda. Es un modelo econ\u00f3mico que genera m\u00e1s estabilidad y previsibilidad y eso favorece a todas las industrias&#8221;.<\/div><\/div><\/div><\/p>\n                                        \n                                        \n                                        <p>Fuente: <a href=\"https:\/\/www.clarin.com\/rural\/luis-caputo-expectativas-posibles-anuncios-campo-previa-discurso-javier-milei_0_zuDsmOVwwH.html\">Enlace original<\/a><\/p>\n                                        ","protected":false},"excerpt":{"rendered":"<p>El ministro de Econom\u00eda, Luis Caputo, visit\u00f3 este jueves la Exposici\u00f3n Rural de Palermo y baj\u00f3 las expectativas sobre posibles anuncios del presidente Javier Milei durante la inauguraci\u00f3n oficial de la muestra, prevista para el pr\u00f3ximo domingo.Tras reunirse con el presidente de la Sociedad Rural Argentina (SRA), Nicol\u00e1s Pino, el funcionario descart\u00f3 que el mandatario [&hellip;]<\/p>\n","protected":false},"author":1,"featured_media":2209,"comment_status":"open","ping_status":"","sticky":false,"template":"template-ancho-completo.php","format":"standard","meta":{"content-type":"","footnotes":"","jetpack_publicize_message":"","jetpack_publicize_feature_enabled":true,"jetpack_social_post_already_shared":true,"jetpack_social_options":{"image_generator_settings":{"template":"highway","default_image_id":0,"font":"","enabled":false},"version":2}},"categories":[125],"tags":[],"class_list":["post-2210","post","type-post","status-publish","format-standard","has-post-thumbnail","hentry","category-clarin"],"aioseo_notices":[],"jetpack_publicize_connections":[],"_links":{"self":[{"href":"https:\/\/contabilidadfamiliar.com\/index.php\/wp-json\/wp\/v2\/posts\/2210","targetHints":{"allow":["GET"]}}],"collection":[{"href":"https:\/\/contabilidadfamiliar.com\/index.php\/wp-json\/wp\/v2\/posts"}],"about":[{"href":"https:\/\/contabilidadfamiliar.com\/index.php\/wp-json\/wp\/v2\/types\/post"}],"author":[{"embeddable":true,"href":"https:\/\/contabilidadfamiliar.com\/index.php\/wp-json\/wp\/v2\/users\/1"}],"replies":[{"embeddable":true,"href":"https:\/\/contabilidadfamiliar.com\/index.php\/wp-json\/wp\/v2\/comments?post=2210"}],"version-history":[{"count":0,"href":"https:\/\/contabilidadfamiliar.com\/index.php\/wp-json\/wp\/v2\/posts\/2210\/revisions"}],"wp:featuredmedia":[{"embeddable":true,"href":"https:\/\/contabilidadfamiliar.com\/index.php\/wp-json\/wp\/v2\/media\/2209"}],"wp:attachment":[{"href":"https:\/\/contabilidadfamiliar.com\/index.php\/wp-json\/wp\/v2\/media?parent=2210"}],"wp:term":[{"taxonomy":"category","embeddable":true,"href":"https:\/\/contabilidadfamiliar.com\/index.php\/wp-json\/wp\/v2\/categories?post=2210"},{"taxonomy":"post_tag","embeddable":true,"href":"https:\/\/contabilidadfamiliar.com\/index.php\/wp-json\/wp\/v2\/tags?post=2210"}],"curies":[{"name":"wp","href":"https:\/\/api.w.org\/{rel}","templated":true}]}}