{"id":2208,"date":"2026-07-24T03:47:27","date_gmt":"2026-07-24T03:47:27","guid":{"rendered":"https:\/\/contabilidadfamiliar.com\/index.php\/2026\/07\/24\/el-consumo-masivo-suma-siete-meses-de-caida-en-junio-bajo-casi-3-pese-al-mundial\/"},"modified":"2026-07-24T03:47:27","modified_gmt":"2026-07-24T03:47:27","slug":"el-consumo-masivo-suma-siete-meses-de-caida-en-junio-bajo-casi-3-pese-al-mundial","status":"publish","type":"post","link":"https:\/\/contabilidadfamiliar.com\/index.php\/2026\/07\/24\/el-consumo-masivo-suma-siete-meses-de-caida-en-junio-bajo-casi-3-pese-al-mundial\/","title":{"rendered":"El consumo masivo suma siete meses de ca\u00edda: en junio baj\u00f3 casi 3%, pese al Mundial"},"content":{"rendered":" \n                                        <p><div class=\"extracted-content\"><div id=\"readability-page-1\" class=\"page\"><div id=\"cuerpo\"><strong>El consumo masivo no se recupera <\/strong>y los argentinos siguen restringiendo sus compras. Suma siete meses de ca\u00edda: pese al Mundial, <strong>en junio baj\u00f3 2,7% interanual y 2,4% mensual<\/strong>. Acumula as\u00ed un retroceso de<strong> 2,9%<\/strong> en el primer semestre, seg\u00fan revel\u00f3 un informe de la consultora <strong>Scentia<\/strong>, que mide su evoluci\u00f3n todos los meses. De acuerdo al relevamiento, <strong>la ca\u00edda de junio se profundiz\u00f3 frente a la de mayo<\/strong>, <a href=\"https:\/\/www.clarin.com\/economia\/consumo-masivo-volvio-bajar-mayo-desacelero-caida-puede-pasar-proximos-meses_0_CNB9L4RzPB.html\" target=\"_blank\" title=\"que fue de 1,6%\" alt=\"que fue de 1,6%\">que hab\u00eda sido de <\/a><strong><a href=\"https:\/\/www.clarin.com\/economia\/consumo-masivo-volvio-bajar-mayo-desacelero-caida-puede-pasar-proximos-meses_0_CNB9L4RzPB.html\" target=\"_blank\" title=\"que fue de 1,6%\" alt=\"que fue de 1,6%\">1,6%<\/a><\/strong> comparado al quinto mes de 2025. A diferencia de meses anteriores, esta vez, <strong>la mayor baja se exhibi\u00f3 en kioscos y almacenes de barrio<\/strong>, que ven\u00edan con una tendencia positiva, pero en junio tuvieron un descenso de <strong>4,6%<\/strong> interanual y de <strong>4,4% <\/strong>mensual.Tambi\u00e9n <strong>tuvieron un declive los mayoristas<\/strong>, con <strong>3,3% <\/strong>interanual y <strong>4,2%<\/strong> mensual. En tanto, <strong>las grandes cadenas de supermercados<\/strong>, que fueron las que protagonizaron las bajas recientes, <strong>aminoraron la ca\u00edda<\/strong> el mes pasado, con una retracci\u00f3n de <strong>2,6%<\/strong> frente al mismo de 2025 y una merma de <strong>0,9%<\/strong> respecto de mayo. En tanto, en <strong>autoservicios<\/strong>, el descenso fue de <strong>1,6%<\/strong> interanual y de <strong>1,9%<\/strong> mensual.En cambio, <strong>las ventas por<em> e-commerce <\/em>siguieron en alza<\/strong>,<strong> <\/strong>con <strong>41,4%<\/strong> interanual en junio y un leve avance de <strong>0,5% <\/strong>frente al mes previo, que fue fuerte por el Hot Sale y las promociones que continuaron las semanas posteriores a los principales d\u00edas del evento.Por su parte, <strong>las farmacias mantuvieron estables las ventas <\/strong>en junio respecto de junio de 2025, pero avanzaron <strong>3,6%<\/strong> en relaci\u00f3n a mayo.De esa manera, <strong>el efecto del Mundial incidi\u00f3 solo en unos rubros<\/strong>, <a href=\"https:\/\/www.clarin.com\/economia\/mundial-crecen-expectativas-repunte-llegara-reactivacion-segundo-semestre_0_rwialaesJL.html\" target=\"_blank\" title=\"que resultaron ganadores por el contexto,\" alt=\"que resultaron ganadores por el contexto,\">que resultaron ganadores por el contexto,<\/a> como la venta de camisetas, televisores, picadas y viajes en aplicaciones de movilidad.Para la asociaci\u00f3n <strong>Interact<\/strong>, que re\u00fane a m\u00e1s de 100 empresas del ecosistema digital, <strong>el comportamiento de consumo mut\u00f3 para acompa\u00f1ar el &#8216;ciclo emocional&#8217; del hincha<\/strong>. Seg\u00fan sus datos, en las horas previas al pitazo inicial,<strong> los pagos con QR se dispararon<\/strong> m\u00e1s de <strong>60%<\/strong>, con picos de hasta <strong>115% <\/strong>en aplicaciones de delivery. Luego, el pa\u00eds entraba en un &#8216;apag\u00f3n comercial&#8217;, donde los comercios f\u00edsicos tuvieron ca\u00eddas en sus transacciones hasta de <strong>80%<\/strong>.<div id=\"element-body-8\"><picture><source media=\"(min-width: 975px)\" width=\"720\" height=\"480\" srcset=\"https:\/\/www.clarin.com\/img\/2026\/04\/19\/sY7jlX4Mh_720x0__1.jpg\"><span><\/span><\/picture><\/div><p id=\"element-body-9\"><h2><strong>Solo se salv\u00f3 una categor\u00eda<\/strong> <\/h2>En cuanto al desempe\u00f1o por rubro, la ca\u00edda fue generalizada en junio, seg\u00fan Scentia. <strong>La \u00fanica categor\u00eda que se salv\u00f3 fue la de bebidas con y sin alcohol<\/strong>. El consumo de bebidas alcoh\u00f3licas subi\u00f3 <strong>9,4% <\/strong>interanual el mes pasado y el de bebidas sin alcohol avanz\u00f3 <strong>3,5%<\/strong>.En cambio, <strong>el mayor retroceso se dio en el segmento de alimentos de desayuno y merienda<\/strong>, con <strong>7,7%<\/strong> de ca\u00edda. Les siguieron <strong>limpieza de ropa y hogar<\/strong>, con una baja de <strong>6,2%<\/strong>, <strong>perecederos<\/strong> (<strong>5,7%<\/strong>); <strong>impulsivos<\/strong> (<strong>5,3%<\/strong>), <strong>higiene y cosm\u00e9tica<\/strong> (<strong>3,7%<\/strong>) y <strong>alimentaci\u00f3n <\/strong>(<strong>0,5%<\/strong>).<div id=\"element-body-12\"><picture><source media=\"(min-width: 975px)\" width=\"720\" height=\"480\" srcset=\"https:\/\/www.clarin.com\/img\/2026\/07\/23\/bO-pCwl8n_720x0__1.jpg\"><span><\/span><\/picture><\/div>En tanto, medidas en pesos, <strong>el total de las ventas que Scentia analiz\u00f3 en todos los canales subieron 23,1%<\/strong> interanual en valores nominales. <strong>El precio promedio avanz\u00f3 26,6<\/strong>% en el mismo per\u00edodo comparado a la inflaci\u00f3n interanual de <strong>33,5%<\/strong> en junio, con un acumulado de <strong>16,8%<\/strong> en lo que va de 2026, seg\u00fan inform\u00f3 el Indec.A su vez, se conoci\u00f3 este jueves el \u00edndice elaborado por la <strong>Universidad Torcuato Di Tella <\/strong>sobre <strong>confianza del consumidor<\/strong>, que no pudo sostener tres meses de suba consecutivas por la percepci\u00f3n de declive del poder de compra de los ingresos. As\u00ed, <strong>cay\u00f3 4,8% en julio<\/strong>.<em>NE<\/em><\/div><\/div><\/div><\/p>\n                                        \n                                        \n                                        <p>Fuente: <a href=\"https:\/\/www.clarin.com\/economia\/consumo-masivo-suma-meses-caida-junio-3_0_IZx0Sc3Hmv.html\">Enlace original<\/a><\/p>\n                                        ","protected":false},"excerpt":{"rendered":"<p>El consumo masivo no se recupera y los argentinos siguen restringiendo sus compras. Suma siete meses de ca\u00edda: pese al Mundial, en junio baj\u00f3 2,7% interanual y 2,4% mensual. Acumula as\u00ed un retroceso de 2,9% en el primer semestre, seg\u00fan revel\u00f3 un informe de la consultora Scentia, que mide su evoluci\u00f3n todos los meses. De [&hellip;]<\/p>\n","protected":false},"author":1,"featured_media":2207,"comment_status":"open","ping_status":"","sticky":false,"template":"template-ancho-completo.php","format":"standard","meta":{"content-type":"","footnotes":"","jetpack_publicize_message":"","jetpack_publicize_feature_enabled":true,"jetpack_social_post_already_shared":true,"jetpack_social_options":{"image_generator_settings":{"template":"highway","default_image_id":0,"font":"","enabled":false},"version":2}},"categories":[125],"tags":[],"class_list":["post-2208","post","type-post","status-publish","format-standard","has-post-thumbnail","hentry","category-clarin"],"aioseo_notices":[],"jetpack_publicize_connections":[],"_links":{"self":[{"href":"https:\/\/contabilidadfamiliar.com\/index.php\/wp-json\/wp\/v2\/posts\/2208","targetHints":{"allow":["GET"]}}],"collection":[{"href":"https:\/\/contabilidadfamiliar.com\/index.php\/wp-json\/wp\/v2\/posts"}],"about":[{"href":"https:\/\/contabilidadfamiliar.com\/index.php\/wp-json\/wp\/v2\/types\/post"}],"author":[{"embeddable":true,"href":"https:\/\/contabilidadfamiliar.com\/index.php\/wp-json\/wp\/v2\/users\/1"}],"replies":[{"embeddable":true,"href":"https:\/\/contabilidadfamiliar.com\/index.php\/wp-json\/wp\/v2\/comments?post=2208"}],"version-history":[{"count":0,"href":"https:\/\/contabilidadfamiliar.com\/index.php\/wp-json\/wp\/v2\/posts\/2208\/revisions"}],"wp:featuredmedia":[{"embeddable":true,"href":"https:\/\/contabilidadfamiliar.com\/index.php\/wp-json\/wp\/v2\/media\/2207"}],"wp:attachment":[{"href":"https:\/\/contabilidadfamiliar.com\/index.php\/wp-json\/wp\/v2\/media?parent=2208"}],"wp:term":[{"taxonomy":"category","embeddable":true,"href":"https:\/\/contabilidadfamiliar.com\/index.php\/wp-json\/wp\/v2\/categories?post=2208"},{"taxonomy":"post_tag","embeddable":true,"href":"https:\/\/contabilidadfamiliar.com\/index.php\/wp-json\/wp\/v2\/tags?post=2208"}],"curies":[{"name":"wp","href":"https:\/\/api.w.org\/{rel}","templated":true}]}}