{"id":2206,"date":"2026-07-24T03:45:17","date_gmt":"2026-07-24T03:45:17","guid":{"rendered":"https:\/\/contabilidadfamiliar.com\/index.php\/2026\/07\/24\/empresarios-apoyan-el-rumbo-economico-de-milei-pero-reclaman-politicas-a-largo-plazo\/"},"modified":"2026-07-24T03:45:17","modified_gmt":"2026-07-24T03:45:17","slug":"empresarios-apoyan-el-rumbo-economico-de-milei-pero-reclaman-politicas-a-largo-plazo","status":"publish","type":"post","link":"https:\/\/contabilidadfamiliar.com\/index.php\/2026\/07\/24\/empresarios-apoyan-el-rumbo-economico-de-milei-pero-reclaman-politicas-a-largo-plazo\/","title":{"rendered":"Empresarios apoyan el rumbo econ\u00f3mico de Milei pero reclaman &#8220;pol\u00edticas a largo plazo&#8221;"},"content":{"rendered":" \n                                        <p><div class=\"extracted-content\"><div id=\"readability-page-1\" class=\"page\"><div id=\"cuerpo\">Los empresarios agrupados en el <strong>Instituto para el Desarrollo Empresarial de la Argentina (IDEA)<\/strong> volvieron a mostrar su apoyo al rumbo econ\u00f3mico trazado por la gesti\u00f3n de Javier Milei y a las reformas impulsadas para sanear las cuentas p\u00fablicas, aunque van m\u00e1s all\u00e1 y entienden que la <a href=\"https:\/\/www.clarin.com\/economia\/disparada-petroleo-caida-tecnologicas-hunden-bolsas-mundiales-vuelve-subir-riesgo-pais-argentina_0_A5Q9r6pCNv.html\" target=\"_blank\" title=\"estabilizaci\u00f3n de la econom\u00eda \" alt=\"estabilizaci\u00f3n de la econom\u00eda \">estabilizaci\u00f3n de la econom\u00eda <\/a>debe funcionar como un punto de partida y no como el destino final.A poco m\u00e1s de dos meses para el arranque del tradicional Coloquio \u2013entre el 20 de septiembre y el 2 de octubre-, en Mar del Plata, as principales empresas del pa\u00eds buscan correr el eje de las discusiones cotidianas e <strong>instalar un debate estructural de fondo<\/strong>, con la mirada puesta en consolidar las condiciones normativas, tributarias e institucionales necesarias para sostener el crecimiento de la Argentina durante las pr\u00f3ximas dos d\u00e9cadas.Durante la presentaci\u00f3n del encuentro, que llevar\u00e1 el lema \u201cInvertir historia. 20 a\u00f1os: de promesa a potencia\u201d los directivos de la entidad destacaron el valor del ordenamiento fiscal y la independencia monetaria, pero advirtieron que las reformas marco por s\u00ed solas <a href=\"https:\/\/www.clarin.com\/economia\/asignaciones-hijo-crecen-trabajadores-informales-caen-fuerte-registrados_0_SCuMJThKUI.html\" target=\"_blank\" title=\"no generan puestos de trabajo \" alt=\"no generan puestos de trabajo \">no generan puestos de trabajo <\/a>ni aseguran desembolsos productivos si no est\u00e1n acompa\u00f1adas por previsibilidad macroecon\u00f3mica a largo plazo.En ese sentido, enfatizaron la importancia de terminar con las oscilaciones c\u00edclicas en materia de pol\u00edticas p\u00fablicas que afectaron el desarrollo del pa\u00eds en los \u00faltimos a\u00f1os. El presidente de IDEA y socio de PwC Argentina, Santiago Mignone, grafic\u00f3 la necesidad de previsibilidad y sostuvo que \u201chay que elegir un camino y seguirlo, <strong>no ir de una banquina a la otra<\/strong>\u201d. Adem\u00e1s, destac\u00f3 el contexto estrat\u00e9gico que afronta el mercado local: \u201cArgentina tiene una oportunidad hist\u00f3rica y para aprovecharla necesitamos mirar m\u00e1s all\u00e1 de la coyuntura. La experiencia internacional demuestra que los pa\u00edses que logran desarrollarse son aquellos que construyen instituciones s\u00f3lidas y acuerdos de largo plazo\u201d.A tono con esto, durante el 62\u00b0 Coloquio se realizar\u00e1 un an\u00e1lisis comparativo con otros mercados, con el foco puesto en ejemplos como Chile, Uruguay, Per\u00fa, Israel, Polonia, Irlanda y Australia. Estos casos se tomar\u00e1n a ra\u00edz de que los empresarios entienden que lograron contener la inflaci\u00f3n y modernizar sus estructuras productivas a trav\u00e9s del equilibrio de las cuentas p\u00fablicas, la seguridad jur\u00eddica y el consenso pol\u00edtico.Fabi\u00e1n Kon, presidente del 62\u00b0 Coloquio y CEO del Grupo Galicia, indic\u00f3 que \u201cla Argentina no logr\u00f3 la estabilidad cuando otros, muchos de ellos vecinos, lo consiguieron en diferentes contextos y con distintos signos pol\u00edticos\u201d.\u201cEl desaf\u00edo que tenemos es transformar esta oportunidad, a la que llamamos promesa, en la concreci\u00f3n de un gran pa\u00eds a trav\u00e9s de un desarrollo sostenido, con reglas claras, inversi\u00f3n, empleo y una Argentina integrada al mundo&#8221;, apunt\u00f3.Junto con la estabilizaci\u00f3n financiera, el programa del evento tocar\u00e1 la necesidad de que se de una baja de la presi\u00f3n impositiva, la reducci\u00f3n paulatina del empleo informal y el fortalecimiento del mercado de capitales local como instrumentos clave para financiar grandes proyectos de infraestructura.La agenda del encuentro, en tanto, se articular\u00e1 en torno a cuatro ejes tem\u00e1ticos fundamentales: la estabilidad institucional y econ\u00f3mica, <strong>las din\u00e1micas geopol\u00edticas globales, la competitividad de las cadenas de valor y el desarrollo humano<\/strong>. En este \u00faltimo apartado, las compa\u00f1\u00edas advierten que el crecimiento a largo plazo corre el riesgo de resentirse si no se aborda de forma simult\u00e1nea la calidad del sistema educativo y la reconversi\u00f3n de las capacidades laborales en respuesta al avance de la automatizaci\u00f3n y las nuevas tecnolog\u00edas.Respecto de las exigencias del mercado de trabajo en el contexto global acelerado, la directora ejecutiva de IDEA, Luciana Paoletti, subray\u00f3 la importancia de alinear la formaci\u00f3n t\u00e9cnica y acad\u00e9mica con las demandas del sector productivo. Paoletti se\u00f1al\u00f3 al respecto: &#8220;Pensar el desarrollo a 20 a\u00f1os requiere preguntarnos qu\u00e9 pa\u00eds queremos construir y con qu\u00e9 talento vamos a hacerlo posible. El mundo del trabajo se est\u00e1 transformando a una velocidad in\u00e9dita&#8221;, dijo.En cuanto a la presencia del presidente Javier Milei, el encuentro contar\u00e1 con la contra de que al mismo tiempo se llevar\u00e1 a cabo el Argentina Week, en Paris, por lo que se trabaja para que, si el mandatario no puede estar de forma presencial, al menos lo haga de modo virtual. Lo mismo podr\u00eda caber para el ministro de Econom\u00eda, Luis Caputo, y el canciller Pablo Quirno.<\/div><\/div><\/div><\/p>\n                                        \n                                        \n                                        <p>Fuente: <a href=\"https:\/\/www.clarin.com\/economia\/empresarios-apoyan-rumbo-economico-milei-reclaman-politicas-largo-plazo_0_HOfJquG6M5.html\">Enlace original<\/a><\/p>\n                                        ","protected":false},"excerpt":{"rendered":"<p>Los empresarios agrupados en el Instituto para el Desarrollo Empresarial de la Argentina (IDEA) volvieron a mostrar su apoyo al rumbo econ\u00f3mico trazado por la gesti\u00f3n de Javier Milei y a las reformas impulsadas para sanear las cuentas p\u00fablicas, aunque van m\u00e1s all\u00e1 y entienden que la estabilizaci\u00f3n de la econom\u00eda debe funcionar como un [&hellip;]<\/p>\n","protected":false},"author":1,"featured_media":2205,"comment_status":"open","ping_status":"","sticky":false,"template":"template-ancho-completo.php","format":"standard","meta":{"content-type":"","footnotes":"","jetpack_publicize_message":"","jetpack_publicize_feature_enabled":true,"jetpack_social_post_already_shared":true,"jetpack_social_options":{"image_generator_settings":{"template":"highway","default_image_id":0,"font":"","enabled":false},"version":2}},"categories":[125],"tags":[],"class_list":["post-2206","post","type-post","status-publish","format-standard","has-post-thumbnail","hentry","category-clarin"],"aioseo_notices":[],"jetpack_publicize_connections":[],"_links":{"self":[{"href":"https:\/\/contabilidadfamiliar.com\/index.php\/wp-json\/wp\/v2\/posts\/2206","targetHints":{"allow":["GET"]}}],"collection":[{"href":"https:\/\/contabilidadfamiliar.com\/index.php\/wp-json\/wp\/v2\/posts"}],"about":[{"href":"https:\/\/contabilidadfamiliar.com\/index.php\/wp-json\/wp\/v2\/types\/post"}],"author":[{"embeddable":true,"href":"https:\/\/contabilidadfamiliar.com\/index.php\/wp-json\/wp\/v2\/users\/1"}],"replies":[{"embeddable":true,"href":"https:\/\/contabilidadfamiliar.com\/index.php\/wp-json\/wp\/v2\/comments?post=2206"}],"version-history":[{"count":0,"href":"https:\/\/contabilidadfamiliar.com\/index.php\/wp-json\/wp\/v2\/posts\/2206\/revisions"}],"wp:featuredmedia":[{"embeddable":true,"href":"https:\/\/contabilidadfamiliar.com\/index.php\/wp-json\/wp\/v2\/media\/2205"}],"wp:attachment":[{"href":"https:\/\/contabilidadfamiliar.com\/index.php\/wp-json\/wp\/v2\/media?parent=2206"}],"wp:term":[{"taxonomy":"category","embeddable":true,"href":"https:\/\/contabilidadfamiliar.com\/index.php\/wp-json\/wp\/v2\/categories?post=2206"},{"taxonomy":"post_tag","embeddable":true,"href":"https:\/\/contabilidadfamiliar.com\/index.php\/wp-json\/wp\/v2\/tags?post=2206"}],"curies":[{"name":"wp","href":"https:\/\/api.w.org\/{rel}","templated":true}]}}