{"id":2202,"date":"2026-07-24T03:41:49","date_gmt":"2026-07-24T03:41:49","guid":{"rendered":"https:\/\/contabilidadfamiliar.com\/index.php\/2026\/07\/24\/el-ceo-de-carrefour-dijo-que-ya-paso-lo-peor-tras-la-marcha-atras-de-la-venta-de-la-filial-argentina\/"},"modified":"2026-07-24T03:41:49","modified_gmt":"2026-07-24T03:41:49","slug":"el-ceo-de-carrefour-dijo-que-ya-paso-lo-peor-tras-la-marcha-atras-de-la-venta-de-la-filial-argentina","status":"publish","type":"post","link":"https:\/\/contabilidadfamiliar.com\/index.php\/2026\/07\/24\/el-ceo-de-carrefour-dijo-que-ya-paso-lo-peor-tras-la-marcha-atras-de-la-venta-de-la-filial-argentina\/","title":{"rendered":"El CEO de Carrefour dijo que &#8220;ya pas\u00f3 lo peor&#8221;, tras la marcha atr\u00e1s de la venta de la filial argentina"},"content":{"rendered":" \n                                        <p><div class=\"extracted-content\"><div id=\"readability-page-1\" class=\"page\"><div id=\"cuerpo\"><strong>Carrefour present\u00f3 sus resultados financieros<\/strong> de la primera mitad de a\u00f1o y en una llamada con inversores <strong>se refiri\u00f3 a la situaci\u00f3n argentina<\/strong>, luego de que en febrero la cadena francesa <a href=\"https:\/\/www.clarin.com\/economia\/venta-carrefour-argentina-quedo-suspenso-ofertas-convencieron-dijo-ceo-mundial_0_LrdeP3LbVL.html\" target=\"_blank\" title=\"abandon\u00f3 el proceso de venta de la filial local,\" alt=\"abandon\u00f3 el proceso de venta de la filial local,\">abandon\u00f3 el proceso de venta de la filial local,<\/a> que tuvo al empresario <strong>Francisco De Narv\u00e1ez<\/strong>, due\u00f1o de <strong>Changomas<\/strong>, como principal interesado. <strong>Sus ingresos operativos recurrentes aumentaron 4%<\/strong> <strong>y<\/strong> <strong>18,3% sus ganancias<\/strong> <strong>por acci\u00f3n ajustadas<\/strong> en el primer semestre. Apunt\u00f3 que se debi\u00f3 al buen desempe\u00f1o en Francia, Espa\u00f1a y Brasil, y el progreso del plan &#8216;Carrefour 2030&#8217;.Sobre el mercado argentino, la empresa reconoci\u00f3 que<strong> sigui\u00f3 enfrent\u00e1ndose a un contexto de consumo complejo <\/strong>\u201cpor tensiones macroecon\u00f3micas, altas tasas de inter\u00e9s y un bajo poder adquisitivo\u201d. No obstante, <strong>prev\u00e9 una mejora para el segundo semestre<\/strong>.\u201c<strong>El primer semestre fue dif\u00edcil<\/strong>. El entorno de consumo fue desafiante, afect\u00f3 nuestro desempe\u00f1o y actividades bancarias. Tuvimos vol\u00famenes negativos. Pero creemos que <strong>lo peor ya qued\u00f3 atr\u00e1s<\/strong>. Estamos convencidos y la nueva pol\u00edtica comercial est\u00e1 dando buenos resultados\u201d, resalt\u00f3 <strong>Alexandre Bompard<\/strong>, CEO del grupo Carrefour, y anticip\u00f3 que esperan mejores resultados a medida que disminuye la presi\u00f3n del costo del riesgo. <div id=\"element-body-4\"><picture><source media=\"(min-width: 975px)\" width=\"720\" height=\"480\" srcset=\"https:\/\/www.clarin.com\/img\/2024\/11\/29\/PSRXiKDjZ_720x0__1.jpg\"><span><\/span><\/picture><\/div>\u201c<strong>El nuevo gerente general que nombr\u00e9 reorganiz\u00f3 el modelo comercial<\/strong> con resultados alentadores\u201d, destac\u00f3 Bompard sobre <strong>No\u00ebl Prioux<\/strong>, que <a href=\"https:\/\/www.clarin.com\/economia\/carrefour-cambia-ceo-local-luego-confirmar-queda-argentina_0_hDBd7c10Tx.html\" target=\"_blank\" title=\"asumi\u00f3 como CEO de Carrrefour Argentina el 6 de abril\" alt=\"asumi\u00f3 como CEO de Carrrefour Argentina el 6 de abril\">asumi\u00f3 como CEO local el 6 de abril<\/a> y sucedi\u00f3 a <strong>David Collas<\/strong>.<strong>El reemplazo se dio luego de la visita rel\u00e1mpago a la Argentina de Bompard<\/strong> en marzo, en la que recorri\u00f3 sucursales y analiz\u00f3 la operaci\u00f3n, despu\u00e9s de estar en Espa\u00f1a y Brasil. Al t\u00e9rmino, en su p\u00e1gina de Linkedin, public\u00f3 un posteo en el que exclam\u00f3 \u201c<strong>Vamos Carrefour Argentina<\/strong>\u201d, junto con un video sobre las actividades que realiz\u00f3. All\u00ed, ratific\u00f3 inversiones para el pa\u00eds y asegur\u00f3 que la cadena ostenta \u201cuna posici\u00f3n de liderazgo en el mercado\u201d. \u201cEn la Argentina, <strong>las condiciones del mercado fueron desafiantes<\/strong>, con una fuerte presi\u00f3n sobre el poder de compra de los consumidores. En ese contexto, las iniciativas implementadas por el nuevo equipo de gesti\u00f3n impulsaron una din\u00e1mica positiva, con un crecimiento de las ventas comparables de <strong>23,5%<\/strong> y una mejora gradual de <strong>los vol\u00famenes, que volvieron a terreno positivo en junio, por primera vez desde diciembre de 2023<\/strong>\u201d, detall\u00f3 <strong>Matthieu Malige<\/strong>, director financiero. <div id=\"element-body-8\"><picture><source media=\"(min-width: 975px)\" width=\"720\" height=\"480\" srcset=\"https:\/\/www.clarin.com\/img\/2025\/09\/23\/3_SIKihaK_720x0__1.jpg\"><span><\/span><\/picture><\/div>A su vez, <strong>calific\u00f3 al<\/strong> <strong>comienzo de julio como <\/strong>\u201c<strong>muy satisfactorio<\/strong>\u201d. \u201cSe basa en un nuevo enfoque comercial que lleg\u00f3 para quedarse y amplificarse. <strong>Tenemos confianza en la din\u00e1mica del volumen minorista en el segundo semestre<\/strong>. Eso impact\u00f3 negativamente en la rentabilidad en el segundo semestre, por lo que tenemos m\u00e1s confianza en el segundo, reconoci\u00f3 Malige.Y agreg\u00f3: \u201c<strong>Tuvimos un debilitamiento de la cartera debido al entorno de consumo<\/strong> e implementamos las provisiones necesarias. A\u00fan as\u00ed, no observamos un mayor deterioro. Si bien se realizar\u00e1 un seguimiento, ya asumimos el impacto y no prevemos cambios significativos\u201d. En noviembre, <strong>De Narv\u00e1ez present\u00f3 una oferta por alrededor de US$ 1.000 millones<\/strong> <a href=\"https:\/\/www.clarin.com\/economia\/francisco-narvaez-presento-oferta-us-1000-millones-carrefour-podria-cerrarse-venta-pasara-cadena_0_x5L42JAjkN.html\" target=\"_blank\" title=\"para quedarse con la marca y conservarla en el pa\u00eds.\" alt=\"para quedarse con la marca y conservarla en el pa\u00eds.\">para quedarse con la marca y conservarla en el pa\u00eds.<\/a> Lo hizo junto con <strong>L. Catterton<\/strong>, fondo de inversi\u00f3n privado m\u00e1s grande del mundo, del que ya es socio en la Argentina en <strong>Rapsodia<\/strong>, <strong>Caro Cuore<\/strong> y <strong>Baby Cottons<\/strong>.<div id=\"element-body-12\"><picture><source media=\"(min-width: 975px)\" width=\"720\" height=\"480\" srcset=\"https:\/\/www.clarin.com\/img\/2025\/09\/04\/tKrCp2qu6_720x0__1.jpg\"><span><\/span><\/picture><\/div><strong>La venta de los s\u00faper apuntaba a firmarse antes de fin de 2025<\/strong>, con el cierre formal a inicios de 2026. En tanto, la transferencia del banco pod\u00eda demorar por la autorizaci\u00f3n del Banco Central, al tratarse de dos contratos por separado. <strong>Pero las semanas avanzaron y no hubo novedades<\/strong>.<div id=\"element-body-14\">La puja por <strong>el precio no era solo por las tiendas, sino tambi\u00e9n por los inmuebles que ocupa la cadena<\/strong>, sumado a que los franceses <a href=\"https:\/\/www.clarin.com\/economia\/demoran-ventas-carrefour-burger-king-empresas-argentina_0_p4yT9u7HAN.html\" target=\"_blank\" title=\"no est\u00e1n dispuestos a salir del negocio en cualquier condici\u00f3n.\" alt=\"no est\u00e1n dispuestos a salir del negocio en cualquier condici\u00f3n.\">no est\u00e1n dispuestos a salir del negocio en cualquier condici\u00f3n.<\/a><\/div>\u201cLa revisi\u00f3n ya ha concluido. Tenemos dos tipos de mercados: los &#8216;core&#8217; (los estrat\u00e9gicos) y otros tres pa\u00edses, que son Argentina, B\u00e9lgica y Polonia. En esos tres pa\u00edses, <strong>las ofertas que recibimos no reflejan el potencial de creaci\u00f3n de valor que tienen<\/strong>. Por lo tanto, la prioridad en ellos es mejorar la actividad operativa\u201d, explic\u00f3 en febrero Bompard.<\/div><\/div><\/div><\/p>\n                                        \n                                        \n                                        <p>Fuente: <a href=\"https:\/\/www.clarin.com\/economia\/ceo-carrefour-dijo-paso-peor-marcha-venta-filial-argentina_0_sXR1LRIA6C.html\">Enlace original<\/a><\/p>\n                                        ","protected":false},"excerpt":{"rendered":"<p>Carrefour present\u00f3 sus resultados financieros de la primera mitad de a\u00f1o y en una llamada con inversores se refiri\u00f3 a la situaci\u00f3n argentina, luego de que en febrero la cadena francesa abandon\u00f3 el proceso de venta de la filial local, que tuvo al empresario Francisco De Narv\u00e1ez, due\u00f1o de Changomas, como principal interesado. Sus ingresos [&hellip;]<\/p>\n","protected":false},"author":1,"featured_media":2201,"comment_status":"open","ping_status":"","sticky":false,"template":"template-ancho-completo.php","format":"standard","meta":{"content-type":"","footnotes":"","jetpack_publicize_message":"","jetpack_publicize_feature_enabled":true,"jetpack_social_post_already_shared":true,"jetpack_social_options":{"image_generator_settings":{"template":"highway","default_image_id":0,"font":"","enabled":false},"version":2}},"categories":[125],"tags":[],"class_list":["post-2202","post","type-post","status-publish","format-standard","has-post-thumbnail","hentry","category-clarin"],"aioseo_notices":[],"jetpack_publicize_connections":[],"_links":{"self":[{"href":"https:\/\/contabilidadfamiliar.com\/index.php\/wp-json\/wp\/v2\/posts\/2202","targetHints":{"allow":["GET"]}}],"collection":[{"href":"https:\/\/contabilidadfamiliar.com\/index.php\/wp-json\/wp\/v2\/posts"}],"about":[{"href":"https:\/\/contabilidadfamiliar.com\/index.php\/wp-json\/wp\/v2\/types\/post"}],"author":[{"embeddable":true,"href":"https:\/\/contabilidadfamiliar.com\/index.php\/wp-json\/wp\/v2\/users\/1"}],"replies":[{"embeddable":true,"href":"https:\/\/contabilidadfamiliar.com\/index.php\/wp-json\/wp\/v2\/comments?post=2202"}],"version-history":[{"count":0,"href":"https:\/\/contabilidadfamiliar.com\/index.php\/wp-json\/wp\/v2\/posts\/2202\/revisions"}],"wp:featuredmedia":[{"embeddable":true,"href":"https:\/\/contabilidadfamiliar.com\/index.php\/wp-json\/wp\/v2\/media\/2201"}],"wp:attachment":[{"href":"https:\/\/contabilidadfamiliar.com\/index.php\/wp-json\/wp\/v2\/media?parent=2202"}],"wp:term":[{"taxonomy":"category","embeddable":true,"href":"https:\/\/contabilidadfamiliar.com\/index.php\/wp-json\/wp\/v2\/categories?post=2202"},{"taxonomy":"post_tag","embeddable":true,"href":"https:\/\/contabilidadfamiliar.com\/index.php\/wp-json\/wp\/v2\/tags?post=2202"}],"curies":[{"name":"wp","href":"https:\/\/api.w.org\/{rel}","templated":true}]}}